{"id":124029,"date":"2020-07-01T09:16:09","date_gmt":"2020-07-01T12:16:09","guid":{"rendered":"https:\/\/senoticias.com.br\/se\/?p=124029"},"modified":"2020-07-01T20:48:49","modified_gmt":"2020-07-01T23:48:49","slug":"covid-19-ato-com-banho-de-sangue-na-pma-pede-lockdown-na-capital","status":"publish","type":"post","link":"https:\/\/senoticias.com.br\/se\/covid-19-ato-com-banho-de-sangue-na-pma-pede-lockdown-na-capital\/","title":{"rendered":"Covid-19: ato com \u2018banho de sangue\u2019 na PMA pede lockdown na capital"},"content":{"rendered":"<p style=\"text-align: justify;\">A frente da Prefeitura Municipal de Aracaju (PMA) foi palco de mais um protesto na manh\u00e3 desta ter\u00e7a-feira, 30. Integrantes da Central \u00danica dos Trabalhadores (CUT) e demais entidades sindicais realizaram um ato de protesto intitulado \u2018banho de sangue\u2019, em alus\u00e3o \u00e0s mortes decorrentes do novo coronav\u00edrus (Covid-19). A manifesta\u00e7\u00e3o tamb\u00e9m criticou o fim do isolamento social e pediu a implementa\u00e7\u00e3o do \u2018lockdown\u2019.<\/p>\n<div id=\"attachment_124030\" style=\"width: 560px\" class=\"wp-caption aligncenter\"><a href=\"https:\/\/senoticias.com.br\/se\/wp-content\/uploads\/2020\/07\/banho-de-sangue-ato-foto-ascom-cut-30062020.jpeg\"><img loading=\"lazy\" decoding=\"async\" aria-describedby=\"caption-attachment-124030\" class=\"size-full wp-image-124030\" src=\"https:\/\/senoticias.com.br\/se\/wp-content\/uploads\/2020\/07\/banho-de-sangue-ato-foto-ascom-cut-30062020.jpeg\" alt=\"\" width=\"550\" height=\"330\" srcset=\"https:\/\/senoticias.com.br\/se\/wp-content\/uploads\/2020\/07\/banho-de-sangue-ato-foto-ascom-cut-30062020.jpeg 550w, https:\/\/senoticias.com.br\/se\/wp-content\/uploads\/2020\/07\/banho-de-sangue-ato-foto-ascom-cut-30062020-300x180.jpeg 300w\" sizes=\"(max-width: 550px) 100vw, 550px\" \/><\/a><p id=\"caption-attachment-124030\" class=\"wp-caption-text\">A manifesta\u00e7\u00e3o tamb\u00e9m criticou o fim do isolamento social e pediu a implementa\u00e7\u00e3o do \u2018lockdown (Foto: CUT\/SE)<\/p><\/div>\n<p style=\"text-align: justify;\">Segundo Cl\u00e1udia Oliveira, secret\u00e1ria da Mulher Trabalhadora da CUT\/SE, o crescimento da contamina\u00e7\u00e3o pela Covid-19 \u00e9 a motiva\u00e7\u00e3o para sair de casa e lutar pelo lockdown em Sergipe. \u201cA gente j\u00e1 v\u00ea pessoas da nossa fam\u00edlia contaminadas pela Covid-19 implorando que a gente n\u00e3o saia, mas a gente precisa sim sair e alertar ao prefeito de Aracaju para que tenha mais cuidado e fa\u00e7a o lockdown. \u00c9 importante que tudo feche e as ruas sejam trancadas. Todo esfor\u00e7o vale \u00e0 pena para reduzir a contamina\u00e7\u00e3o e o n\u00famero de mortes\u201d, alertou.<\/p>\n<p style=\"text-align: justify;\">O presidente da CUT, Roberto Silva, disse que o ato ocorreu em meio a entrega de novos \u00f4nibus para circularam na capital. O que para ele \u00e9 algo inconcess\u00edvel neste momento. \u2018E de que adianta fazer inaugura\u00e7\u00e3o, se v\u00e1rios transportes est\u00e3o sendo retirados de circula\u00e7\u00e3o e a popula\u00e7\u00e3o em plena pandemia tem que seguir espremida dentro dos carros para trabalhar?\u201d, indaga o sindicalista.<\/p>\n<p style=\"text-align: justify;\">Em Sergipe, este \u00e9 o terceiro ato que simboliza o \u2018banho de sangue\u2019 e que tem o objetivo de alertar o prefeito de Aracaju e o governador de Sergipe para a necessidade do lockdown e de proteger a popula\u00e7\u00e3o contra a Covid-19. No dia 22 de junho, o \u2018banho de sangue\u2019 aconteceu na porta do Pal\u00e1cio do Governo e nesta \u00faltima segunda-feira, 29, teve \u2018banho de sangue\u2019 no Centro de Aracaju.\u201cVamos continuar denunciando a gan\u00e2ncia do lucro acima da vida. Belivaldo e Edivaldo ser\u00e3o responsabilizados sim, porque abrir e flexibilizar o com\u00e9rcio como eles est\u00e3o fazendo \u00e9 algo que coloca em risco a vida de todos n\u00f3s\u201d, criticou Roberto Silva, presidente da CUT\/SE.<\/p>\n<p style=\"text-align: justify;\"><strong>PMA<\/strong><\/p>\n<p style=\"text-align: justify;\">A Prefeitura Municipal de Aracaju (PMA) informou que o ato acabou causando um incidente com supervisora da Guarda Municipal, que escorregou no material jogando no ch\u00e3o, caiu e fraturou o p\u00e9. \u201cA situa\u00e7\u00e3o causou um dano s\u00e9rio, que a levar\u00e1 a ficar afastada do trabalho, tendo custos, e poderia, inclusive, ter resultado em um quadro ainda mais grave de sa\u00fade\u201d, lamentou o Fernando Mendon\u00e7a, subinspetor da Guarda Municipal de Aracaju.<\/p>\n<p style=\"text-align: justify;\">Ainda segundo ele, os manifestantes foram embora no mesmo instante em que ela se machucou. \u201cEla tem o direito de ter o dano reparado, j\u00e1 que a situa\u00e7\u00e3o foi causada de forma proposital, numa rampa para deficientes, onde qualquer outra pessoa poderia ter se machucado\u201d, destacou Mendon\u00e7a.<\/p>\n<p style=\"text-align: justify;\">De acordo com a PMA, o presidente do Sindicato dos Guardas Municipais de Aracaju (Sigma), \u00c9der Santos Rodrigues, afirma que foi comunicado do incidente e que est\u00e1 apurando para poder tomar as provid\u00eancias cab\u00edveis. \u201cUma colega nossa ficou lesionada durante esse ato e est\u00e1 hospitalizada. A primeira provid\u00eancia que tomaremos \u00e9 a de entrar em contato com ela e com os guardas que estavam de servi\u00e7o para saber o que de fato aconteceu\u201d, diz \u00c9der.<\/p>\n<p style=\"text-align: justify;\">Por Jo\u00e3o Paulo Schneider e Verlane Est\u00e1cio com informa\u00e7\u00f5es da CUT e da PMA<\/p>\n<p><a href=\"https:\/\/senoticias.com.br\/se\/wp-content\/uploads\/2020\/06\/Logo-SE-Noticias.jpg\"><img loading=\"lazy\" decoding=\"async\" class=\"alignnone size-full wp-image-123874\" src=\"https:\/\/senoticias.com.br\/se\/wp-content\/uploads\/2020\/06\/Logo-SE-Noticias.jpg\" alt=\"\" width=\"599\" height=\"78\" srcset=\"https:\/\/senoticias.com.br\/se\/wp-content\/uploads\/2020\/06\/Logo-SE-Noticias.jpg 599w, https:\/\/senoticias.com.br\/se\/wp-content\/uploads\/2020\/06\/Logo-SE-Noticias-300x39.jpg 300w\" sizes=\"(max-width: 599px) 100vw, 599px\" \/><\/a><\/p>\n<p><strong><em>Acompanhe tamb\u00e9m o SE Not\u00edcias no\u00a0<a href=\"https:\/\/twitter.com\/Senoticias\" target=\"_blank\" rel=\"noopener\">Twitter<\/a>,\u00a0<a href=\"https:\/\/www.facebook.com\/senoticias1\" target=\"_blank\" rel=\"noopener\">Facebook<\/a>\u00a0e no\u00a0<a href=\"https:\/\/www.instagram.com\/senoticias\/\" target=\"_blank\" rel=\"noopener\">Instagram<\/a><\/em><\/strong><\/p>\n","protected":false},"excerpt":{"rendered":"<p>A frente da Prefeitura Municipal de Aracaju (PMA) foi palco de mais um protesto na manh\u00e3 desta ter\u00e7a-feira, 30. Integrantes da Central \u00danica dos Trabalhadores (CUT) e demais entidades sindicais realizaram um ato de protesto intitulado \u2018banho de sangue\u2019, em alus\u00e3o \u00e0s mortes decorrentes do novo coronav\u00edrus (Covid-19). A manifesta\u00e7\u00e3o tamb\u00e9m criticou o fim do [&hellip;]<\/p>\n","protected":false},"author":6557,"featured_media":0,"comment_status":"closed","ping_status":"closed","sticky":false,"template":"","format":"standard","meta":{"footnotes":""},"categories":[15,6],"tags":[12081,14919,7178,14270,14688,7061],"class_list":{"0":"post-124029","1":"post","2":"type-post","3":"status-publish","4":"format-standard","6":"category-destaques","7":"category-politica","8":"tag-ato","9":"tag-banho-de-sangue","10":"tag-capital","11":"tag-covid-19","12":"tag-lockdown","13":"tag-pma"},"_links":{"self":[{"href":"https:\/\/senoticias.com.br\/se\/wp-json\/wp\/v2\/posts\/124029"}],"collection":[{"href":"https:\/\/senoticias.com.br\/se\/wp-json\/wp\/v2\/posts"}],"about":[{"href":"https:\/\/senoticias.com.br\/se\/wp-json\/wp\/v2\/types\/post"}],"author":[{"embeddable":true,"href":"https:\/\/senoticias.com.br\/se\/wp-json\/wp\/v2\/users\/6557"}],"replies":[{"embeddable":true,"href":"https:\/\/senoticias.com.br\/se\/wp-json\/wp\/v2\/comments?post=124029"}],"version-history":[{"count":0,"href":"https:\/\/senoticias.com.br\/se\/wp-json\/wp\/v2\/posts\/124029\/revisions"}],"wp:attachment":[{"href":"https:\/\/senoticias.com.br\/se\/wp-json\/wp\/v2\/media?parent=124029"}],"wp:term":[{"taxonomy":"category","embeddable":true,"href":"https:\/\/senoticias.com.br\/se\/wp-json\/wp\/v2\/categories?post=124029"},{"taxonomy":"post_tag","embeddable":true,"href":"https:\/\/senoticias.com.br\/se\/wp-json\/wp\/v2\/tags?post=124029"}],"curies":[{"name":"wp","href":"https:\/\/api.w.org\/{rel}","templated":true}]}}