{"id":124027,"date":"2020-07-01T06:16:09","date_gmt":"2020-07-01T09:16:09","guid":{"rendered":"https:\/\/senoticias.com.br\/se\/?p=124027"},"modified":"2020-07-01T06:16:09","modified_gmt":"2020-07-01T09:16:09","slug":"governador-adia-abertura-de-templos-religiosos-e-autoriza-saloes-de-beleza-com-restricoes-na-grande-aracaju","status":"publish","type":"post","link":"https:\/\/senoticias.com.br\/se\/governador-adia-abertura-de-templos-religiosos-e-autoriza-saloes-de-beleza-com-restricoes-na-grande-aracaju\/","title":{"rendered":"Governador adia abertura de templos religiosos e autoriza sal\u00f5es de beleza com restri\u00e7\u00f5es na Grande Aracaju"},"content":{"rendered":"<p style=\"text-align: justify;\">Ontem (30\/6), o governador Belivaldo Chagas anunciou, em coletiva de imprensa, no Pal\u00e1cio dos Despachos, a continuidade da proibi\u00e7\u00e3o de funcionamento de templos e atividades religiosas, nos quatros munic\u00edpios da Grande Aracaju, por meio do Decreto N\u00ba 40.623, que ser\u00e1 publicado nesta quarta-feira(1\u00ba), no Di\u00e1rio Oficial do Estado. \u00a0A decis\u00e3o foi tomada, ap\u00f3s avalia\u00e7\u00e3o dos n\u00fameros relativos ao novo coronav\u00edrus nestas cidades, com o Comit\u00ea Gestor de Retomada Econ\u00f4mica (COGERE) e o Comit\u00ea Gestor de Emerg\u00eancia (CGE). Ainda na decis\u00e3o, limitados a 50 %, a abertura de sal\u00f5es de beleza, barbearias e de higiene, na Barra dos Coqueiros, Aracaju, Nossa Senhora do Socorro e S\u00e3o Crist\u00f3v\u00e3o.<\/p>\n<div id=\"attachment_124028\" style=\"width: 609px\" class=\"wp-caption alignnone\"><a href=\"https:\/\/senoticias.com.br\/se\/wp-content\/uploads\/2020\/07\/Belivaldo-Chagas-SE-Noticias-e1593594773823.jpeg\"><img loading=\"lazy\" decoding=\"async\" aria-describedby=\"caption-attachment-124028\" class=\"size-full wp-image-124028\" src=\"https:\/\/senoticias.com.br\/se\/wp-content\/uploads\/2020\/07\/Belivaldo-Chagas-SE-Noticias-e1593594773823.jpeg\" alt=\"\" width=\"599\" height=\"399\" \/><\/a><p id=\"caption-attachment-124028\" class=\"wp-caption-text\">Sal\u00f5es e barbearias est\u00e3o limitados a 50 % da capacidade , com funcionamento apenas \u00e0s ter\u00e7as-feiras, quintas-feiras e s\u00e1bados (foto: M\u00e1rio Souza\/ASN)<\/p><\/div>\n<p style=\"text-align: justify;\">\u00a0\u201cEsses munic\u00edpios juntos representam 42% da popula\u00e7\u00e3o de Sergipe, que tem 71% dos casos confirmados e 60% dos \u00f3bitos. Eu n\u00e3o tenho como flexibilizar a quest\u00e3o relacionada aos templos religiosos, mas em rela\u00e7\u00e3o aos sal\u00f5es de beleza e barbearias nessas localidades, teremos sim a retomada das atividades, em apenas 3 dias da semana: ter\u00e7a, quinta e s\u00e1bado\u201d, disse o governador Belivaldo Chagas.<\/p>\n<p style=\"text-align: justify;\">O Decreto homologa a Resolu\u00e7\u00e3o n.\u00ba 02\/2020, do Comit\u00ea Gestor de Retomada Econ\u00f4mica (COGERE). Com isso, as atividades religiosas, como templos e igrejas de qualquer credo ou rito para os munic\u00edpios de Aracaju, Barra dos Coqueiros, Nossa Senhora do Socorro e S\u00e3o Crist\u00f3v\u00e3o, ficam alteradas para a fase Amarela do Plano de Retomada da Economia, em raz\u00e3o dos crit\u00e9rios de cont\u00e1gio e risco de aglomera\u00e7\u00e3o.<\/p>\n<p style=\"text-align: justify;\">\u201cFicou decidido que nesses 4 munic\u00edpios, n\u00e3o vamos permitir a reabertura em hip\u00f3tese alguma. Enquanto a gente tiver esse n\u00famero alto de casos nesses 4 munic\u00edpios e, lamentavelmente, o n\u00famero baix\u00edssimo de isolamento social, a gente vai colocar esses munic\u00edpios para a segunda fase, que \u00e9 a fase da bandeira Amarela\u201d, pontuou Belivaldo.<\/p>\n<p style=\"text-align: justify;\">Pelo documento, a\u00a0partir do dia 02 de julho, fica autorizada as atividades de sal\u00f5es de beleza, barbearias e higiene pessoal para os munic\u00edpios de Aracaju, Barra dos Coqueiros, Nossa Senhora do Socorro e S\u00e3o Crist\u00f3v\u00e3o, condicionado o funcionamento \u00e0s ter\u00e7as-feiras, quintas-feiras e s\u00e1bados, mediante os protocolos sanit\u00e1rios individualizados por segmento econ\u00f4mico, constantes da Portaria n.\u00ba 86\/2020, de 26 de junho de 2020, da SES \u2013 Secretaria de Estado da Sa\u00fade.<\/p>\n<p style=\"text-align: justify;\">Atualmente, o Plano de Retomada Econ\u00f4mica encontra-se na fase Laranja, para todo o estado, no qual est\u00e1 autorizada a abertura de cl\u00ednicas e consult\u00f3rios de odontologia, fisioterapia, fonoaudiologia, nutri\u00e7\u00e3o, psicologia e terapia ocupacional, bem como servi\u00e7os especializados de podologia; demais escrit\u00f3rios de prestadores de servi\u00e7os e servi\u00e7os em geral (publicidade, ag\u00eancias de viagem etc); operadores tur\u00edsticos e atividades de treinamento de desporto profissional; lojas de cosm\u00e9tico, perfumaria e higiene pessoal, somadas a livraria, com\u00e9rcios de artigos de escrit\u00f3rios e papelaria. Al\u00e9m disso, templos e atividades religiosas, limitados a 30%; sal\u00f5es de beleza, barbearias e de higiene pessoal est\u00e3o autorizados a funcionar, com exce\u00e7\u00e3o dos munic\u00edpios da Grande Aracaju.<\/p>\n<p style=\"text-align: justify;\">\u201cTemos que continuar protegendo a vida das pessoas, mas sei que podemos pensar na inclus\u00e3o social, economia e financeira de modo geral. E por isso, n\u00f3s estamos fazendo essa retomada, de forma gradual, respons\u00e1vel, com todo cuidado o mundo\u201d, finalizou o governador.<\/p>\n<p>Nos dias 13 e 14 de julho, o cen\u00e1rio e os dados da pandemia no estado voltar\u00e3o a ser discutidos pelo Comit\u00ea Gestor de Retomada Econ\u00f4mica (COGERE) e o Comit\u00ea Gestor de Emerg\u00eancia (CGE) para deliberar sobre o Plano de Retomada Econ\u00f4mica.<\/p>\n<p>Confira aqui a\u00a0<a href=\"http:\/\/www.se.gov.br\/uploads\/download\/midia\/47\/fd270c156b0e1d4a92d955dbb9890fd0.pdf\">Resolu\u00e7\u00e3o do Comit\u00ea Gestor de Retomada Econ\u00f4mica<\/a>.<\/p>\n<p>Confira aqui\u00a0<a href=\"http:\/\/www.se.gov.br\/uploads\/download\/midia\/48\/79d2a2dbfb0b5ad93327d6fec87404ba.pdf\">Decreto 40.623 que homologa a resolu\u00e7\u00e3o do Comit\u00ea de Retomada Econ\u00f4mica.<\/a><\/p>\n<p>&nbsp;<\/p>\n<p><a href=\"https:\/\/senoticias.com.br\/se\/wp-content\/uploads\/2020\/06\/Logo-SE-Noticias.jpg\"><img loading=\"lazy\" decoding=\"async\" class=\"alignnone size-full wp-image-123874\" src=\"https:\/\/senoticias.com.br\/se\/wp-content\/uploads\/2020\/06\/Logo-SE-Noticias.jpg\" alt=\"\" width=\"599\" height=\"78\" srcset=\"https:\/\/senoticias.com.br\/se\/wp-content\/uploads\/2020\/06\/Logo-SE-Noticias.jpg 599w, https:\/\/senoticias.com.br\/se\/wp-content\/uploads\/2020\/06\/Logo-SE-Noticias-300x39.jpg 300w\" sizes=\"(max-width: 599px) 100vw, 599px\" \/><\/a><\/p>\n<p>&nbsp;<\/p>\n<p><strong><em>Acompanhe tamb\u00e9m o SE Not\u00edcias no\u00a0<a href=\"https:\/\/twitter.com\/Senoticias\" target=\"_blank\" rel=\"noopener\">Twitter<\/a>,\u00a0<a href=\"https:\/\/www.facebook.com\/senoticias1\" target=\"_blank\" rel=\"noopener\">Facebook<\/a>\u00a0e no\u00a0<a href=\"https:\/\/www.instagram.com\/senoticias\/\" target=\"_blank\" rel=\"noopener\">Instagram<\/a><\/em><\/strong><\/p>\n<p><em>Ag\u00eancia Sergipe de Not\u00edcias<\/em><\/p>\n<p>&nbsp;<\/p>\n<p>&nbsp;<\/p>\n","protected":false},"excerpt":{"rendered":"<p>Ontem (30\/6), o governador Belivaldo Chagas anunciou, em coletiva de imprensa, no Pal\u00e1cio dos Despachos, a continuidade da proibi\u00e7\u00e3o de funcionamento de templos e atividades religiosas, nos quatros munic\u00edpios da Grande Aracaju, por meio do Decreto N\u00ba 40.623, que ser\u00e1 publicado nesta quarta-feira(1\u00ba), no Di\u00e1rio Oficial do Estado. \u00a0A decis\u00e3o foi tomada, ap\u00f3s avalia\u00e7\u00e3o dos [&hellip;]<\/p>\n","protected":false},"author":6557,"featured_media":124028,"comment_status":"closed","ping_status":"closed","sticky":false,"template":"","format":"standard","meta":{"footnotes":""},"categories":[15,6],"tags":[2806,14551,14637,9463,448,14369],"class_list":{"0":"post-124027","1":"post","2":"type-post","3":"status-publish","4":"format-standard","5":"has-post-thumbnail","7":"category-destaques","8":"category-politica","9":"tag-belivaldo-chagas","10":"tag-flexibilizacao","11":"tag-flexibilizacao-do-isolamento-social","12":"tag-governador-belivaldo-chagas","13":"tag-governo-de-sergipe","14":"tag-pandemia"},"_links":{"self":[{"href":"https:\/\/senoticias.com.br\/se\/wp-json\/wp\/v2\/posts\/124027"}],"collection":[{"href":"https:\/\/senoticias.com.br\/se\/wp-json\/wp\/v2\/posts"}],"about":[{"href":"https:\/\/senoticias.com.br\/se\/wp-json\/wp\/v2\/types\/post"}],"author":[{"embeddable":true,"href":"https:\/\/senoticias.com.br\/se\/wp-json\/wp\/v2\/users\/6557"}],"replies":[{"embeddable":true,"href":"https:\/\/senoticias.com.br\/se\/wp-json\/wp\/v2\/comments?post=124027"}],"version-history":[{"count":0,"href":"https:\/\/senoticias.com.br\/se\/wp-json\/wp\/v2\/posts\/124027\/revisions"}],"wp:featuredmedia":[{"embeddable":true,"href":"https:\/\/senoticias.com.br\/se\/wp-json\/wp\/v2\/media\/124028"}],"wp:attachment":[{"href":"https:\/\/senoticias.com.br\/se\/wp-json\/wp\/v2\/media?parent=124027"}],"wp:term":[{"taxonomy":"category","embeddable":true,"href":"https:\/\/senoticias.com.br\/se\/wp-json\/wp\/v2\/categories?post=124027"},{"taxonomy":"post_tag","embeddable":true,"href":"https:\/\/senoticias.com.br\/se\/wp-json\/wp\/v2\/tags?post=124027"}],"curies":[{"name":"wp","href":"https:\/\/api.w.org\/{rel}","templated":true}]}}