{"id":124008,"date":"2020-06-30T06:48:04","date_gmt":"2020-06-30T09:48:04","guid":{"rendered":"https:\/\/senoticias.com.br\/se\/?p=124008"},"modified":"2020-06-30T06:51:46","modified_gmt":"2020-06-30T09:51:46","slug":"oms-divulga-novas-diretrizes-para-enfrentamento-da-pandemia","status":"publish","type":"post","link":"https:\/\/senoticias.com.br\/se\/oms-divulga-novas-diretrizes-para-enfrentamento-da-pandemia\/","title":{"rendered":"OMS divulga novas diretrizes para enfrentamento da pandemia"},"content":{"rendered":"<p style=\"text-align: justify;\">O diretor-geral da Organiza\u00e7\u00e3o Mundial da Sa\u00fade (OMS), Tedros Adhanom Ghebreyesus, anunciou hoje (29) \u2013 data que precede o anivers\u00e1rio de 6 meses dos primeiros relatos sobre o surgimento de casos de pneumonia aguda que revelariam o novo coronav\u00edrus -, que a organiza\u00e7\u00e3o atualizou a resposta \u00e0 pandemia. Segundo Guebreyesus, cinco novas diretrizes guiar\u00e3o as decis\u00f5es e recomenda\u00e7\u00f5es repassadas a todos os pa\u00edses a partir de agora.<\/p>\n<div id=\"attachment_124009\" style=\"width: 560px\" class=\"wp-caption alignnone\"><a href=\"https:\/\/senoticias.com.br\/se\/wp-content\/uploads\/2020\/06\/OMS-SE-Noticias.jpg\"><img loading=\"lazy\" decoding=\"async\" aria-describedby=\"caption-attachment-124009\" class=\"size-full wp-image-124009\" src=\"https:\/\/senoticias.com.br\/se\/wp-content\/uploads\/2020\/06\/OMS-SE-Noticias.jpg\" alt=\"\" width=\"550\" height=\"330\" srcset=\"https:\/\/senoticias.com.br\/se\/wp-content\/uploads\/2020\/06\/OMS-SE-Noticias.jpg 550w, https:\/\/senoticias.com.br\/se\/wp-content\/uploads\/2020\/06\/OMS-SE-Noticias-300x180.jpg 300w\" sizes=\"(max-width: 550px) 100vw, 550px\" \/><\/a><p id=\"caption-attachment-124009\" class=\"wp-caption-text\">Segundo Guebreyesus, cinco novas diretrizes guiar\u00e3o as decis\u00f5es e recomenda\u00e7\u00f5es repassadas a todos os pa\u00edses a partir de agora (Foto: Reuters\/Denis Balibouse\/)<\/p><\/div>\n<p style=\"text-align: justify;\">\u201cH\u00e1 seis meses, nenhum de n\u00f3s poderia imaginar como o nosso mundo, e nossas vidas, seriam jogadas em tantas incertezas por esse novo v\u00edrus. Nesses seis meses, a OMS e nossos parceiros trabalharam incessantemente para ajudar todos os pa\u00edses na resposta a esse novo v\u00edrus\u201d, disse.<\/p>\n<p style=\"text-align: justify;\">As diretrizes anunciadas pelo m\u00e9dico s\u00e3o o empoderamento de comunidades, a supress\u00e3o da transmiss\u00e3o, o salvamento de vidas, a acelera\u00e7\u00e3o de pesquisas e a lideran\u00e7a pol\u00edtica. Segundo Ghebreyesus, as diretrizes s\u00e3o resultado de trabalho conjunto entre pesquisadores, cl\u00ednicos e especialistas para \u201cdestilar ci\u00eancia em evolu\u00e7\u00e3o para gerar conhecimento\u201d.<\/p>\n<p style=\"text-align: justify;\">Durante a apresenta\u00e7\u00e3o das novas diretrizes, o diretor-geral da OMS citou um medicamento espec\u00edfico, a dexametasona, quando se referiu ao salvamento de vidas. A OMS j\u00e1 havia se manifestado sobre os efeitos da medica\u00e7\u00e3o em casos graves da covid-19. Segundo estudos iniciais, o corticoster\u00f3ide reduziu em at\u00e9 30% as mortes em pacientes que desenvolveram o sintoma mais agressivo da covid-19, a s\u00edndrome respirat\u00f3ria aguda grave (SRAG). \u201cProver oxig\u00eanio e dexametasona para pessoas com doen\u00e7a severa e em estado cr\u00edtico salva vidas\u201d, argumentou.<\/p>\n<p style=\"text-align: justify;\">A dexametasona \u00e9 um medicamento que circula desde a d\u00e9cada de 1960, e \u00e9 prescrita para reduzir a resposta inflamat\u00f3ria do corpo em doen\u00e7as autoimunes. A droga tamb\u00e9m \u00e9 utilizada para tratar certos tipos de c\u00e2ncer, como l\u00fapus. A dexametasona n\u00e3o possui patente ativa, sendo um medicamento de baixo custo e amplamente acess\u00edvel em diversas localidades.<\/p>\n<p style=\"text-align: justify;\"><strong>Segunda onda<\/strong><\/p>\n<p style=\"text-align: justify;\">O chefe da OMS voltou a alertar que ainda h\u00e1 muitas pessoas suscet\u00edveis e que ainda h\u00e1 muitos lugares que n\u00e3o foram afetados pela presen\u00e7a do v\u00edrus, o que possibilita uma nova escalada no cont\u00e1gio. \u201cAlguns pa\u00edses est\u00e3o passando por um aumento de casos durante a reabertura das economias e das sociedades, mas a dura realidade \u00e9 [que] n\u00e3o estamos nem perto do final. Apesar do progresso de muitos pa\u00edses, globalmente a pandemia est\u00e1 se acelerando. Estamos todos juntos e ficaremos juntos durante toda essa longa jornada\u201d.<\/p>\n<p>&nbsp;<\/p>\n<p><strong><em>Acompanhe tamb\u00e9m o SE Not\u00edcias no\u00a0<a href=\"https:\/\/twitter.com\/Senoticias\" target=\"_blank\" rel=\"noopener\">Twitter<\/a>,\u00a0<a href=\"https:\/\/www.facebook.com\/senoticias1\" target=\"_blank\" rel=\"noopener\">Facebook<\/a>\u00a0e no\u00a0<a href=\"https:\/\/www.instagram.com\/senoticias\/\" target=\"_blank\" rel=\"noopener\">Instagram<\/a><\/em><\/strong><\/p>\n<p>&nbsp;<\/p>\n<p><a href=\"https:\/\/senoticias.com.br\/se\/wp-content\/uploads\/2020\/06\/Logo-SE-Noticias.jpg\"><img loading=\"lazy\" decoding=\"async\" class=\"alignnone size-full wp-image-123874\" src=\"https:\/\/senoticias.com.br\/se\/wp-content\/uploads\/2020\/06\/Logo-SE-Noticias.jpg\" alt=\"\" width=\"599\" height=\"78\" srcset=\"https:\/\/senoticias.com.br\/se\/wp-content\/uploads\/2020\/06\/Logo-SE-Noticias.jpg 599w, https:\/\/senoticias.com.br\/se\/wp-content\/uploads\/2020\/06\/Logo-SE-Noticias-300x39.jpg 300w\" sizes=\"(max-width: 599px) 100vw, 599px\" \/><\/a><\/p>\n<p style=\"text-align: justify;\">Fonte: Ag\u00eancia Brasil<\/p>\n","protected":false},"excerpt":{"rendered":"<p>O diretor-geral da Organiza\u00e7\u00e3o Mundial da Sa\u00fade (OMS), Tedros Adhanom Ghebreyesus, anunciou hoje (29) \u2013 data que precede o anivers\u00e1rio de 6 meses dos primeiros relatos sobre o surgimento de casos de pneumonia aguda que revelariam o novo coronav\u00edrus -, que a organiza\u00e7\u00e3o atualizou a resposta \u00e0 pandemia. Segundo Guebreyesus, cinco novas diretrizes guiar\u00e3o as [&hellip;]<\/p>\n","protected":false},"author":6557,"featured_media":124009,"comment_status":"closed","ping_status":"closed","sticky":false,"template":"","format":"standard","meta":{"footnotes":""},"categories":[15,2961,1],"tags":[14123,14270,2498,663,14369],"class_list":{"0":"post-124008","1":"post","2":"type-post","3":"status-publish","4":"format-standard","5":"has-post-thumbnail","7":"category-destaques","8":"category-nacional","9":"category-sem-categoria","10":"tag-coronavirus","11":"tag-covid-19","12":"tag-oms","13":"tag-organizacao-mundial-da-saude","14":"tag-pandemia"},"_links":{"self":[{"href":"https:\/\/senoticias.com.br\/se\/wp-json\/wp\/v2\/posts\/124008"}],"collection":[{"href":"https:\/\/senoticias.com.br\/se\/wp-json\/wp\/v2\/posts"}],"about":[{"href":"https:\/\/senoticias.com.br\/se\/wp-json\/wp\/v2\/types\/post"}],"author":[{"embeddable":true,"href":"https:\/\/senoticias.com.br\/se\/wp-json\/wp\/v2\/users\/6557"}],"replies":[{"embeddable":true,"href":"https:\/\/senoticias.com.br\/se\/wp-json\/wp\/v2\/comments?post=124008"}],"version-history":[{"count":0,"href":"https:\/\/senoticias.com.br\/se\/wp-json\/wp\/v2\/posts\/124008\/revisions"}],"wp:featuredmedia":[{"embeddable":true,"href":"https:\/\/senoticias.com.br\/se\/wp-json\/wp\/v2\/media\/124009"}],"wp:attachment":[{"href":"https:\/\/senoticias.com.br\/se\/wp-json\/wp\/v2\/media?parent=124008"}],"wp:term":[{"taxonomy":"category","embeddable":true,"href":"https:\/\/senoticias.com.br\/se\/wp-json\/wp\/v2\/categories?post=124008"},{"taxonomy":"post_tag","embeddable":true,"href":"https:\/\/senoticias.com.br\/se\/wp-json\/wp\/v2\/tags?post=124008"}],"curies":[{"name":"wp","href":"https:\/\/api.w.org\/{rel}","templated":true}]}}