{"id":123996,"date":"2020-06-29T15:25:33","date_gmt":"2020-06-29T18:25:33","guid":{"rendered":"https:\/\/senoticias.com.br\/se\/?p=123996"},"modified":"2020-06-29T15:25:33","modified_gmt":"2020-06-29T18:25:33","slug":"ocupacao-de-utis-chega-a-76-e-volta-a-ameacar-retomada-economica","status":"publish","type":"post","link":"https:\/\/senoticias.com.br\/se\/ocupacao-de-utis-chega-a-76-e-volta-a-ameacar-retomada-economica\/","title":{"rendered":"Ocupa\u00e7\u00e3o de UTI\u2019s chega a 76% e volta a amea\u00e7ar retomada econ\u00f4mica"},"content":{"rendered":"<p style=\"text-align: justify;\">Para autorizar a primeira fase da retomada comercial, iniciada nesta segunda-feira, 29, o Governo de Sergipe considerou a m\u00e9dia da ocupa\u00e7\u00e3o da taxa de UTI das \u00faltimas semanas, que esteve abaixo de 70%, percentual que era a condi\u00e7\u00e3o para iniciar o processo de retorno da economia, conforme plano apresentado no dia 15 de junho.<\/p>\n<div id=\"attachment_123997\" style=\"width: 560px\" class=\"wp-caption aligncenter\"><a href=\"https:\/\/senoticias.com.br\/se\/wp-content\/uploads\/2020\/06\/reaberturadocomercio_fotosergiosilva_pma_260620-e1593455013468.jpg\"><img loading=\"lazy\" decoding=\"async\" aria-describedby=\"caption-attachment-123997\" class=\"size-full wp-image-123997\" src=\"https:\/\/senoticias.com.br\/se\/wp-content\/uploads\/2020\/06\/reaberturadocomercio_fotosergiosilva_pma_260620-e1593455013468.jpg\" alt=\"\" width=\"550\" height=\"367\" \/><\/a><p id=\"caption-attachment-123997\" class=\"wp-caption-text\">Retomada do com\u00e9rcio inicia no momento em que ocupa\u00e7\u00e3o de UTI chega a 76% (Foto: S\u00e9rgio Silva\/PMA)<\/p><\/div>\n<p style=\"text-align: justify;\">O problema \u00e9 que a flexibiliza\u00e7\u00e3o do isolamento social iniciada nesta segunda-feira, ocorre justamente no per\u00edodo em que a taxa de ocupa\u00e7\u00e3o da UTI entre leitos exclusivos para a Covid-19 volta a aumentar, chegando a 76% na rede p\u00fablica, segundo dados divulgados neste domingo. Na rede privada, todos os leitos j\u00e1 est\u00e3o esgotados.O cen\u00e1rio volta a amea\u00e7ar o plano de retomada comercial, e ser\u00e1 discutido em reuni\u00f5es que acontecem nestas segunda e ter\u00e7a-feira. \u00c0s 15h de hoje, o Comit\u00ea Gestor de Emerg\u00eancia se re\u00fane para discutir a situa\u00e7\u00e3o. Amanh\u00e3, ser\u00e1 a vez do Comit\u00ea da Retomada Econ\u00f4mica se reunir \u00e0s 11h. O Governo ainda n\u00e3o confirma se haver\u00e1 altera\u00e7\u00f5es nos decretos ap\u00f3s as reuni\u00f5es.<\/p>\n<p style=\"text-align: justify;\">O Governo tamb\u00e9m explicou que a abertura de parte do com\u00e9rcio, neste in\u00edcio de semana, leva em conta a taxa de ocupa\u00e7\u00e3o de UTI das \u00faltimas semanas. Pelo plano, os n\u00famero de hoje at\u00e9 o dia 14 de julho, ser\u00e3o o condicionante para progress\u00e3o de fases ou recuo \u2013 isso se n\u00e3o houver intercorr\u00eancia do Governo ap\u00f3s as reuni\u00f5es previstas para as pr\u00f3ximas 48h.<\/p>\n<p style=\"text-align: justify;\">At\u00e9 o momento Sergipe j\u00e1 registrou 24.421 mil pessoas infectadas pela doen\u00e7a e 620 \u00f3bitos.<\/p>\n<p style=\"text-align: justify;\">Por \u00cdcaro Novaes<\/p>\n<p><a href=\"https:\/\/senoticias.com.br\/se\/wp-content\/uploads\/2020\/06\/Logo-SE-Noticias.jpg\"><img loading=\"lazy\" decoding=\"async\" class=\"alignnone size-full wp-image-123874\" src=\"https:\/\/senoticias.com.br\/se\/wp-content\/uploads\/2020\/06\/Logo-SE-Noticias.jpg\" alt=\"\" width=\"599\" height=\"78\" srcset=\"https:\/\/senoticias.com.br\/se\/wp-content\/uploads\/2020\/06\/Logo-SE-Noticias.jpg 599w, https:\/\/senoticias.com.br\/se\/wp-content\/uploads\/2020\/06\/Logo-SE-Noticias-300x39.jpg 300w\" sizes=\"(max-width: 599px) 100vw, 599px\" \/><\/a><\/p>\n<p><strong><em>Acompanhe tamb\u00e9m o SE Not\u00edcias no\u00a0<a href=\"https:\/\/twitter.com\/Senoticias\" target=\"_blank\" rel=\"noopener\">Twitter<\/a>,\u00a0<a href=\"https:\/\/www.facebook.com\/senoticias1\" target=\"_blank\" rel=\"noopener\">Facebook<\/a>\u00a0e no\u00a0<a href=\"https:\/\/www.instagram.com\/senoticias\/\" target=\"_blank\" rel=\"noopener\">Instagram<\/a><\/em><\/strong><\/p>\n","protected":false},"excerpt":{"rendered":"<p>Para autorizar a primeira fase da retomada comercial, iniciada nesta segunda-feira, 29, o Governo de Sergipe considerou a m\u00e9dia da ocupa\u00e7\u00e3o da taxa de UTI das \u00faltimas semanas, que esteve abaixo de 70%, percentual que era a condi\u00e7\u00e3o para iniciar o processo de retorno da economia, conforme plano apresentado no dia 15 de junho. O [&hellip;]<\/p>\n","protected":false},"author":6557,"featured_media":0,"comment_status":"closed","ping_status":"closed","sticky":false,"template":"","format":"standard","meta":{"footnotes":""},"categories":[15,20],"tags":[7438,3230,14967,13925],"class_list":{"0":"post-123996","1":"post","2":"type-post","3":"status-publish","4":"format-standard","6":"category-destaques","7":"category-saude","8":"tag-ameaca","9":"tag-ocupacao","10":"tag-retomada-economica","11":"tag-uti"},"_links":{"self":[{"href":"https:\/\/senoticias.com.br\/se\/wp-json\/wp\/v2\/posts\/123996"}],"collection":[{"href":"https:\/\/senoticias.com.br\/se\/wp-json\/wp\/v2\/posts"}],"about":[{"href":"https:\/\/senoticias.com.br\/se\/wp-json\/wp\/v2\/types\/post"}],"author":[{"embeddable":true,"href":"https:\/\/senoticias.com.br\/se\/wp-json\/wp\/v2\/users\/6557"}],"replies":[{"embeddable":true,"href":"https:\/\/senoticias.com.br\/se\/wp-json\/wp\/v2\/comments?post=123996"}],"version-history":[{"count":0,"href":"https:\/\/senoticias.com.br\/se\/wp-json\/wp\/v2\/posts\/123996\/revisions"}],"wp:attachment":[{"href":"https:\/\/senoticias.com.br\/se\/wp-json\/wp\/v2\/media?parent=123996"}],"wp:term":[{"taxonomy":"category","embeddable":true,"href":"https:\/\/senoticias.com.br\/se\/wp-json\/wp\/v2\/categories?post=123996"},{"taxonomy":"post_tag","embeddable":true,"href":"https:\/\/senoticias.com.br\/se\/wp-json\/wp\/v2\/tags?post=123996"}],"curies":[{"name":"wp","href":"https:\/\/api.w.org\/{rel}","templated":true}]}}