{"id":123951,"date":"2020-06-25T20:16:52","date_gmt":"2020-06-25T23:16:52","guid":{"rendered":"https:\/\/senoticias.com.br\/se\/?p=123951"},"modified":"2020-06-25T22:35:10","modified_gmt":"2020-06-26T01:35:10","slug":"suspeito-de-assaltar-chacaras-e-residencias-e-morto-em-confronto-com-a-policia","status":"publish","type":"post","link":"https:\/\/senoticias.com.br\/se\/suspeito-de-assaltar-chacaras-e-residencias-e-morto-em-confronto-com-a-policia\/","title":{"rendered":"Investigado por participar de grupo criminoso, ex-policial militar morre em confronto com o Coe"},"content":{"rendered":"<div id=\"attachment_123952\" style=\"width: 317px\" class=\"wp-caption alignright\"><a href=\"https:\/\/senoticias.com.br\/se\/wp-content\/uploads\/2020\/06\/Marlio-25062020.jpeg\"><img loading=\"lazy\" decoding=\"async\" aria-describedby=\"caption-attachment-123952\" class=\"size-full wp-image-123952\" src=\"https:\/\/senoticias.com.br\/se\/wp-content\/uploads\/2020\/06\/Marlio-25062020.jpeg\" alt=\"\" width=\"307\" height=\"290\" srcset=\"https:\/\/senoticias.com.br\/se\/wp-content\/uploads\/2020\/06\/Marlio-25062020.jpeg 307w, https:\/\/senoticias.com.br\/se\/wp-content\/uploads\/2020\/06\/Marlio-25062020-300x283.jpeg 300w\" sizes=\"(max-width: 307px) 100vw, 307px\" \/><\/a><p id=\"caption-attachment-123952\" class=\"wp-caption-text\">O ex-PM j\u00e1 havia sido preso outras duas vezes pelo COE (foto: SSP\/SE)<\/p><\/div>\n<p style=\"text-align: justify;\">Na manh\u00e3 desta quinta-feira, 25, policiais do <strong>Comando de Opera\u00e7\u00f5es Especiais (COE)<\/strong> cumpriram o mandado de pris\u00e3o do ex-policial militar Marlio Oliveira de Jesus, que j\u00e1 havia sido preso outras duas vezes. O suspeito era integrante de uma quadrilha respons\u00e1vel por diversos assaltos em ch\u00e1caras e resid\u00eancias no estado de Sergipe.<\/p>\n<div style=\"text-align: justify;\">Segundo informa\u00e7\u00f5es, o grupo t\u00e1tico dirigiu-se ao conjunto Maria do Carmo, no munic\u00edpio de Nossa Senhora do Socorro, a fim de efetuar a pris\u00e3o do suspeito. Chegando na localidade, o grupo fez a entrada t\u00e1tica na resid\u00eancia. A opera\u00e7\u00e3o foi poss\u00edvel, com informa\u00e7\u00e3o do servi\u00e7o de intelig\u00eancia da Pol\u00edcia Militar e da Pol\u00edcia Civil.<\/div>\n<div style=\"text-align: justify;\"><\/div>\n<div style=\"text-align: justify;\">Ainda segundo informa\u00e7\u00f5es divulgadas pela Secretaria de Seguran\u00e7a P\u00fablica,\u00a0Marlio estava na sala de casa e reagiu \u00e0 abordagem, efetuando dois disparos de arma de fogo, e houve revide dos policiais revidaram. Ap\u00f3s a a\u00e7\u00e3o, foi prestado socorro ao suspeito, mas n\u00e3o resistiu aos ferimentos.<\/div>\n<div style=\"text-align: justify;\"><\/div>\n<div style=\"text-align: justify;\">Marlio \u00e9 integrante da mesma quadrilha do tamb\u00e9m ex-policial militar Luciano Santos Andrade, mais conhecido como &#8220;Poli&#8221;,\u00a0 preso diversas vezes pelas pol\u00edcias, o qual tamb\u00e9m morreu em confronto com a pol\u00edcia h\u00e1 cerca de 20 dias [<a href=\"https:\/\/senoticias.com.br\/se\/123554-2\/\"><strong>relembre<\/strong><\/a>]. As investiga\u00e7\u00f5es v\u00e3o continuar a fim de identificar outros envolvidos com o grupo criminoso.<\/div>\n<div><\/div>\n<div><\/div>\n<div><strong>Acompanhe tamb\u00e9m o SE Not\u00edcias no<\/strong><span class=\"apple-converted-space\"><b>\u00a0<\/b><\/span><a href=\"https:\/\/twitter.com\/Senoticias\" target=\"_blank\" rel=\"noopener\"><b>Twitter<\/b><\/a><strong>,<\/strong><span class=\"apple-converted-space\"><b>\u00a0<\/b><\/span><a href=\"https:\/\/www.facebook.com\/senoticias1\" target=\"_blank\" rel=\"noopener\"><b>Facebook<\/b><span class=\"apple-converted-space\"><b>\u00a0<\/b><\/span><\/a><strong>e no<\/strong><span class=\"apple-converted-space\"><b>\u00a0<\/b><\/span><a href=\"https:\/\/www.instagram.com\/senoticias\/\" target=\"_blank\" rel=\"noopener\"><b>Instagram<\/b><\/a><\/div>\n<div><\/div>\n<div><\/div>\n<div><a href=\"https:\/\/senoticias.com.br\/se\/wp-content\/uploads\/2020\/06\/Logo-SE-Noticias.jpg\"><img loading=\"lazy\" decoding=\"async\" class=\"aligncenter size-full wp-image-123874\" src=\"https:\/\/senoticias.com.br\/se\/wp-content\/uploads\/2020\/06\/Logo-SE-Noticias.jpg\" alt=\"\" width=\"599\" height=\"78\" srcset=\"https:\/\/senoticias.com.br\/se\/wp-content\/uploads\/2020\/06\/Logo-SE-Noticias.jpg 599w, https:\/\/senoticias.com.br\/se\/wp-content\/uploads\/2020\/06\/Logo-SE-Noticias-300x39.jpg 300w\" sizes=\"(max-width: 599px) 100vw, 599px\" \/><\/a><\/div>\n<div><\/div>\n<div>Com informa\u00e7\u00f5es da SSP\/SE<\/div>\n","protected":false},"excerpt":{"rendered":"<p>Na manh\u00e3 desta quinta-feira, 25, policiais do Comando de Opera\u00e7\u00f5es Especiais (COE) cumpriram o mandado de pris\u00e3o do ex-policial militar Marlio Oliveira de Jesus, que j\u00e1 havia sido preso outras duas vezes. O suspeito era integrante de uma quadrilha respons\u00e1vel por diversos assaltos em ch\u00e1caras e resid\u00eancias no estado de Sergipe. Segundo informa\u00e7\u00f5es, o grupo [&hellip;]<\/p>\n","protected":false},"author":6557,"featured_media":123952,"comment_status":"closed","ping_status":"closed","sticky":false,"template":"","format":"standard","meta":{"footnotes":""},"categories":[15,7],"tags":[14943,14944,78],"class_list":{"0":"post-123951","1":"post","2":"type-post","3":"status-publish","4":"format-standard","5":"has-post-thumbnail","7":"category-destaques","8":"category-policia","9":"tag-marlio-oliveira-de-jesus","10":"tag-morre-em-confronto-com-o-cope","11":"tag-policia-civil"},"_links":{"self":[{"href":"https:\/\/senoticias.com.br\/se\/wp-json\/wp\/v2\/posts\/123951"}],"collection":[{"href":"https:\/\/senoticias.com.br\/se\/wp-json\/wp\/v2\/posts"}],"about":[{"href":"https:\/\/senoticias.com.br\/se\/wp-json\/wp\/v2\/types\/post"}],"author":[{"embeddable":true,"href":"https:\/\/senoticias.com.br\/se\/wp-json\/wp\/v2\/users\/6557"}],"replies":[{"embeddable":true,"href":"https:\/\/senoticias.com.br\/se\/wp-json\/wp\/v2\/comments?post=123951"}],"version-history":[{"count":0,"href":"https:\/\/senoticias.com.br\/se\/wp-json\/wp\/v2\/posts\/123951\/revisions"}],"wp:featuredmedia":[{"embeddable":true,"href":"https:\/\/senoticias.com.br\/se\/wp-json\/wp\/v2\/media\/123952"}],"wp:attachment":[{"href":"https:\/\/senoticias.com.br\/se\/wp-json\/wp\/v2\/media?parent=123951"}],"wp:term":[{"taxonomy":"category","embeddable":true,"href":"https:\/\/senoticias.com.br\/se\/wp-json\/wp\/v2\/categories?post=123951"},{"taxonomy":"post_tag","embeddable":true,"href":"https:\/\/senoticias.com.br\/se\/wp-json\/wp\/v2\/tags?post=123951"}],"curies":[{"name":"wp","href":"https:\/\/api.w.org\/{rel}","templated":true}]}}