{"id":123925,"date":"2020-06-24T17:17:05","date_gmt":"2020-06-24T20:17:05","guid":{"rendered":"https:\/\/senoticias.com.br\/se\/?p=123925"},"modified":"2020-06-25T08:14:16","modified_gmt":"2020-06-25T11:14:16","slug":"junho-orgulho-lgbtqia-completa-51-anos-de-luta","status":"publish","type":"post","link":"https:\/\/senoticias.com.br\/se\/junho-orgulho-lgbtqia-completa-51-anos-de-luta\/","title":{"rendered":"Junho: Orgulho LGBTQIA+ completa 51 anos de luta"},"content":{"rendered":"<p style=\"text-align: justify;\">As paradas LGBTQIA+ acontecem desde 1997 e s\u00e3o fundamentais para uma s\u00e9rie de conquistas, mas em 2020, a luta ainda enfrenta o desafio de mobilizar em meio \u00e0 pandemia.<\/p>\n<div id=\"attachment_123926\" style=\"width: 560px\" class=\"wp-caption aligncenter\"><a href=\"https:\/\/senoticias.com.br\/se\/wp-content\/uploads\/2020\/06\/298be789-c6c2-4245-8629-1b4d65af81c5-e1593029727108.jpg\"><img loading=\"lazy\" decoding=\"async\" aria-describedby=\"caption-attachment-123926\" class=\"size-full wp-image-123926\" src=\"https:\/\/senoticias.com.br\/se\/wp-content\/uploads\/2020\/06\/298be789-c6c2-4245-8629-1b4d65af81c5-e1593029727108.jpg\" alt=\"\" width=\"550\" height=\"381\" \/><\/a><p id=\"caption-attachment-123926\" class=\"wp-caption-text\">Foto: Assessoria de comunica\u00e7\u00e3o\/ UNIT.<\/p><\/div>\n<p style=\"text-align: justify;\">H\u00e1 51 anos aconteceu um importante marco para a classe LGBTQIA+, a rebeli\u00e3o de Stonewall, em Nova Iorque, uma s\u00e9rie de manifesta\u00e7\u00f5es contra a viol\u00eancia policial em rela\u00e7\u00e3o a popula\u00e7\u00e3o LGBTQIA+. Naquela \u00e9poca, ser gay era considerado crime em boa parte dos Estados Unidos e isso fazia com que esse p\u00fablico fosse privado do livre acesso em v\u00e1rios estabelecimentos e da pr\u00f3pria liberdade de express\u00e3o.<\/p>\n<p style=\"text-align: justify;\">Em 28 de Junho \u00e9 considerado o Dia Internacional do Orgulho LGTQIA+, mas o m\u00eas \u00e9 marcado por protestos em todo o mundo, relembrando o que aconteceu em Nova Iorque. Um dos mais importantes protestos no Brasil \u00e9 conhecido como a \u201cParada do Orgulho LGBT\u201d, momento que a sociedade se une em busca dos direitos e luta contra o preconceito e viol\u00eancia.<\/p>\n<p style=\"text-align: justify;\">De acordo com a professora do curso de Direito da Universidade Tiradentes e coordenadora do projeto Transjus, Ac\u00e1cia Lelis, nesse mais de meio s\u00e9culo muitos direitos j\u00e1 foram conquistados, mas ainda h\u00e1 o que se conquistar.<\/p>\n<p style=\"text-align: justify;\">\u201cMuitas a\u00e7\u00f5es judiciais foram intentadas visando reconhecer os direitos de pessoas LGBTQIA+ nessas \u00faltimas d\u00e9cadas, como: o reconhecimento pelo STF, em maio de 2011, de que casais homoafetivos possam constituir fam\u00edlia com a devida prote\u00e7\u00e3o legal; o reconhecimento de direitos de casar, atrav\u00e9s da resolu\u00e7\u00e3o 175 do CNJ em 2013; o provimento 73 do CNJ sobre mudan\u00e7a de sexo e nome de pessoas trans; e o enquadramento da homofobia e transfobia como crime de racismo pelo STF em 2019\u201d, pontua professora Ac\u00e1cia, refor\u00e7ando que esses avan\u00e7os foram conquistados gra\u00e7as a milit\u00e2ncia LGBTQIA+ que tem apoio dos defensores de direitos humanos.<\/p>\n<p style=\"text-align: justify;\"><strong>LGBTQIA+<\/strong><\/p>\n<p style=\"text-align: justify;\">Em 2020, devido a pandemia causada pelo v\u00edrus da Covid-19, a popula\u00e7\u00e3o n\u00e3o pode ir \u00e0s ruas em junho. A parada LGBTQIA+ de S\u00e3o Paulo, que \u00e9 considerada uma das maiores do mundo, transferiu sua data presencial para novembro, mas o evento aconteceu no \u00faltimo dia 14, de forma virtual.<\/p>\n<p style=\"text-align: justify;\">E o projeto TransJus, da Unit, realizou uma live no \u00faltimo dia 15 para debater sobre a vulnerabiliza\u00e7\u00e3o de pessoas LGBTQIA+ durante o isolamento social. \u201cA pandemia impediu a ida \u00e0s ruas, mas n\u00e3o calou a voz, que atrav\u00e9s das redes sociais se manifestou\u201d, ressalta Ac\u00e1cia.<\/p>\n<p style=\"text-align: justify;\">Para a professora e preceptora do curso de Psicologia da Universidade Tiradentes, Dayane Figueiredo, o espa\u00e7o virtual tamb\u00e9m \u00e9 uma ferramenta importante nesta luta. \u201cHoje, o mundo virtual tem muito mais peso do que meses atr\u00e1s, peso no sentido de causar efeito e de ser um espa\u00e7o de express\u00e3o das subjetividades, opini\u00f5es e pensamentos, como tamb\u00e9m de alcan\u00e7ar a visibilidade n\u00e3o s\u00f3 na cidade onde moramos, mas o mundo inteiro\u201d, destaca.<\/p>\n<p style=\"text-align: justify;\"><strong>Sa\u00fade Mental<\/strong><\/p>\n<p style=\"text-align: justify;\">As pessoas LGBTQI+ sofrem preconceitos de diversas formas, que v\u00e3o da exclus\u00e3o dos pr\u00f3prios ambientes familiares at\u00e9 os ambientes profissionais, da viol\u00eancia f\u00edsica a psicol\u00f3gica, como uma tentativa de aniquila\u00e7\u00e3o n\u00e3o s\u00f3 das vidas e dos corpos, mas tamb\u00e9m das subjetividades.<\/p>\n<p style=\"text-align: justify;\">De acordo com a professora Dayane, h\u00e1 patologiza\u00e7\u00e3o disso tudo, j\u00e1 que h\u00e1 quem considere \u201cpecado\u201d ou mesmo doen\u00e7a compor o grupo LGBTQIA+ e a luta contra essa \u201ccura gay\u201d tem relev\u00e2ncia.<\/p>\n<p style=\"text-align: justify;\">\u201cEm tempos de tantas incertezas, de polariza\u00e7\u00e3o pol\u00edtica e ideol\u00f3gica, permanecer os acontecimentos das paradas LGBTQIA+ e comemora\u00e7\u00e3o do Dia Internacional do Orgulho LGBTQIA+ \u00e9 extremamente importante para mostrar que cada express\u00e3o de ser e de amar, importa! Muitas pessoas que foram expulsas de suas pr\u00f3prias fam\u00edlias acabam enxergando que n\u00e3o est\u00e3o sozinhas\u201d, explica a professora Dayane Figueiredo.<\/p>\n<p style=\"text-align: justify;\">Al\u00e9m do projeto Transjus da Unit, iniciativas como o Remonta, voltado para o acolhimento e Sa\u00fade mental das pessoas LGBTQIA+; e a Casamor, um local que acolhe e vem sendo o lar para muitos sergipanos, ganham destaque em meio \u00e0 luta.<\/p>\n<p style=\"text-align: justify;\">Assessoria de Imprensa|Unit<\/p>\n<p><a href=\"https:\/\/senoticias.com.br\/se\/wp-content\/uploads\/2020\/06\/Logo-SE-Noticias.jpg\"><img loading=\"lazy\" decoding=\"async\" class=\"size-full wp-image-123874 alignleft\" src=\"https:\/\/senoticias.com.br\/se\/wp-content\/uploads\/2020\/06\/Logo-SE-Noticias.jpg\" alt=\"\" width=\"599\" height=\"78\" srcset=\"https:\/\/senoticias.com.br\/se\/wp-content\/uploads\/2020\/06\/Logo-SE-Noticias.jpg 599w, https:\/\/senoticias.com.br\/se\/wp-content\/uploads\/2020\/06\/Logo-SE-Noticias-300x39.jpg 300w\" sizes=\"(max-width: 599px) 100vw, 599px\" \/><\/a><\/p>\n<p>&nbsp;<\/p>\n<p>&nbsp;<\/p>\n<p>&nbsp;<\/p>\n<p><em><strong>Acompanhe tamb\u00e9m o SE Not\u00edcias no\u00a0<a href=\"https:\/\/www.instagram.com\/senoticias\/\">Instagram<\/a>,\u00a0<a href=\"https:\/\/twitter.com\/home\">Twitter<\/a>\u00a0e no\u00a0<a href=\"https:\/\/web.facebook.com\/senoticias1\/\">Facebook<\/a><\/strong><\/em><\/p>\n","protected":false},"excerpt":{"rendered":"<p>As paradas LGBTQIA+ acontecem desde 1997 e s\u00e3o fundamentais para uma s\u00e9rie de conquistas, mas em 2020, a luta ainda enfrenta o desafio de mobilizar em meio \u00e0 pandemia. H\u00e1 51 anos aconteceu um importante marco para a classe LGBTQIA+, a rebeli\u00e3o de Stonewall, em Nova Iorque, uma s\u00e9rie de manifesta\u00e7\u00f5es contra a viol\u00eancia policial [&hellip;]<\/p>\n","protected":false},"author":6557,"featured_media":0,"comment_status":"closed","ping_status":"closed","sticky":false,"template":"","format":"standard","meta":{"footnotes":""},"categories":[15,8],"tags":[14930,14937,14936,14929,5527],"class_list":{"0":"post-123925","1":"post","2":"type-post","3":"status-publish","4":"format-standard","6":"category-destaques","7":"category-esporte-e-cultura","8":"tag-51-anos-de-luta","9":"tag-casais-homoafetivos","10":"tag-dia-internacional-do-orgulho-lgtqia","11":"tag-lgbtqia","12":"tag-orgulho"},"_links":{"self":[{"href":"https:\/\/senoticias.com.br\/se\/wp-json\/wp\/v2\/posts\/123925"}],"collection":[{"href":"https:\/\/senoticias.com.br\/se\/wp-json\/wp\/v2\/posts"}],"about":[{"href":"https:\/\/senoticias.com.br\/se\/wp-json\/wp\/v2\/types\/post"}],"author":[{"embeddable":true,"href":"https:\/\/senoticias.com.br\/se\/wp-json\/wp\/v2\/users\/6557"}],"replies":[{"embeddable":true,"href":"https:\/\/senoticias.com.br\/se\/wp-json\/wp\/v2\/comments?post=123925"}],"version-history":[{"count":0,"href":"https:\/\/senoticias.com.br\/se\/wp-json\/wp\/v2\/posts\/123925\/revisions"}],"wp:attachment":[{"href":"https:\/\/senoticias.com.br\/se\/wp-json\/wp\/v2\/media?parent=123925"}],"wp:term":[{"taxonomy":"category","embeddable":true,"href":"https:\/\/senoticias.com.br\/se\/wp-json\/wp\/v2\/categories?post=123925"},{"taxonomy":"post_tag","embeddable":true,"href":"https:\/\/senoticias.com.br\/se\/wp-json\/wp\/v2\/tags?post=123925"}],"curies":[{"name":"wp","href":"https:\/\/api.w.org\/{rel}","templated":true}]}}