{"id":123924,"date":"2020-06-24T20:06:15","date_gmt":"2020-06-24T23:06:15","guid":{"rendered":"https:\/\/senoticias.com.br\/se\/?p=123924"},"modified":"2020-06-24T20:57:16","modified_gmt":"2020-06-24T23:57:16","slug":"prefeito-de-sao-cristovao-testa-positivo-para-o-novo-coronavirus","status":"publish","type":"post","link":"https:\/\/senoticias.com.br\/se\/prefeito-de-sao-cristovao-testa-positivo-para-o-novo-coronavirus\/","title":{"rendered":"Prefeito de S\u00e3o Crist\u00f3v\u00e3o testa positivo para o novo coronav\u00edrus"},"content":{"rendered":"<p style=\"text-align: justify;\">O prefeito de S\u00e3o Crist\u00f3v\u00e3o, Marcos Santana, testou positivo para o novo coronav\u00edrus. A informa\u00e7\u00e3o foi divulgada pelo pr\u00f3prio gestor em suas redes sociais na noite desta quarta-feira, 24. Ele disse que segue em isolamento domiciliar, sem sintomas graves.<\/p>\n<div id=\"attachment_123927\" style=\"width: 609px\" class=\"wp-caption aligncenter\"><a href=\"https:\/\/senoticias.com.br\/se\/wp-content\/uploads\/2020\/06\/Prefeito-Marcos-Santana-SE-Noticias-e1593039642697.jpg\"><img loading=\"lazy\" decoding=\"async\" aria-describedby=\"caption-attachment-123927\" class=\"size-full wp-image-123927\" src=\"https:\/\/senoticias.com.br\/se\/wp-content\/uploads\/2020\/06\/Prefeito-Marcos-Santana-SE-Noticias-e1593039642697.jpg\" alt=\"\" width=\"599\" height=\"283\" \/><\/a><p id=\"caption-attachment-123927\" class=\"wp-caption-text\">An\u00fancio foi feito pelo pr\u00f3prio prefeito em uma rede social (foto: SE Not\u00edcias)<\/p><\/div>\n<p style=\"text-align: justify;\">Marcos Santana havia realizado o teste RT-PCR \u00faltimo no dia 21 de junho, depois de sentir fortes sintomas de gripe. O material tinha sido encaminhado ao Laborat\u00f3rio Central de Sa\u00fade P\u00fablica de Sergipe (LACEN), em Aracaju, e o resultado positivo para Covid-19 saiu na noite de quarta-feira.<\/p>\n<p style=\"text-align: justify;\">Pelas redes sociais, o prefeito Marcos Santana informou que o exame que fez para \u00e0 covid-19 deu positivo, e que cumpre a quarentena em casa com medicamentos e sem sintomas graves.<\/p>\n<p style=\"text-align: justify;\">&#8220;Levem o assunto a s\u00e9rio, n\u00e3o \u00e9 uma gripezinha&#8221;. O prefeito tamb\u00e9m pediu para que o seu nome esteja nas ora\u00e7\u00f5es de todos.<\/p>\n<p><strong>Boletim Epidemiol\u00f3gico de S\u00e3o Crist\u00f3v\u00e3o<\/strong><\/p>\n<p style=\"text-align: justify;\">A Prefeitura de S\u00e3o Crist\u00f3v\u00e3o divulgou no inicio da noite desta quarta-feira (24) que o munic\u00edpio chegou a <strong>759<\/strong> casos confirmados da Covid-19. Al\u00e9m disso, a cidade continua com <strong>31 mortes<\/strong> com resultado positivo da doen\u00e7a.<\/p>\n<p style=\"text-align: justify;\">As informa\u00e7\u00f5es s\u00e3o do Boletim Di\u00e1rio da Secretaria Municipal de Sa\u00fade.<\/p>\n<p><em>Por reda\u00e7\u00e3o SE Not\u00edcias<\/em><\/p>\n<p>&nbsp;<\/p>\n<p><a href=\"https:\/\/senoticias.com.br\/se\/wp-content\/uploads\/2020\/06\/Logo-SE-Noticias.jpg\"><img loading=\"lazy\" decoding=\"async\" class=\"aligncenter size-full wp-image-123874\" src=\"https:\/\/senoticias.com.br\/se\/wp-content\/uploads\/2020\/06\/Logo-SE-Noticias.jpg\" alt=\"\" width=\"599\" height=\"78\" srcset=\"https:\/\/senoticias.com.br\/se\/wp-content\/uploads\/2020\/06\/Logo-SE-Noticias.jpg 599w, https:\/\/senoticias.com.br\/se\/wp-content\/uploads\/2020\/06\/Logo-SE-Noticias-300x39.jpg 300w\" sizes=\"(max-width: 599px) 100vw, 599px\" \/><\/a><\/p>\n<p>&nbsp;<\/p>\n<p><em><strong>Acompanhe tamb\u00e9m o SE Not\u00edcias no\u00a0<a href=\"https:\/\/www.instagram.com\/senoticias\/\">Instagram<\/a>,\u00a0<a href=\"https:\/\/twitter.com\/home\">Twitter<\/a>\u00a0e no\u00a0<a href=\"https:\/\/web.facebook.com\/senoticias1\/\">Facebook<\/a><\/strong><\/em><\/p>\n","protected":false},"excerpt":{"rendered":"<p>O prefeito de S\u00e3o Crist\u00f3v\u00e3o, Marcos Santana, testou positivo para o novo coronav\u00edrus. A informa\u00e7\u00e3o foi divulgada pelo pr\u00f3prio gestor em suas redes sociais na noite desta quarta-feira, 24. Ele disse que segue em isolamento domiciliar, sem sintomas graves. Marcos Santana havia realizado o teste RT-PCR \u00faltimo no dia 21 de junho, depois de sentir [&hellip;]<\/p>\n","protected":false},"author":6557,"featured_media":123927,"comment_status":"closed","ping_status":"closed","sticky":false,"template":"","format":"standard","meta":{"footnotes":""},"categories":[15,38],"tags":[14123,14279,14931,4589,335],"class_list":{"0":"post-123924","1":"post","2":"type-post","3":"status-publish","4":"format-standard","5":"has-post-thumbnail","7":"category-destaques","8":"category-municipios","9":"tag-coronavirus","10":"tag-covid19","11":"tag-prefeito-de-sao-cristovao-com-covid19","12":"tag-prefeito-marcos-santana","13":"tag-sao-cristovao"},"_links":{"self":[{"href":"https:\/\/senoticias.com.br\/se\/wp-json\/wp\/v2\/posts\/123924"}],"collection":[{"href":"https:\/\/senoticias.com.br\/se\/wp-json\/wp\/v2\/posts"}],"about":[{"href":"https:\/\/senoticias.com.br\/se\/wp-json\/wp\/v2\/types\/post"}],"author":[{"embeddable":true,"href":"https:\/\/senoticias.com.br\/se\/wp-json\/wp\/v2\/users\/6557"}],"replies":[{"embeddable":true,"href":"https:\/\/senoticias.com.br\/se\/wp-json\/wp\/v2\/comments?post=123924"}],"version-history":[{"count":0,"href":"https:\/\/senoticias.com.br\/se\/wp-json\/wp\/v2\/posts\/123924\/revisions"}],"wp:featuredmedia":[{"embeddable":true,"href":"https:\/\/senoticias.com.br\/se\/wp-json\/wp\/v2\/media\/123927"}],"wp:attachment":[{"href":"https:\/\/senoticias.com.br\/se\/wp-json\/wp\/v2\/media?parent=123924"}],"wp:term":[{"taxonomy":"category","embeddable":true,"href":"https:\/\/senoticias.com.br\/se\/wp-json\/wp\/v2\/categories?post=123924"},{"taxonomy":"post_tag","embeddable":true,"href":"https:\/\/senoticias.com.br\/se\/wp-json\/wp\/v2\/tags?post=123924"}],"curies":[{"name":"wp","href":"https:\/\/api.w.org\/{rel}","templated":true}]}}