{"id":123922,"date":"2020-06-24T13:23:04","date_gmt":"2020-06-24T16:23:04","guid":{"rendered":"https:\/\/senoticias.com.br\/se\/?p=123922"},"modified":"2020-06-24T13:23:04","modified_gmt":"2020-06-24T16:23:04","slug":"retorno-dos-treinos-nos-clubes-volta-a-ser-adiado-pelo-governo","status":"publish","type":"post","link":"https:\/\/senoticias.com.br\/se\/retorno-dos-treinos-nos-clubes-volta-a-ser-adiado-pelo-governo\/","title":{"rendered":"Retorno dos treinos nos clubes volta a ser adiado pelo Governo"},"content":{"rendered":"<p style=\"text-align: justify;\">Assim como muitos setores da economia, os clubes sergipanos que se preparam para voltar aos treinos aguardavam o aval do Governo Estadual nesta ter\u00e7a-feira, 23, o que n\u00e3o ocorreu. Com a reabertura do com\u00e9rcio adiada mais uma vez, os clubes tamb\u00e9m ter\u00e3o que aguardar pelo menos at\u00e9 a pr\u00f3xima segunda-feira, 29, para poder iniciar as atividades presenciais com seus atletas.<\/p>\n<div id=\"attachment_123923\" style=\"width: 560px\" class=\"wp-caption aligncenter\"><a href=\"https:\/\/senoticias.com.br\/se\/wp-content\/uploads\/2020\/06\/futebol-substitui\u00e7\u00e3o-atletas-foto-pixabay_08052020-e1593015678700.jpg\"><img loading=\"lazy\" decoding=\"async\" aria-describedby=\"caption-attachment-123923\" class=\"size-full wp-image-123923\" src=\"https:\/\/senoticias.com.br\/se\/wp-content\/uploads\/2020\/06\/futebol-substitui\u00e7\u00e3o-atletas-foto-pixabay_08052020-e1593015678700.jpg\" alt=\"\" width=\"550\" height=\"367\" \/><\/a><p id=\"caption-attachment-123923\" class=\"wp-caption-text\">Retorno das atividades presenciais no clube s\u00f3 ocorrer\u00e1 na pr\u00f3xima semana (Foto: Pxabay)<\/p><\/div>\n<p style=\"text-align: justify;\">A libera\u00e7\u00e3o para os treinos faz parte da chamada fase laranja, a primeira do plano de flexibiliza\u00e7\u00e3o da atividade comercial apresentado pelo Governo. A expectativa era que esta fase fosse liberada nesta ter\u00e7a-feira, conforme planejado anteriormente, mas o Governo decidiu adiar essa retomada para o in\u00edcio da pr\u00f3xima semana, com novas restri\u00e7\u00f5es para a Regi\u00e3o Metropolitana.Confian\u00e7a, Frei Paulistano, Itabaiana e Sergipe s\u00e3o os clubes que ainda t\u00eam competi\u00e7\u00f5es para disputar em 2020 e t\u00eam acompanhado a situa\u00e7\u00e3o de perto. Na \u00faltima semana, inclusive, o Confian\u00e7a realizou o teste de sorologia para a Covid-19 em seus atletas. Segundo o clube, apenas um atleta teve resultado inconclusivo, oito tiveram a doen\u00e7a mas j\u00e1 se apresentaram curados e 18 tiveram exames negativos.<\/p>\n<p style=\"text-align: justify;\">A proje\u00e7\u00e3o dos clubes e da Federa\u00e7\u00e3o Sergipana de Futebol (FSF) \u00e9 retomar o Campeonato Estadual em 25 de julho. O retorno da competi\u00e7\u00e3o, no entanto, ainda passar\u00e1 pelo crivo do Governo, j\u00e1 que se encontra dentro da fase de \u2018atividades especiais\u2019 do plano de reabertura do com\u00e9rcio. A competi\u00e7\u00e3o ser\u00e1 alvo de uma an\u00e1lise individualizada antes de ser autorizada.<\/p>\n<p style=\"text-align: justify;\">Por \u00cdcaro Novaes<\/p>\n<p><a href=\"https:\/\/senoticias.com.br\/se\/wp-content\/uploads\/2020\/06\/Logo-SE-Noticias.jpg\"><img loading=\"lazy\" decoding=\"async\" class=\"size-full wp-image-123874 alignleft\" src=\"https:\/\/senoticias.com.br\/se\/wp-content\/uploads\/2020\/06\/Logo-SE-Noticias.jpg\" alt=\"\" width=\"599\" height=\"78\" srcset=\"https:\/\/senoticias.com.br\/se\/wp-content\/uploads\/2020\/06\/Logo-SE-Noticias.jpg 599w, https:\/\/senoticias.com.br\/se\/wp-content\/uploads\/2020\/06\/Logo-SE-Noticias-300x39.jpg 300w\" sizes=\"(max-width: 599px) 100vw, 599px\" \/><\/a><\/p>\n<p>&nbsp;<\/p>\n<p>&nbsp;<\/p>\n<p>&nbsp;<\/p>\n<p><em><strong>Acompanhe tamb\u00e9m o SE Not\u00edcias no\u00a0<a href=\"https:\/\/www.instagram.com\/senoticias\/\">Instagram<\/a>,\u00a0<a href=\"https:\/\/twitter.com\/home\">Twitter<\/a>\u00a0e no\u00a0<a href=\"https:\/\/web.facebook.com\/senoticias1\/\">Facebook<\/a><\/strong><\/em><\/p>\n","protected":false},"excerpt":{"rendered":"<p>Assim como muitos setores da economia, os clubes sergipanos que se preparam para voltar aos treinos aguardavam o aval do Governo Estadual nesta ter\u00e7a-feira, 23, o que n\u00e3o ocorreu. Com a reabertura do com\u00e9rcio adiada mais uma vez, os clubes tamb\u00e9m ter\u00e3o que aguardar pelo menos at\u00e9 a pr\u00f3xima segunda-feira, 29, para poder iniciar as [&hellip;]<\/p>\n","protected":false},"author":6557,"featured_media":0,"comment_status":"closed","ping_status":"closed","sticky":false,"template":"","format":"standard","meta":{"footnotes":""},"categories":[15,39],"tags":[9971,14928,3478,8372],"class_list":{"0":"post-123922","1":"post","2":"type-post","3":"status-publish","4":"format-standard","6":"category-destaques","7":"category-esporte","8":"tag-adiado","9":"tag-clube","10":"tag-retorno","11":"tag-treinos"},"_links":{"self":[{"href":"https:\/\/senoticias.com.br\/se\/wp-json\/wp\/v2\/posts\/123922"}],"collection":[{"href":"https:\/\/senoticias.com.br\/se\/wp-json\/wp\/v2\/posts"}],"about":[{"href":"https:\/\/senoticias.com.br\/se\/wp-json\/wp\/v2\/types\/post"}],"author":[{"embeddable":true,"href":"https:\/\/senoticias.com.br\/se\/wp-json\/wp\/v2\/users\/6557"}],"replies":[{"embeddable":true,"href":"https:\/\/senoticias.com.br\/se\/wp-json\/wp\/v2\/comments?post=123922"}],"version-history":[{"count":0,"href":"https:\/\/senoticias.com.br\/se\/wp-json\/wp\/v2\/posts\/123922\/revisions"}],"wp:attachment":[{"href":"https:\/\/senoticias.com.br\/se\/wp-json\/wp\/v2\/media?parent=123922"}],"wp:term":[{"taxonomy":"category","embeddable":true,"href":"https:\/\/senoticias.com.br\/se\/wp-json\/wp\/v2\/categories?post=123922"},{"taxonomy":"post_tag","embeddable":true,"href":"https:\/\/senoticias.com.br\/se\/wp-json\/wp\/v2\/tags?post=123922"}],"curies":[{"name":"wp","href":"https:\/\/api.w.org\/{rel}","templated":true}]}}