{"id":123916,"date":"2020-06-23T22:41:40","date_gmt":"2020-06-24T01:41:40","guid":{"rendered":"https:\/\/senoticias.com.br\/se\/?p=123916"},"modified":"2020-06-23T22:41:40","modified_gmt":"2020-06-24T01:41:40","slug":"estado-de-sergipe-tem-mais-de-19-800-casos-da-covid-19-e-511-mortes","status":"publish","type":"post","link":"https:\/\/senoticias.com.br\/se\/estado-de-sergipe-tem-mais-de-19-800-casos-da-covid-19-e-511-mortes\/","title":{"rendered":"Estado de Sergipe tem mais de 19.800 casos da Covid-19 e 511 mortes"},"content":{"rendered":"<p style=\"text-align: justify;\">A SES divulga nesta ter\u00e7a-feira, 23, o boletim epidemiol\u00f3gico do coronav\u00edrus, com 499 novos casos e 20 \u00f3bitos. Em Sergipe, 19.883 pessoas j\u00e1 testaram positivo para a COVID-19 e 511 morreram. Uma duplicidade do munic\u00edpio de Itabaiana foi exclu\u00edda<\/p>\n<div id=\"attachment_123917\" style=\"width: 609px\" class=\"wp-caption aligncenter\"><a href=\"https:\/\/senoticias.com.br\/se\/wp-content\/uploads\/2020\/06\/Mortes-Covid19-SE-Noticias-1-e1592962798107.jpg\"><img loading=\"lazy\" decoding=\"async\" aria-describedby=\"caption-attachment-123917\" class=\"size-full wp-image-123917\" src=\"https:\/\/senoticias.com.br\/se\/wp-content\/uploads\/2020\/06\/Mortes-Covid19-SE-Noticias-1-e1592962798107.jpg\" alt=\"\" width=\"599\" height=\"599\" \/><\/a><p id=\"caption-attachment-123917\" class=\"wp-caption-text\">Dados foram divulgados pela Secretaria de Estado da Sa\u00fade<\/p><\/div>\n<p style=\"text-align: justify;\">Seis mortes s\u00e3o de Aracaju. Quatro foram de homens: de 93 anos, com hipertens\u00e3o; de 88 anos, sem comorbidades; de 68 anos, com doen\u00e7a renal cr\u00f4nica; e 47 anos, com diabetes. As duas mulheres possu\u00edam 67 anos, sem comorbidades, e 78 anos, com hipertens\u00e3o.<\/p>\n<p style=\"text-align: justify;\">Quatro cidades registraram duas mortes cada: Nossa Senhora do Socorro (homem, 58 anos, com diabetes e doen\u00e7a renal cr\u00f4nica e idosa, 87, com hipertens\u00e3o), Pirambu (ambos homens, de 60 anos, com doen\u00e7a renal cr\u00f4nica e 81 anos, com hipertens\u00e3o), Carira (homem, 70, sem comorbidades e mulher, 92, cardiopata); S\u00e3o Crist\u00f3v\u00e3o (mulher, 52, sem comorbidades e homem, 88, com diabetes e hipertens\u00e3o).<\/p>\n<p style=\"text-align: justify;\">Nas demais cidades: homem, 56, da Barra dos Coqueiros, com hipertens\u00e3o e diabetes; homem, 53, de Riachuelo, cardiopata; homem, 67, de Sim\u00e3o Dias, com insufici\u00eancia renal cr\u00f4nica, hipertens\u00e3o e diabetes; homem, 45, morador de Umba\u00faba, com hepatopatia; mulher, 87, residente de Malhador, com hipertens\u00e3o e diabetes; e mais um idoso, de 87 anos, de Lagarto, com hipertens\u00e3o e diabetes.<\/p>\n<p style=\"text-align: justify;\">S\u00e3o 7.521 pessoas curadas at\u00e9 o momento. Foram realizados 42.703 exames e 22.820 foram negativados. Est\u00e3o internados 575 pacientes, sendo 223 em leitos de UTI (112 na rede p\u00fablica, sendo 108 adultas e 4 pedi\u00e1tricas; e 111 na rede privada, sendo 109 adultas e 2 pedi\u00e1tricas) e 352 em leitos cl\u00ednicos (234 na rede p\u00fablica e 118 na rede privada). S\u00e3o investigados mais 20 \u00f3bitos.<\/p>\n<p><em><strong>Acompanhe tamb\u00e9m o SE Not\u00edcias no\u00a0<a href=\"https:\/\/www.instagram.com\/senoticias\/\">Instagram<\/a>,\u00a0<a href=\"https:\/\/twitter.com\/home\">Twitter<\/a>\u00a0e no\u00a0<a href=\"https:\/\/web.facebook.com\/senoticias1\/\">Facebook<\/a><\/strong><\/em><\/p>\n<p>&nbsp;<\/p>\n<p><a href=\"https:\/\/senoticias.com.br\/se\/wp-content\/uploads\/2020\/06\/Logo-SE-Noticias.jpg\"><img loading=\"lazy\" decoding=\"async\" class=\"aligncenter size-full wp-image-123874\" src=\"https:\/\/senoticias.com.br\/se\/wp-content\/uploads\/2020\/06\/Logo-SE-Noticias.jpg\" alt=\"\" width=\"599\" height=\"78\" srcset=\"https:\/\/senoticias.com.br\/se\/wp-content\/uploads\/2020\/06\/Logo-SE-Noticias.jpg 599w, https:\/\/senoticias.com.br\/se\/wp-content\/uploads\/2020\/06\/Logo-SE-Noticias-300x39.jpg 300w\" sizes=\"(max-width: 599px) 100vw, 599px\" \/><\/a><\/p>\n<p>&nbsp;<\/p>\n<p><em>Fonte: Ag\u00eancia Sergipe de Not\u00edcias<\/em><\/p>\n","protected":false},"excerpt":{"rendered":"<p>A SES divulga nesta ter\u00e7a-feira, 23, o boletim epidemiol\u00f3gico do coronav\u00edrus, com 499 novos casos e 20 \u00f3bitos. Em Sergipe, 19.883 pessoas j\u00e1 testaram positivo para a COVID-19 e 511 morreram. Uma duplicidade do munic\u00edpio de Itabaiana foi exclu\u00edda Seis mortes s\u00e3o de Aracaju. Quatro foram de homens: de 93 anos, com hipertens\u00e3o; de 88 [&hellip;]<\/p>\n","protected":false},"author":6557,"featured_media":123917,"comment_status":"closed","ping_status":"closed","sticky":false,"template":"","format":"standard","meta":{"footnotes":""},"categories":[15,6],"tags":[14925,14123,14270,448],"class_list":{"0":"post-123916","1":"post","2":"type-post","3":"status-publish","4":"format-standard","5":"has-post-thumbnail","7":"category-destaques","8":"category-politica","9":"tag-500-mortos","10":"tag-coronavirus","11":"tag-covid-19","12":"tag-governo-de-sergipe"},"_links":{"self":[{"href":"https:\/\/senoticias.com.br\/se\/wp-json\/wp\/v2\/posts\/123916"}],"collection":[{"href":"https:\/\/senoticias.com.br\/se\/wp-json\/wp\/v2\/posts"}],"about":[{"href":"https:\/\/senoticias.com.br\/se\/wp-json\/wp\/v2\/types\/post"}],"author":[{"embeddable":true,"href":"https:\/\/senoticias.com.br\/se\/wp-json\/wp\/v2\/users\/6557"}],"replies":[{"embeddable":true,"href":"https:\/\/senoticias.com.br\/se\/wp-json\/wp\/v2\/comments?post=123916"}],"version-history":[{"count":0,"href":"https:\/\/senoticias.com.br\/se\/wp-json\/wp\/v2\/posts\/123916\/revisions"}],"wp:featuredmedia":[{"embeddable":true,"href":"https:\/\/senoticias.com.br\/se\/wp-json\/wp\/v2\/media\/123917"}],"wp:attachment":[{"href":"https:\/\/senoticias.com.br\/se\/wp-json\/wp\/v2\/media?parent=123916"}],"wp:term":[{"taxonomy":"category","embeddable":true,"href":"https:\/\/senoticias.com.br\/se\/wp-json\/wp\/v2\/categories?post=123916"},{"taxonomy":"post_tag","embeddable":true,"href":"https:\/\/senoticias.com.br\/se\/wp-json\/wp\/v2\/tags?post=123916"}],"curies":[{"name":"wp","href":"https:\/\/api.w.org\/{rel}","templated":true}]}}