{"id":123912,"date":"2020-06-23T17:16:53","date_gmt":"2020-06-23T20:16:53","guid":{"rendered":"https:\/\/senoticias.com.br\/se\/?p=123912"},"modified":"2020-06-23T19:47:45","modified_gmt":"2020-06-23T22:47:45","slug":"sao-cristovao-institui-programa-de-recuperacao-fiscal","status":"publish","type":"post","link":"https:\/\/senoticias.com.br\/se\/sao-cristovao-institui-programa-de-recuperacao-fiscal\/","title":{"rendered":"Prefeitura de S\u00e3o Crist\u00f3v\u00e3o concede 100% de desconto nos juros e multas de tributos em atraso"},"content":{"rendered":"<p style=\"text-align: justify;\">O munic\u00edpio de S\u00e3o Crist\u00f3v\u00e3o instituiu o Programa de Recupera\u00e7\u00e3o Fiscal (Refis\/2020) que autoriza o parcelamento de d\u00e9bitos e <strong>concede anistia de multa de mora e juros de mora para pessoas f\u00edsicas e jur\u00eddicas que se encontrarem em recupera\u00e7\u00e3o judicial.<\/strong> A decis\u00e3o consta na Lei n\u00ba 448\/2020, de 18 de junho deste ano.<\/p>\n<div id=\"attachment_123913\" style=\"width: 560px\" class=\"wp-caption aligncenter\"><a href=\"https:\/\/senoticias.com.br\/se\/wp-content\/uploads\/2020\/06\/S\u00e3o-Crist\u00f3v\u00e3o-SE-Noticias-e1592943277633.jpg\"><img loading=\"lazy\" decoding=\"async\" aria-describedby=\"caption-attachment-123913\" class=\"size-full wp-image-123913\" src=\"https:\/\/senoticias.com.br\/se\/wp-content\/uploads\/2020\/06\/S\u00e3o-Crist\u00f3v\u00e3o-SE-Noticias-e1592943277633.jpg\" alt=\"\" width=\"550\" height=\"252\" \/><\/a><p id=\"caption-attachment-123913\" class=\"wp-caption-text\">Pagamento \u00e0 vista do IPTU em atraso garante 100% de desconto (Foto: SE Not\u00edcias)<\/p><\/div>\n<p style=\"text-align: justify;\">O Refis 2020 abrange os d\u00e9bitos de natureza tribut\u00e1ria e n\u00e3o tribut\u00e1ria (vencidos at\u00e9 16 de mar\u00e7o deste ano), inclusive aqueles, objeto de parcelamentos anteriores rescindidos ou ativos, em discuss\u00e3o administrativa ou judicial, ou provenientes de lan\u00e7amento de of\u00edcio efetuados ap\u00f3s a publica\u00e7\u00e3o da lei.<\/p>\n<p style=\"text-align: justify;\">\u201cEm fun\u00e7\u00e3o dos efeitos da pandemia do novo coronav\u00edrus na capacidade de gera\u00e7\u00e3o de resultados da pessoa jur\u00eddica e no comprometimento da renda das pessoas f\u00edsicas, encaminhamos para a C\u00e2mara de Vereadores Projeto que aprovado se tornou lei que institui o Programa de Recupera\u00e7\u00e3o Fiscal 2020, concedendo parcelamento de d\u00e9bitos, anistia de multa de mora e juros de mora para pessoas f\u00edsicas e jur\u00eddicas. <strong>Os cidad\u00e3os que aderirem ter\u00e3o mais vantagens e poder\u00e3o liquidar os d\u00e9bitos com anistia de 100% (cem por cento) dos juros de mora e da multa de mora em at\u00e9 06 (seis) parcelas corrigidas mensalmente\u201d<\/strong>, explicou o prefeito Marcos Santana.<\/p>\n<p style=\"text-align: justify;\">A ades\u00e3o ao Refis ocorrer\u00e1 por meio de requerimento a ser efetuado at\u00e9 o dia 30 de setembro de 2020 e abranger\u00e1 os d\u00e9bitos indicados pelo sujeito passivo ou representante legal, na condi\u00e7\u00e3o de contribuinte ou respons\u00e1vel. Segundo explicou o secret\u00e1rio municipal da fazenda, Eldro da Fran\u00e7a, o requerimento de parcelamento dever\u00e1 ser formulado pelo cidad\u00e3o ou representante legal, exclusivamente, atrav\u00e9s do site da Prefeitura de S\u00e3o Crist\u00f3v\u00e3o (www.saocristovao.se.gov.br).<\/p>\n<p style=\"text-align: justify;\">\u201cO requerimento dever\u00e1 ser encaminhado atrav\u00e9s do e-mail: <strong>refis2020@saocristovao.se.gov.br<\/strong>, juntamente com c\u00f3pia do RG e CPF do sujeito passivo e do representante legal. No caso de representa\u00e7\u00e3o dever\u00e1 ser encaminhada c\u00f3pia da procura\u00e7\u00e3o. Para pessoa jur\u00eddica, o pedido dever\u00e1 ser formulado em nome do estabelecimento matriz\u201d, pontuou o secret\u00e1rio.<\/p>\n<p style=\"text-align: justify;\"><strong>Regras<\/strong><\/p>\n<p style=\"text-align: justify;\">O secret\u00e1rio municipal da fazenda, Eldro da Fran\u00e7a esclarece que o deferimento do pedido de ades\u00e3o ao Refis 2020 fica condicionado ao pagamento do valor \u00e0 vista ou da primeira parcela (que dever\u00e1 ocorrer at\u00e9 o \u00faltimo dia \u00fatil do m\u00eas do requerimento). \u201cExistindo parcelamentos concedidos sob outras modalidades, ser\u00e1 admitida a transfer\u00eancia dos saldos remanescente. O valor m\u00ednimo de cada presta\u00e7\u00e3o mensal dos parcelamentos ser\u00e1 de R$ 100,00, quando o devedor for pessoa f\u00edsica e R$ 200,00 quando o devedor for pessoa jur\u00eddica\u201d, concluiu.<\/p>\n<p style=\"text-align: justify;\">Para conferir todos os detalhes do Refis 2020 acesse o Di\u00e1rio Oficial da Prefeitura de S\u00e3o Crist\u00f3v\u00e3o da data 19 de junho.<\/p>\n<p><em>Mat\u00e9ria extra\u00edda do site da Prefeitura Municipal de S\u00e3o Crist\u00f3v\u00e3o<\/em><\/p>\n<p><a href=\"https:\/\/senoticias.com.br\/se\/wp-content\/uploads\/2020\/06\/Logo-SE-Noticias.jpg\"><img loading=\"lazy\" decoding=\"async\" class=\"size-full wp-image-123874 alignleft\" src=\"https:\/\/senoticias.com.br\/se\/wp-content\/uploads\/2020\/06\/Logo-SE-Noticias.jpg\" alt=\"\" width=\"599\" height=\"78\" srcset=\"https:\/\/senoticias.com.br\/se\/wp-content\/uploads\/2020\/06\/Logo-SE-Noticias.jpg 599w, https:\/\/senoticias.com.br\/se\/wp-content\/uploads\/2020\/06\/Logo-SE-Noticias-300x39.jpg 300w\" sizes=\"(max-width: 599px) 100vw, 599px\" \/><\/a><\/p>\n<p>&nbsp;<\/p>\n<p>&nbsp;<\/p>\n<p>&nbsp;<\/p>\n<p><em><strong>Acompanhe tamb\u00e9m o SE Not\u00edcias no\u00a0<a href=\"https:\/\/www.instagram.com\/senoticias\/\">Instagram<\/a>,\u00a0<a href=\"https:\/\/twitter.com\/home\">Twitter<\/a>\u00a0e no\u00a0<a href=\"https:\/\/web.facebook.com\/senoticias1\/\">Facebook<\/a><\/strong><\/em><\/p>\n","protected":false},"excerpt":{"rendered":"<p>O munic\u00edpio de S\u00e3o Crist\u00f3v\u00e3o instituiu o Programa de Recupera\u00e7\u00e3o Fiscal (Refis\/2020) que autoriza o parcelamento de d\u00e9bitos e concede anistia de multa de mora e juros de mora para pessoas f\u00edsicas e jur\u00eddicas que se encontrarem em recupera\u00e7\u00e3o judicial. A decis\u00e3o consta na Lei n\u00ba 448\/2020, de 18 de junho deste ano. O Refis [&hellip;]<\/p>\n","protected":false},"author":6557,"featured_media":0,"comment_status":"closed","ping_status":"closed","sticky":false,"template":"","format":"standard","meta":{"footnotes":""},"categories":[15,38],"tags":[81,3686,3467,3458,335],"class_list":{"0":"post-123912","1":"post","2":"type-post","3":"status-publish","4":"format-standard","6":"category-destaques","7":"category-municipios","8":"tag-prefeitura-de-sao-cristovao","9":"tag-programa","10":"tag-recuperacao","11":"tag-refis","12":"tag-sao-cristovao"},"_links":{"self":[{"href":"https:\/\/senoticias.com.br\/se\/wp-json\/wp\/v2\/posts\/123912"}],"collection":[{"href":"https:\/\/senoticias.com.br\/se\/wp-json\/wp\/v2\/posts"}],"about":[{"href":"https:\/\/senoticias.com.br\/se\/wp-json\/wp\/v2\/types\/post"}],"author":[{"embeddable":true,"href":"https:\/\/senoticias.com.br\/se\/wp-json\/wp\/v2\/users\/6557"}],"replies":[{"embeddable":true,"href":"https:\/\/senoticias.com.br\/se\/wp-json\/wp\/v2\/comments?post=123912"}],"version-history":[{"count":0,"href":"https:\/\/senoticias.com.br\/se\/wp-json\/wp\/v2\/posts\/123912\/revisions"}],"wp:attachment":[{"href":"https:\/\/senoticias.com.br\/se\/wp-json\/wp\/v2\/media?parent=123912"}],"wp:term":[{"taxonomy":"category","embeddable":true,"href":"https:\/\/senoticias.com.br\/se\/wp-json\/wp\/v2\/categories?post=123912"},{"taxonomy":"post_tag","embeddable":true,"href":"https:\/\/senoticias.com.br\/se\/wp-json\/wp\/v2\/tags?post=123912"}],"curies":[{"name":"wp","href":"https:\/\/api.w.org\/{rel}","templated":true}]}}