{"id":123901,"date":"2020-06-22T20:31:03","date_gmt":"2020-06-22T23:31:03","guid":{"rendered":"https:\/\/senoticias.com.br\/se\/?p=123901"},"modified":"2020-06-22T20:31:03","modified_gmt":"2020-06-22T23:31:03","slug":"ato-simboliza-banho-de-sangue-no-palacio-do-governo-e-cobra-lockdown-em-sergipe","status":"publish","type":"post","link":"https:\/\/senoticias.com.br\/se\/ato-simboliza-banho-de-sangue-no-palacio-do-governo-e-cobra-lockdown-em-sergipe\/","title":{"rendered":"Ato simboliza banho de sangue no Pal\u00e1cio do Governo e cobra lockdown em Sergipe"},"content":{"rendered":"<p style=\"text-align: justify;\">Um banho de sangue simb\u00f3lico na porta do Pal\u00e1cio do Governo cobrou o lockdown em Sergipe com renda para os trabalhadores, na manh\u00e3 desta segunda-feira (22\/6), dia dedicado \u00e0 luta por a\u00e7\u00f5es mais radicais para derrotar o Coronav\u00edrus, pelo Fora Bolsonaro e elei\u00e7\u00f5es gerais j\u00e1.<\/p>\n<div id=\"attachment_123902\" style=\"width: 609px\" class=\"wp-caption aligncenter\"><a href=\"https:\/\/senoticias.com.br\/se\/wp-content\/uploads\/2020\/06\/Cut-SE-Noticias.jpeg\"><img loading=\"lazy\" decoding=\"async\" aria-describedby=\"caption-attachment-123902\" class=\"size-full wp-image-123902\" src=\"https:\/\/senoticias.com.br\/se\/wp-content\/uploads\/2020\/06\/Cut-SE-Noticias-e1592868469204.jpeg\" alt=\"\" width=\"599\" height=\"394\" \/><\/a><p id=\"caption-attachment-123902\" class=\"wp-caption-text\">Cut cobra lockdown em Sergipe (foto: ascom)<\/p><\/div>\n<p style=\"text-align: justify;\">Contra a abertura do Com\u00e9rcio em Sergipe, sem nenhuma medida eficaz para reduzir a contamina\u00e7\u00e3o por Covid-19, manifestantes das Frentes Brasil Popular, Povo Sem Medo, CUT, CTB, Conlutas e UGT caminharam embaixo da chuva desde o Terminal do DIA at\u00e9 a frente do Pal\u00e1cio do Governo, onde cobraram a responsabilidade pela morte de mais de 462 sergipanos e pelos 18.985 contaminados por Coronav\u00edrus.<\/p>\n<p style=\"text-align: justify;\">O presidente da Central \u00danica dos Trabalhadores (CUT\/SE), Roberto Silva, afirmou que o governo Belivaldo ser\u00e1 o respons\u00e1vel pelo banho de sangue em Sergipe neste momento em que prioriza o lucro em detrimento da vida e decide flexibilizar o isolamento com a abertura do com\u00e9rcio em Sergipe.<\/p>\n<p style=\"text-align: justify;\">\u201cN\u00e3o tem testagem em massa, n\u00e3o tem medi\u00e7\u00e3o de temperatura, n\u00e3o tem controle na entrada das empresas, ou seja: n\u00e3o tem, por parte do governo, nenhuma medida de prote\u00e7\u00e3o \u00e0queles que t\u00eam se aglomerado dentro dos \u00f4nibus para trabalhar aumentando a contamina\u00e7\u00e3o por Covid no nosso Estado de forma assustadora. \u00c9 a vida das pessoas que est\u00e1 em jogo. Por isso aqui n\u00e3o \u00e9 nenhuma \u2018depreda\u00e7\u00e3o do patrim\u00f4nio p\u00fablico\u2019, \u00e9 um simbolismo para denunciar o banho de sangue de verdade, o sangue das pessoas que est\u00e3o morrendo todos os dias\u201d, denunciou o presidente da CUT\/SE, Roberto Silva.<\/p>\n<p style=\"text-align: justify;\">O presidente da CUT\/SE tamb\u00e9m afirmou: \u201cnosso protesto cumpriu o objetivo de chamar a aten\u00e7\u00e3o do governo que n\u00e3o quis ouvir o movimento sindical e s\u00f3 ouviu os empres\u00e1rios para tomar esta medida insana de reabertura do com\u00e9rcio colocando em risco a vida de todos e todas\u201d.<\/p>\n<p style=\"text-align: justify;\">Dirigentes da CUT\/SE, a secret\u00e1ria de Rela\u00e7\u00f5es do Trabalho da CUT\/SE, Caroline Santos, a secret\u00e1ria de Organiza\u00e7\u00e3o Pol\u00edtica e Sindical, Joelma Dias, a secret\u00e1ria da Mulher Trabalhadora, Cl\u00e1udia Oliveira e o secret\u00e1rio de Comunica\u00e7\u00e3o da CUT\/SE, Pl\u00ednio Pugliesi, participaram do protesto e junto aos demais manifestantes gritaram na porta do Pal\u00e1cio do Governo: \u201cChega de hipocrisia, abrir o com\u00e9rcio \u00e9 genoc\u00eddio todo dia\u201d.<\/p>\n<p style=\"text-align: justify;\">Sob os primeiros raios de sol desta segunda-feira, trabalhadores e estudantes do movimento social e sindical chamaram a aten\u00e7\u00e3o da popula\u00e7\u00e3o com a colagem de cartazes nos terminais da Atalaia, Maracaju, UFS, Mercado e Centro.<\/p>\n<p>&nbsp;<\/p>\n<p><a href=\"https:\/\/senoticias.com.br\/se\/wp-content\/uploads\/2020\/06\/Logo-SE-Noticias.jpg\"><img loading=\"lazy\" decoding=\"async\" class=\"aligncenter size-full wp-image-123874\" src=\"https:\/\/senoticias.com.br\/se\/wp-content\/uploads\/2020\/06\/Logo-SE-Noticias.jpg\" alt=\"\" width=\"599\" height=\"78\" srcset=\"https:\/\/senoticias.com.br\/se\/wp-content\/uploads\/2020\/06\/Logo-SE-Noticias.jpg 599w, https:\/\/senoticias.com.br\/se\/wp-content\/uploads\/2020\/06\/Logo-SE-Noticias-300x39.jpg 300w\" sizes=\"(max-width: 599px) 100vw, 599px\" \/><\/a><\/p>\n<p>&nbsp;<\/p>\n<p><em><strong>Acompanhe tamb\u00e9m o SE Not\u00edcias no\u00a0<a href=\"https:\/\/www.instagram.com\/senoticias\/\">Instagram<\/a>,\u00a0<a href=\"https:\/\/twitter.com\/home\">Twitter<\/a>\u00a0e no\u00a0<a href=\"https:\/\/web.facebook.com\/senoticias1\/\">Facebook<\/a>\u00a0<\/strong><\/em><\/p>\n<p>&nbsp;<\/p>\n<p>Foto: ascom\/CUT<\/p>\n","protected":false},"excerpt":{"rendered":"<p>Um banho de sangue simb\u00f3lico na porta do Pal\u00e1cio do Governo cobrou o lockdown em Sergipe com renda para os trabalhadores, na manh\u00e3 desta segunda-feira (22\/6), dia dedicado \u00e0 luta por a\u00e7\u00f5es mais radicais para derrotar o Coronav\u00edrus, pelo Fora Bolsonaro e elei\u00e7\u00f5es gerais j\u00e1. Contra a abertura do Com\u00e9rcio em Sergipe, sem nenhuma medida [&hellip;]<\/p>\n","protected":false},"author":6557,"featured_media":123902,"comment_status":"closed","ping_status":"closed","sticky":false,"template":"","format":"standard","meta":{"footnotes":""},"categories":[15,6],"tags":[14919,8757,14688,14918,14369],"class_list":{"0":"post-123901","1":"post","2":"type-post","3":"status-publish","4":"format-standard","5":"has-post-thumbnail","7":"category-destaques","8":"category-politica","9":"tag-banho-de-sangue","10":"tag-central-unica-dos-trabalhadores","11":"tag-lockdown","12":"tag-palacio-do-governo","13":"tag-pandemia"},"_links":{"self":[{"href":"https:\/\/senoticias.com.br\/se\/wp-json\/wp\/v2\/posts\/123901"}],"collection":[{"href":"https:\/\/senoticias.com.br\/se\/wp-json\/wp\/v2\/posts"}],"about":[{"href":"https:\/\/senoticias.com.br\/se\/wp-json\/wp\/v2\/types\/post"}],"author":[{"embeddable":true,"href":"https:\/\/senoticias.com.br\/se\/wp-json\/wp\/v2\/users\/6557"}],"replies":[{"embeddable":true,"href":"https:\/\/senoticias.com.br\/se\/wp-json\/wp\/v2\/comments?post=123901"}],"version-history":[{"count":0,"href":"https:\/\/senoticias.com.br\/se\/wp-json\/wp\/v2\/posts\/123901\/revisions"}],"wp:featuredmedia":[{"embeddable":true,"href":"https:\/\/senoticias.com.br\/se\/wp-json\/wp\/v2\/media\/123902"}],"wp:attachment":[{"href":"https:\/\/senoticias.com.br\/se\/wp-json\/wp\/v2\/media?parent=123901"}],"wp:term":[{"taxonomy":"category","embeddable":true,"href":"https:\/\/senoticias.com.br\/se\/wp-json\/wp\/v2\/categories?post=123901"},{"taxonomy":"post_tag","embeddable":true,"href":"https:\/\/senoticias.com.br\/se\/wp-json\/wp\/v2\/tags?post=123901"}],"curies":[{"name":"wp","href":"https:\/\/api.w.org\/{rel}","templated":true}]}}