{"id":123833,"date":"2020-06-18T09:48:59","date_gmt":"2020-06-18T12:48:59","guid":{"rendered":"https:\/\/senoticias.com.br\/se\/?p=123833"},"modified":"2020-06-18T11:54:34","modified_gmt":"2020-06-18T14:54:34","slug":"lojas-de-eletrodomesticos-e-concessionarias-reabrem-nesta-quinta","status":"publish","type":"post","link":"https:\/\/senoticias.com.br\/se\/lojas-de-eletrodomesticos-e-concessionarias-reabrem-nesta-quinta\/","title":{"rendered":"Em Aracaju, lojas de eletrodom\u00e9sticos e concession\u00e1rias reabrem nesta quinta"},"content":{"rendered":"<p style=\"text-align: justify;\">A partir das 9h desta quinta-feira, dia 18, alguns estabelecimentos comerciais est\u00e3o aptos a reabrir suas portas ap\u00f3s serem fechados no m\u00eas de mar\u00e7o em decorr\u00eancia da pandemia. <strong>Em Aracaju, o funcionamento ocorrer\u00e1 das 9h \u00e0s 16h.<\/strong> J\u00e1 os escrit\u00f3rios de engenharia e arquitetura continuar\u00e3o com hor\u00e1rio normal. Em conversa com o Portal Infonet, o presidente da CDL destaca a expectativa para a reabertura, mas deixa claro os cuidados que os lojistas devem ter durante a reabertura. A informa\u00e7\u00e3o \u00e9 do portal Infonet.<\/p>\n<div id=\"attachment_123834\" style=\"width: 560px\" class=\"wp-caption aligncenter\"><a href=\"https:\/\/senoticias.com.br\/se\/wp-content\/uploads\/2020\/06\/centro-aracaju-foto-jadilson-simoes-06052020-1.jpg\"><img loading=\"lazy\" decoding=\"async\" aria-describedby=\"caption-attachment-123834\" class=\"size-full wp-image-123834\" src=\"https:\/\/senoticias.com.br\/se\/wp-content\/uploads\/2020\/06\/centro-aracaju-foto-jadilson-simoes-06052020-1.jpg\" alt=\"\" width=\"550\" height=\"365\" srcset=\"https:\/\/senoticias.com.br\/se\/wp-content\/uploads\/2020\/06\/centro-aracaju-foto-jadilson-simoes-06052020-1.jpg 550w, https:\/\/senoticias.com.br\/se\/wp-content\/uploads\/2020\/06\/centro-aracaju-foto-jadilson-simoes-06052020-1-300x199.jpg 300w, https:\/\/senoticias.com.br\/se\/wp-content\/uploads\/2020\/06\/centro-aracaju-foto-jadilson-simoes-06052020-1-90x60.jpg 90w, https:\/\/senoticias.com.br\/se\/wp-content\/uploads\/2020\/06\/centro-aracaju-foto-jadilson-simoes-06052020-1-180x120.jpg 180w, https:\/\/senoticias.com.br\/se\/wp-content\/uploads\/2020\/06\/centro-aracaju-foto-jadilson-simoes-06052020-1-95x64.jpg 95w\" sizes=\"(max-width: 550px) 100vw, 550px\" \/><\/a><p id=\"caption-attachment-123834\" class=\"wp-caption-text\">Abertura ocorre das <strong>9h \u00e0s 16<\/strong>h (Foto: Jadilson Sim\u00f5es)<\/p><\/div>\n<p style=\"text-align: justify;\">Conforme decreto do Governo do o Estado, est\u00e3o autorizados a funcionar concession\u00e1rias de ve\u00edculos; imobili\u00e1rias e similares; com\u00e9rcio de eletrodom\u00e9sticos, eletr\u00f4nicos, el\u00e9tricos, comunica\u00e7\u00e3o, inform\u00e1tica, equipamentos de \u00e1udio e v\u00eddeo; com\u00e9rcio de m\u00f3veis e colchoaria; escrit\u00f3rios de engenharia e arquitetura;Segundo o governador Belivaldo Chagas a execu\u00e7\u00e3o do plano de retomada depende em grande parte do comportamento da popula\u00e7\u00e3o. \u201cA possibilidade de cumprir esse plano do jeito que est\u00e1 posto, de fazer com que seja mais curto ou demora, est\u00e1 sob responsabilidade da popula\u00e7\u00e3o. Estamos fazendo a nossa parte, mas precisamos de mais compreens\u00e3o da popula\u00e7\u00e3o no que fiz respeito ao isolamento social e uso de m\u00e1scaras\u201d, explica.<\/p>\n<p style=\"text-align: justify;\"><strong>Casos da Covid-19<\/strong><\/p>\n<p style=\"text-align: justify;\">At\u00e9 o momento, Sergipe registra 16.807 casos confirmados, sendo 383 mortes. S\u00e3o 6.213 pessoas curadas at\u00e9 o momento e investigados mais 18 \u00f3bitos.<\/p>\n<p style=\"text-align: justify;\">por Aisla Vasconcelos, do <a href=\"https:\/\/infonet.com.br\/noticias\/economia\/lojas-de-eletrodomesticos-e-concessionarias-reabrem-nesta-quinta\/\"><strong>porta<\/strong><\/a>l Infonet<\/p>\n<p><a href=\"https:\/\/senoticias.com.br\/se\/wp-content\/uploads\/2020\/05\/282.jpg\"><img loading=\"lazy\" decoding=\"async\" class=\"alignnone size-full wp-image-123533\" src=\"https:\/\/senoticias.com.br\/se\/wp-content\/uploads\/2020\/05\/282.jpg\" alt=\"\" width=\"599\" height=\"78\" srcset=\"https:\/\/senoticias.com.br\/se\/wp-content\/uploads\/2020\/05\/282.jpg 599w, https:\/\/senoticias.com.br\/se\/wp-content\/uploads\/2020\/05\/282-300x39.jpg 300w\" sizes=\"(max-width: 599px) 100vw, 599px\" \/><\/a><\/p>\n<p><em><strong>Acompanhe tamb\u00e9m o SE Not\u00edcias no\u00a0<a href=\"https:\/\/www.instagram.com\/senoticias\/\">Instagram<\/a>,\u00a0<a href=\"https:\/\/twitter.com\/home\">Twitter<\/a>\u00a0e no\u00a0<a href=\"https:\/\/web.facebook.com\/senoticias1\/\">Facebook<\/a>\u00a0<\/strong><\/em><\/p>\n","protected":false},"excerpt":{"rendered":"<p>A partir das 9h desta quinta-feira, dia 18, alguns estabelecimentos comerciais est\u00e3o aptos a reabrir suas portas ap\u00f3s serem fechados no m\u00eas de mar\u00e7o em decorr\u00eancia da pandemia. Em Aracaju, o funcionamento ocorrer\u00e1 das 9h \u00e0s 16h. J\u00e1 os escrit\u00f3rios de engenharia e arquitetura continuar\u00e3o com hor\u00e1rio normal. Em conversa com o Portal Infonet, o [&hellip;]<\/p>\n","protected":false},"author":6557,"featured_media":0,"comment_status":"closed","ping_status":"closed","sticky":false,"template":"","format":"standard","meta":{"footnotes":""},"categories":[15,6],"tags":[14883,14882,3815,14884],"class_list":{"0":"post-123833","1":"post","2":"type-post","3":"status-publish","4":"format-standard","6":"category-destaques","7":"category-politica","8":"tag-concessionarias","9":"tag-eletrodomestico","10":"tag-lojas","11":"tag-reabrem"},"_links":{"self":[{"href":"https:\/\/senoticias.com.br\/se\/wp-json\/wp\/v2\/posts\/123833"}],"collection":[{"href":"https:\/\/senoticias.com.br\/se\/wp-json\/wp\/v2\/posts"}],"about":[{"href":"https:\/\/senoticias.com.br\/se\/wp-json\/wp\/v2\/types\/post"}],"author":[{"embeddable":true,"href":"https:\/\/senoticias.com.br\/se\/wp-json\/wp\/v2\/users\/6557"}],"replies":[{"embeddable":true,"href":"https:\/\/senoticias.com.br\/se\/wp-json\/wp\/v2\/comments?post=123833"}],"version-history":[{"count":0,"href":"https:\/\/senoticias.com.br\/se\/wp-json\/wp\/v2\/posts\/123833\/revisions"}],"wp:attachment":[{"href":"https:\/\/senoticias.com.br\/se\/wp-json\/wp\/v2\/media?parent=123833"}],"wp:term":[{"taxonomy":"category","embeddable":true,"href":"https:\/\/senoticias.com.br\/se\/wp-json\/wp\/v2\/categories?post=123833"},{"taxonomy":"post_tag","embeddable":true,"href":"https:\/\/senoticias.com.br\/se\/wp-json\/wp\/v2\/tags?post=123833"}],"curies":[{"name":"wp","href":"https:\/\/api.w.org\/{rel}","templated":true}]}}