{"id":123720,"date":"2020-06-10T15:29:15","date_gmt":"2020-06-10T18:29:15","guid":{"rendered":"https:\/\/senoticias.com.br\/se\/?p=123720"},"modified":"2020-06-10T15:29:15","modified_gmt":"2020-06-10T18:29:15","slug":"policia-realiza-prisao-de-dois-homens-por-suspeita-de-trafico-de-drogas-e-apreende-uma-arma-em-sao-cristovao","status":"publish","type":"post","link":"https:\/\/senoticias.com.br\/se\/policia-realiza-prisao-de-dois-homens-por-suspeita-de-trafico-de-drogas-e-apreende-uma-arma-em-sao-cristovao\/","title":{"rendered":"Pol\u00edcia realiza pris\u00e3o de dois homens por suspeita de tr\u00e1fico de drogas e apreende uma arma em S\u00e3o Crist\u00f3v\u00e3o"},"content":{"rendered":"<p style=\"text-align: justify;\">Policiais militares da <strong>Primeira Companhia Independente (1\u00aaCIPM)<\/strong> realizaram a pris\u00e3o de dois homens por suspeita de tr\u00e1fico de drogas e porte ilegal de arma de fogo na cidade de S\u00e3o Crist\u00f3v\u00e3o.<\/p>\n<div id=\"attachment_123721\" style=\"width: 560px\" class=\"wp-caption aligncenter\"><a href=\"https:\/\/senoticias.com.br\/se\/wp-content\/uploads\/2020\/06\/cdc2c6e6-a2f1-4a7d-9ccc-00996c70824d-e1591813412774.jpg\"><img loading=\"lazy\" decoding=\"async\" aria-describedby=\"caption-attachment-123721\" class=\"size-full wp-image-123721\" src=\"https:\/\/senoticias.com.br\/se\/wp-content\/uploads\/2020\/06\/cdc2c6e6-a2f1-4a7d-9ccc-00996c70824d-e1591813412774.jpg\" alt=\"\" width=\"550\" height=\"550\" \/><\/a><p id=\"caption-attachment-123721\" class=\"wp-caption-text\">Foram encontrados com os suspeitos, 23 gramas de subst\u00e2ncia an\u00e1loga \u00e0 maconha e uma muni\u00e7\u00e3o calibre 38 deflagrada. Foto: 1\u00aa CIPM<\/p><\/div>\n<p style=\"text-align: justify;\">O flagrante aconteceu durante o <strong>patrulhamento<\/strong> de rotina realizado na rua Rio Branco do Conjunto Tijuquinha. De acordo com informa\u00e7\u00f5es repassadas \u00e0 <strong><em>reda\u00e7\u00e3o do Portal SE Not\u00edcias<\/em><\/strong>, os pr\u00f3prios populares informaram a equipe policial do pantera extra 02, que os indiv\u00edduos praticavam a a\u00e7\u00e3o ilegal em um bar da regi\u00e3o, onde os suspeitos foram pegos.<\/p>\n<p style=\"text-align: justify;\">Ao se aproximar do local, os policiais logo visualizaram o indiv\u00edduo denunciado que, ao perceber a presen\u00e7a da viatura, jogou atr\u00e1s de um balc\u00e3o de madeira, algo que estava em sua cintura. Os militares procederam a abordagem e encontraram com o suspeito 23 gramas de subst\u00e2ncia an\u00e1loga \u00e0 maconha e uma muni\u00e7\u00e3o calibre 38 deflagrada.<\/p>\n<p style=\"text-align: justify;\">Uma menor tamb\u00e9m foi apreendida durante a a\u00e7\u00e3o, e com ela foram encontradas tr\u00eas c\u00e1psulas com subst\u00e2ncia an\u00e1loga a coca\u00edna e uma quantia de R$ 70,00 reais.<\/p>\n<p style=\"text-align: justify;\">Ao ser questionado, o propriet\u00e1rio do estabelecimento informou que sabia da pr\u00e1tica delituosa realizada pelos suspeitos, revelando tamb\u00e9m, que no fundo do bar existia um pote dentro do micro-ondas que servia de armazenamento para outra quantidade de c\u00e1psulas com coca\u00ednas prontas para serem comercializadas, e cerca de R$600,00 reais.<\/p>\n<p style=\"text-align: justify;\">Para controlar a aglomera\u00e7\u00e3o formada em torno do bar por pessoas da rua, os militares da pantera extra 02 solicitaram apoio a pantera extra 01 e ao pastor extra para que assim pudessem conduzir a situa\u00e7\u00e3o, e encaminhar o material apreendido a central de flagrantes, no sentido de que sejam tomadas as medidas criminais cab\u00edveis ao fato.<\/p>\n<p style=\"text-align: justify;\"><strong><em>Por Reda\u00e7\u00e3o SE Not\u00edcias, com informa\u00e7\u00f5es da Ascom 1\u00aaCIPM<\/em><\/strong><\/p>\n<p><a href=\"https:\/\/senoticias.com.br\/se\/wp-content\/uploads\/2020\/05\/282.jpg\"><img loading=\"lazy\" decoding=\"async\" class=\"alignnone size-full wp-image-123533\" src=\"https:\/\/senoticias.com.br\/se\/wp-content\/uploads\/2020\/05\/282.jpg\" alt=\"\" width=\"599\" height=\"78\" srcset=\"https:\/\/senoticias.com.br\/se\/wp-content\/uploads\/2020\/05\/282.jpg 599w, https:\/\/senoticias.com.br\/se\/wp-content\/uploads\/2020\/05\/282-300x39.jpg 300w\" sizes=\"(max-width: 599px) 100vw, 599px\" \/><\/a><\/p>\n<p><strong><em>Acompanhe tamb\u00e9m o SE Not\u00edcias no\u00a0<a href=\"https:\/\/twitter.com\/Senoticias\" target=\"_blank\" rel=\"noopener\">Twitter<\/a>,\u00a0<a href=\"https:\/\/www.facebook.com\/senoticias1\" target=\"_blank\" rel=\"noopener\">Facebook<\/a>\u00a0e no\u00a0<a href=\"https:\/\/www.instagram.com\/senoticias\/\" target=\"_blank\" rel=\"noopener\">Instagram<\/a><\/em><\/strong><\/p>\n","protected":false},"excerpt":{"rendered":"<p>Policiais militares da Primeira Companhia Independente (1\u00aaCIPM) realizaram a pris\u00e3o de dois homens por suspeita de tr\u00e1fico de drogas e porte ilegal de arma de fogo na cidade de S\u00e3o Crist\u00f3v\u00e3o. O flagrante aconteceu durante o patrulhamento de rotina realizado na rua Rio Branco do Conjunto Tijuquinha. De acordo com informa\u00e7\u00f5es repassadas \u00e0 reda\u00e7\u00e3o do [&hellip;]<\/p>\n","protected":false},"author":6557,"featured_media":0,"comment_status":"closed","ping_status":"closed","sticky":false,"template":"","format":"standard","meta":{"footnotes":""},"categories":[15,7,3],"tags":[4404,7229,1303,3147,335,2739,593],"class_list":{"0":"post-123720","1":"post","2":"type-post","3":"status-publish","4":"format-standard","6":"category-destaques","7":"category-policia","8":"category-saocristovao","9":"tag-arma","10":"tag-droga","11":"tag-policia","12":"tag-prisao","13":"tag-sao-cristovao","14":"tag-suspeitos","15":"tag-trafico"},"_links":{"self":[{"href":"https:\/\/senoticias.com.br\/se\/wp-json\/wp\/v2\/posts\/123720"}],"collection":[{"href":"https:\/\/senoticias.com.br\/se\/wp-json\/wp\/v2\/posts"}],"about":[{"href":"https:\/\/senoticias.com.br\/se\/wp-json\/wp\/v2\/types\/post"}],"author":[{"embeddable":true,"href":"https:\/\/senoticias.com.br\/se\/wp-json\/wp\/v2\/users\/6557"}],"replies":[{"embeddable":true,"href":"https:\/\/senoticias.com.br\/se\/wp-json\/wp\/v2\/comments?post=123720"}],"version-history":[{"count":0,"href":"https:\/\/senoticias.com.br\/se\/wp-json\/wp\/v2\/posts\/123720\/revisions"}],"wp:attachment":[{"href":"https:\/\/senoticias.com.br\/se\/wp-json\/wp\/v2\/media?parent=123720"}],"wp:term":[{"taxonomy":"category","embeddable":true,"href":"https:\/\/senoticias.com.br\/se\/wp-json\/wp\/v2\/categories?post=123720"},{"taxonomy":"post_tag","embeddable":true,"href":"https:\/\/senoticias.com.br\/se\/wp-json\/wp\/v2\/tags?post=123720"}],"curies":[{"name":"wp","href":"https:\/\/api.w.org\/{rel}","templated":true}]}}