{"id":123716,"date":"2020-06-10T11:39:23","date_gmt":"2020-06-10T14:39:23","guid":{"rendered":"https:\/\/senoticias.com.br\/se\/?p=123716"},"modified":"2020-06-11T07:58:58","modified_gmt":"2020-06-11T10:58:58","slug":"entidades-sindicais-fazem-ato-pedindo-lockdown-em-sergipe","status":"publish","type":"post","link":"https:\/\/senoticias.com.br\/se\/entidades-sindicais-fazem-ato-pedindo-lockdown-em-sergipe\/","title":{"rendered":"Entidades sindicais fazem ato pedindo \u2018lockdown\u2019 em Sergipe"},"content":{"rendered":"<p style=\"text-align: justify;\">Entidades sindicais voltaram a se reunir durante a manh\u00e3 desta quarta-feira, 10, para um ato em conjunto contra as medidas de flexibiliza\u00e7\u00e3o que est\u00e3o sendo analisadas pelo Governo de Sergipe e a favor do \u2018lockdown\u2019 imediato em todo o estado. A agenda de manifesta\u00e7\u00e3o foi realizada em frente ao Pal\u00e1cio dos Despachos e tamb\u00e9m nas proximidades da Assembleia Legislativa de Sergipe (Alese).Segundo o presidente da Central \u00danica dos Trabalhadores (CUT), Roberto Silva, no momento em que Sergipe ultrapassa os 10 mil casos confirmados da Covid-19 n\u00e3o \u00e9 plaus\u00edvel se discutir uma poss\u00edvel flexibiliza\u00e7\u00e3o das medidas de isolamento social. \u201cVidas importam. Quantos precisam adoecer e morrer por Covid-19 para o Estado decretar o \u2018lockdown\u2019 e fechar tudo para reduzir a contamina\u00e7\u00e3o e \u00f3bitos?\u201d, questionou.<\/p>\n<div id=\"attachment_123717\" style=\"width: 560px\" class=\"wp-caption aligncenter\"><a href=\"https:\/\/senoticias.com.br\/se\/wp-content\/uploads\/2020\/06\/manifesta\u00e7\u00e3o-alese-foto-ascom-sintese-10062020.jpg\"><img loading=\"lazy\" decoding=\"async\" aria-describedby=\"caption-attachment-123717\" class=\"size-full wp-image-123717\" src=\"https:\/\/senoticias.com.br\/se\/wp-content\/uploads\/2020\/06\/manifesta\u00e7\u00e3o-alese-foto-ascom-sintese-10062020.jpg\" alt=\"\" width=\"550\" height=\"330\" srcset=\"https:\/\/senoticias.com.br\/se\/wp-content\/uploads\/2020\/06\/manifesta\u00e7\u00e3o-alese-foto-ascom-sintese-10062020.jpg 550w, https:\/\/senoticias.com.br\/se\/wp-content\/uploads\/2020\/06\/manifesta\u00e7\u00e3o-alese-foto-ascom-sintese-10062020-300x180.jpg 300w\" sizes=\"(max-width: 550px) 100vw, 550px\" \/><\/a><p id=\"caption-attachment-123717\" class=\"wp-caption-text\">A agenda de manifesta\u00e7\u00e3o foi realizada em frente ao Pal\u00e1cio dos Despachos e tamb\u00e9m nas proximidades da Assembleia Legislativa de Sergipe (Alese) (Foto: Ascom\/ Sintese)<\/p><\/div>\n<p style=\"text-align: justify;\">Ainda segundo o sindicalista, a curva da doen\u00e7a em Sergipe est\u00e1 crescendo de maneira impressionante. Com isso, uma poss\u00edvel flexibiliza\u00e7\u00e3o neste momento poderia contribuir para um maior aumento do n\u00famero de casos da doen\u00e7a. \u201cCaso haja essa flexibiliza\u00e7\u00e3o, como ir\u00e3o ficar os trabalhadores que precisam se deslocar para o servi\u00e7o atrav\u00e9s do transporte p\u00fablico?\u201d, indaga. \u201cSergipe precisa de um lockdown urgente e n\u00e3o de um lockdown de \u2018faz-de-conta&#8217;\u201d, completa.<\/p>\n<p style=\"text-align: justify;\">Em nota, a Superintend\u00eancia de Comunica\u00e7\u00e3o do Governo de Sergipe destacou que toda sugest\u00e3o \u00e9 bem vinda. \u201cO plano de retomada da economia, previsto para, se tudo correr bem, entrar em vigor a partir do dia 15, est\u00e1 recebendo sugest\u00f5es de todos os seguimentos da sociedade. Uma nova an\u00e1lise da situa\u00e7\u00e3o ser\u00e1 feita na pr\u00f3xima segunda-feira, e um novo decreto ser\u00e1 publicado\u201d, destacou o Estado.<\/p>\n<p style=\"text-align: justify;\">por Jo\u00e3o Paulo Schneider<\/p>\n<p><a href=\"https:\/\/senoticias.com.br\/se\/wp-content\/uploads\/2020\/05\/282.jpg\"><img loading=\"lazy\" decoding=\"async\" class=\"alignnone size-full wp-image-123533\" src=\"https:\/\/senoticias.com.br\/se\/wp-content\/uploads\/2020\/05\/282.jpg\" alt=\"\" width=\"599\" height=\"78\" srcset=\"https:\/\/senoticias.com.br\/se\/wp-content\/uploads\/2020\/05\/282.jpg 599w, https:\/\/senoticias.com.br\/se\/wp-content\/uploads\/2020\/05\/282-300x39.jpg 300w\" sizes=\"(max-width: 599px) 100vw, 599px\" \/><\/a><\/p>\n<p><strong><em>Acompanhe tamb\u00e9m o SE Not\u00edcias no\u00a0<a href=\"https:\/\/twitter.com\/Senoticias\" target=\"_blank\" rel=\"noopener\">Twitter<\/a>,\u00a0<a href=\"https:\/\/www.facebook.com\/senoticias1\" target=\"_blank\" rel=\"noopener\">Facebook<\/a>\u00a0e no\u00a0<a href=\"https:\/\/www.instagram.com\/senoticias\/\" target=\"_blank\" rel=\"noopener\">Instagram<\/a><\/em><\/strong><\/p>\n","protected":false},"excerpt":{"rendered":"<p>Entidades sindicais voltaram a se reunir durante a manh\u00e3 desta quarta-feira, 10, para um ato em conjunto contra as medidas de flexibiliza\u00e7\u00e3o que est\u00e3o sendo analisadas pelo Governo de Sergipe e a favor do \u2018lockdown\u2019 imediato em todo o estado. A agenda de manifesta\u00e7\u00e3o foi realizada em frente ao Pal\u00e1cio dos Despachos e tamb\u00e9m nas [&hellip;]<\/p>\n","protected":false},"author":6557,"featured_media":0,"comment_status":"closed","ping_status":"closed","sticky":false,"template":"","format":"standard","meta":{"footnotes":""},"categories":[15,6],"tags":[9695,14838,14688,7710],"class_list":{"0":"post-123716","1":"post","2":"type-post","3":"status-publish","4":"format-standard","6":"category-destaques","7":"category-politica","8":"tag-em-sergipe","9":"tag-entidades-sindicais","10":"tag-lockdown","11":"tag-pedido"},"_links":{"self":[{"href":"https:\/\/senoticias.com.br\/se\/wp-json\/wp\/v2\/posts\/123716"}],"collection":[{"href":"https:\/\/senoticias.com.br\/se\/wp-json\/wp\/v2\/posts"}],"about":[{"href":"https:\/\/senoticias.com.br\/se\/wp-json\/wp\/v2\/types\/post"}],"author":[{"embeddable":true,"href":"https:\/\/senoticias.com.br\/se\/wp-json\/wp\/v2\/users\/6557"}],"replies":[{"embeddable":true,"href":"https:\/\/senoticias.com.br\/se\/wp-json\/wp\/v2\/comments?post=123716"}],"version-history":[{"count":0,"href":"https:\/\/senoticias.com.br\/se\/wp-json\/wp\/v2\/posts\/123716\/revisions"}],"wp:attachment":[{"href":"https:\/\/senoticias.com.br\/se\/wp-json\/wp\/v2\/media?parent=123716"}],"wp:term":[{"taxonomy":"category","embeddable":true,"href":"https:\/\/senoticias.com.br\/se\/wp-json\/wp\/v2\/categories?post=123716"},{"taxonomy":"post_tag","embeddable":true,"href":"https:\/\/senoticias.com.br\/se\/wp-json\/wp\/v2\/tags?post=123716"}],"curies":[{"name":"wp","href":"https:\/\/api.w.org\/{rel}","templated":true}]}}