{"id":123711,"date":"2020-06-09T18:27:41","date_gmt":"2020-06-09T21:27:41","guid":{"rendered":"https:\/\/senoticias.com.br\/se\/?p=123711"},"modified":"2020-06-09T18:27:41","modified_gmt":"2020-06-09T21:27:41","slug":"governo-revoga-repasse-de-r-839-milhoes-do-bolsa-familia-para-a-secom","status":"publish","type":"post","link":"https:\/\/senoticias.com.br\/se\/governo-revoga-repasse-de-r-839-milhoes-do-bolsa-familia-para-a-secom\/","title":{"rendered":"Governo revoga repasse de R$ 83,9 milh\u00f5es do Bolsa Fam\u00edlia para a Secom"},"content":{"rendered":"<p style=\"text-align: justify;\">Depois de forte repercuss\u00e3o negativa, o governo federal revogou portaria que determinava o remanejamento de recursos do Bolsa Fam\u00edlia para a comunica\u00e7\u00e3o institucional do Pal\u00e1cio do Planalto.<\/p>\n<div id=\"attachment_123713\" style=\"width: 560px\" class=\"wp-caption aligncenter\"><a href=\"https:\/\/senoticias.com.br\/se\/wp-content\/uploads\/2020\/06\/Bolsa-Fam\u00edlia-e1591737927396.jpg\"><img loading=\"lazy\" decoding=\"async\" aria-describedby=\"caption-attachment-123713\" class=\"size-full wp-image-123713\" src=\"https:\/\/senoticias.com.br\/se\/wp-content\/uploads\/2020\/06\/Bolsa-Fam\u00edlia-e1591737927396.jpg\" alt=\"\" width=\"550\" height=\"366\" \/><\/a><p id=\"caption-attachment-123713\" class=\"wp-caption-text\">Cr\u00e9dito: Jefferson Rudy\/Ag\u00eancia Senado<\/p><\/div>\n<p style=\"text-align: justify;\">A decis\u00e3o foi publicada em edi\u00e7\u00e3o extra do Di\u00e1rio Oficial da Uni\u00e3o (DOU) no in\u00edcio da tarde deste ter\u00e7a-feira (9) e celebrada por parlamentares que tentavam reverter a transfer\u00eancia de recursos. O l\u00edder do PSB, deputado Alessandro Molon (RJ), escreveu no Twitter que a decis\u00e3o foi tomada depois de muita press\u00e3o da Oposi\u00e7\u00e3o e den\u00fancias da imprensa.\u201cBolsonaro recuou do escandaloso \u2018contrabando fiscal\u2019 que tirou R$ 83,9 milh\u00f5es do Bolsa Fam\u00edlia pra fazer propaganda! E ele ainda diz que n\u00e3o tem como pagar aux\u00edlio de R$ 600 por mais 2 meses&#8230; Um acinte!\u201d, escreveu Molon.O senador Randolfe Rodrigues (Rede-AP) tamb\u00e9m comemorou a revoga\u00e7\u00e3o. \u201cVIT\u00d3RIA! Depois de muita press\u00e3o, o desgoverno recuou de mais uma medida absurda! Chegamos a apresentar um PDL p\/ revogar essa indec\u00eancia. Bolsonaro tentou tirar dinheiro do Bolsa Fam\u00edlia p\/ transferir p\/ sua comunica\u00e7\u00e3o. N\u00e3o permitiremos esses abusos!\u201d, escreveu no Twitter.Publicada na \u00faltima quinta-feira (4), a portaria (\u00edntegra) assinada pelo secret\u00e1rio especial de Fazenda do Minist\u00e9rio da Economia, Waldery Rodrigues, transferia R$ 83,9 milh\u00f5es do Bolsa Fam\u00edlia \u00e0 Secretaria de Comunica\u00e7\u00e3o Social da Presid\u00eancia da Rep\u00fablica (Secom). Os recursos eram resultado da anula\u00e7\u00e3o de valores destinados para fam\u00edlias que vivem em condi\u00e7\u00f5es de extrema pobreza na Regi\u00e3o Nordeste.<\/p>\n<p style=\"text-align: justify;\">Segundo o governo, a transfer\u00eancia tinha sido motivada pela baixa execu\u00e7\u00e3o do Bolsa Fam\u00edlia em meio \u00e0 pandemia. Muitos benefici\u00e1rios do programa assistencial teriam optado pela ades\u00e3o a outro programa de transfer\u00eancia para fam\u00edlias de baixa renda, o aux\u00edlio emergencial de R$ 600. Como os benefici\u00e1rios do Bolsa Fam\u00edlia recebem at\u00e9 at\u00e9 R$ 205 reais, benefici\u00e1rios podem optar pela substitui\u00e7\u00e3o.Aux\u00edlio emergencial<br \/>\nA decis\u00e3o acontece em meio \u00e0s discuss\u00f5es sobre prorroga\u00e7\u00e3o do aux\u00edlio emergencial de R$ 600,00 para trabalhadores informais. Na manh\u00e3 de hoje (9), em reuni\u00e3o ministerial com o presidente Jair Bolsonaro, o ministro da Economia, Paulo Guedes, anunciou que o governo pretende prorrogar a dura\u00e7\u00e3o do aux\u00edlio, mas com metade do valor, em R$ 300.<\/p>\n<p style=\"text-align: justify;\">Deputados e senadores ouvidos pelo Congresso em Foco discordam do valor de R$ 300 proposto pelo governo federal para prorrogar o aux\u00edlio emergencial e j\u00e1 se articulam para que o benef\u00edcio permane\u00e7a em R$ 600.<\/p>\n<p style=\"text-align: justify;\">O ministro Guedes tamb\u00e9m anunciou hoje que o governo criar\u00e1 um programa de renda m\u00ednima permanente, ap\u00f3s a pandemia do novo coronav\u00edrus, batizado de Renda Brasil. O ministro disse ainda que ser\u00e1 criado um programa para gera\u00e7\u00e3o de empregos formais, com a retomada do projeto Carteira Verde e Amarela.<\/p>\n<p>Por <strong><a href=\"https:\/\/congressoemfoco.uol.com.br\/governo\/governo-revoga-repasse-de-r-839-milhoes-do-bolsa-familia-para-a-secom\/\">Congresso em foco\u00a0<\/a><\/strong><\/p>\n<p><a href=\"https:\/\/senoticias.com.br\/se\/wp-content\/uploads\/2020\/05\/282.jpg\"><img loading=\"lazy\" decoding=\"async\" class=\"alignnone size-full wp-image-123533\" src=\"https:\/\/senoticias.com.br\/se\/wp-content\/uploads\/2020\/05\/282.jpg\" alt=\"\" width=\"599\" height=\"78\" srcset=\"https:\/\/senoticias.com.br\/se\/wp-content\/uploads\/2020\/05\/282.jpg 599w, https:\/\/senoticias.com.br\/se\/wp-content\/uploads\/2020\/05\/282-300x39.jpg 300w\" sizes=\"(max-width: 599px) 100vw, 599px\" \/><\/a><\/p>\n<p>&nbsp;<\/p>\n","protected":false},"excerpt":{"rendered":"<p>Depois de forte repercuss\u00e3o negativa, o governo federal revogou portaria que determinava o remanejamento de recursos do Bolsa Fam\u00edlia para a comunica\u00e7\u00e3o institucional do Pal\u00e1cio do Planalto. A decis\u00e3o foi publicada em edi\u00e7\u00e3o extra do Di\u00e1rio Oficial da Uni\u00e3o (DOU) no in\u00edcio da tarde deste ter\u00e7a-feira (9) e celebrada por parlamentares que tentavam reverter a [&hellip;]<\/p>\n","protected":false},"author":6557,"featured_media":0,"comment_status":"closed","ping_status":"closed","sticky":false,"template":"","format":"standard","meta":{"footnotes":""},"categories":[15],"tags":[14837,2002,14836,14574],"class_list":{"0":"post-123711","1":"post","2":"type-post","3":"status-publish","4":"format-standard","6":"category-destaques","7":"tag-bolsa-familia-para-a-secom","8":"tag-governo","9":"tag-repasse","10":"tag-revoga"},"_links":{"self":[{"href":"https:\/\/senoticias.com.br\/se\/wp-json\/wp\/v2\/posts\/123711"}],"collection":[{"href":"https:\/\/senoticias.com.br\/se\/wp-json\/wp\/v2\/posts"}],"about":[{"href":"https:\/\/senoticias.com.br\/se\/wp-json\/wp\/v2\/types\/post"}],"author":[{"embeddable":true,"href":"https:\/\/senoticias.com.br\/se\/wp-json\/wp\/v2\/users\/6557"}],"replies":[{"embeddable":true,"href":"https:\/\/senoticias.com.br\/se\/wp-json\/wp\/v2\/comments?post=123711"}],"version-history":[{"count":0,"href":"https:\/\/senoticias.com.br\/se\/wp-json\/wp\/v2\/posts\/123711\/revisions"}],"wp:attachment":[{"href":"https:\/\/senoticias.com.br\/se\/wp-json\/wp\/v2\/media?parent=123711"}],"wp:term":[{"taxonomy":"category","embeddable":true,"href":"https:\/\/senoticias.com.br\/se\/wp-json\/wp\/v2\/categories?post=123711"},{"taxonomy":"post_tag","embeddable":true,"href":"https:\/\/senoticias.com.br\/se\/wp-json\/wp\/v2\/tags?post=123711"}],"curies":[{"name":"wp","href":"https:\/\/api.w.org\/{rel}","templated":true}]}}