{"id":123687,"date":"2020-06-08T15:00:41","date_gmt":"2020-06-08T18:00:41","guid":{"rendered":"https:\/\/senoticias.com.br\/se\/?p=123687"},"modified":"2020-06-08T19:54:09","modified_gmt":"2020-06-08T22:54:09","slug":"rodrigo-alves-entrevista-rodrigo-massa-cantor-e-ade-serie-internacional-da-netflix","status":"publish","type":"post","link":"https:\/\/senoticias.com.br\/se\/rodrigo-alves-entrevista-rodrigo-massa-cantor-e-ade-serie-internacional-da-netflix\/","title":{"rendered":"Rodrigo Alves entrevista Rodrigo Massa, cantor e ator de s\u00e9rie internacional da Netflix"},"content":{"rendered":"<p style=\"text-align: justify;\">Nesta quarta-feira (10) \u00e0s 20h00 no Instagram @rodrigoalvestv, o jornalista radicado em Aracaju, Rodrigo Alves entrevistar\u00e1 Rodrigo Massa, ator da s\u00e9rie \u201cEl Drag\u00f3n\u201d da Netflix, no Brasil a produ\u00e7\u00e3o ganhou o nome de \u201cO \u00daltimo Drag\u00e3o\u201d.<\/p>\n<div id=\"attachment_123688\" style=\"width: 560px\" class=\"wp-caption aligncenter\"><a href=\"https:\/\/senoticias.com.br\/se\/wp-content\/uploads\/2020\/06\/0d4d58f4-61dc-4d08-991c-c36eb81c1ba2-e1591639118650.jpg\"><img loading=\"lazy\" decoding=\"async\" aria-describedby=\"caption-attachment-123688\" class=\"size-full wp-image-123688\" src=\"https:\/\/senoticias.com.br\/se\/wp-content\/uploads\/2020\/06\/0d4d58f4-61dc-4d08-991c-c36eb81c1ba2-e1591639118650.jpg\" alt=\"\" width=\"550\" height=\"394\" \/><\/a><p id=\"caption-attachment-123688\" class=\"wp-caption-text\">Foto divulga\u00e7\u00e3o<\/p><\/div>\n<p style=\"text-align: justify;\">Na hist\u00f3ria Rodrigo Massa contracena com o astro das novelas mexicanas Sebasti\u00e1n Rulli, conhecido no Brasil por seus pap\u00e9is em folhetins como Rubi e atualmente no ar na telenovela exibida pelo SBT \u201cO que a Vida me Roubou\u201d.<\/p>\n<p style=\"text-align: justify;\">Rodrigo Massa \u00e9 brasileiro, mas em 2006 decidiu realizar o sonho de ser ator no M\u00e9xico, onde apresentou o Programa The Voice, fez mais de 150 campanhas publicit\u00e1rias para os Estados Unidos, Canad\u00e1, Am\u00e9rica Latina e Europa, e atuou nas famosas novelas mexicanas da Televisa, maior produtora de novelas em l\u00edngua espanhola do mundo, integrando o elenco de novelas como Like, do mesmo produtor do fen\u00f4meno mundial Rebelde.<\/p>\n<p style=\"text-align: justify;\">A carreira musical tamb\u00e9m \u00e9 um sucesso, mais de 30 m\u00fasicas em espanhol, ingl\u00eas e portugu\u00eas j\u00e1 foram lan\u00e7adas, muitas delas com clipes de \u00eaxito em visualiza\u00e7\u00f5es no Youtube. Al\u00e9m de passagens pelo cinema, o ator tamb\u00e9m pode ser visto atualmente nas s\u00e9ries \u201cLa Piloto\u201d e \u201cEl Drag\u00f3n: Return of a Warrior\u201d, ambas na Netflix. Rodrigo Alves tamb\u00e9m vai fazer perguntas do p\u00fablico. \u201cA live ser\u00e1 interativa\u201d, afirma o jornalista. Imperd\u00edvel!<\/p>\n<p>Por Assessoria de comunica\u00e7\u00e3o<\/p>\n<p><a href=\"https:\/\/senoticias.com.br\/se\/wp-content\/uploads\/2020\/05\/282.jpg\"><img loading=\"lazy\" decoding=\"async\" class=\"alignnone size-full wp-image-123533\" src=\"https:\/\/senoticias.com.br\/se\/wp-content\/uploads\/2020\/05\/282.jpg\" alt=\"\" width=\"599\" height=\"78\" srcset=\"https:\/\/senoticias.com.br\/se\/wp-content\/uploads\/2020\/05\/282.jpg 599w, https:\/\/senoticias.com.br\/se\/wp-content\/uploads\/2020\/05\/282-300x39.jpg 300w\" sizes=\"(max-width: 599px) 100vw, 599px\" \/><\/a><\/p>\n<p><em><strong>Acompanhe tamb\u00e9m o SE Not\u00edcias no\u00a0<a href=\"https:\/\/www.instagram.com\/senoticias\/\">Instagram<\/a>,\u00a0<a href=\"https:\/\/twitter.com\/home\">Twitter<\/a>\u00a0e no\u00a0<a href=\"https:\/\/web.facebook.com\/senoticias1\/\">Facebook<\/a><\/strong><\/em><\/p>\n","protected":false},"excerpt":{"rendered":"<p>Nesta quarta-feira (10) \u00e0s 20h00 no Instagram @rodrigoalvestv, o jornalista radicado em Aracaju, Rodrigo Alves entrevistar\u00e1 Rodrigo Massa, ator da s\u00e9rie \u201cEl Drag\u00f3n\u201d da Netflix, no Brasil a produ\u00e7\u00e3o ganhou o nome de \u201cO \u00daltimo Drag\u00e3o\u201d. Na hist\u00f3ria Rodrigo Massa contracena com o astro das novelas mexicanas Sebasti\u00e1n Rulli, conhecido no Brasil por seus pap\u00e9is [&hellip;]<\/p>\n","protected":false},"author":6557,"featured_media":0,"comment_status":"closed","ping_status":"closed","sticky":false,"template":"","format":"standard","meta":{"footnotes":""},"categories":[21],"tags":[3516,3967,14824,14823,14821,14822],"class_list":{"0":"post-123687","1":"post","2":"type-post","3":"status-publish","4":"format-standard","6":"category-entretenimento","7":"tag-ator","8":"tag-entrevista","9":"tag-jornalista-rodrigo-alves","10":"tag-netflix","11":"tag-rodrigo-massa","12":"tag-serie-internacional"},"_links":{"self":[{"href":"https:\/\/senoticias.com.br\/se\/wp-json\/wp\/v2\/posts\/123687"}],"collection":[{"href":"https:\/\/senoticias.com.br\/se\/wp-json\/wp\/v2\/posts"}],"about":[{"href":"https:\/\/senoticias.com.br\/se\/wp-json\/wp\/v2\/types\/post"}],"author":[{"embeddable":true,"href":"https:\/\/senoticias.com.br\/se\/wp-json\/wp\/v2\/users\/6557"}],"replies":[{"embeddable":true,"href":"https:\/\/senoticias.com.br\/se\/wp-json\/wp\/v2\/comments?post=123687"}],"version-history":[{"count":0,"href":"https:\/\/senoticias.com.br\/se\/wp-json\/wp\/v2\/posts\/123687\/revisions"}],"wp:attachment":[{"href":"https:\/\/senoticias.com.br\/se\/wp-json\/wp\/v2\/media?parent=123687"}],"wp:term":[{"taxonomy":"category","embeddable":true,"href":"https:\/\/senoticias.com.br\/se\/wp-json\/wp\/v2\/categories?post=123687"},{"taxonomy":"post_tag","embeddable":true,"href":"https:\/\/senoticias.com.br\/se\/wp-json\/wp\/v2\/tags?post=123687"}],"curies":[{"name":"wp","href":"https:\/\/api.w.org\/{rel}","templated":true}]}}