{"id":123657,"date":"2020-06-05T06:20:35","date_gmt":"2020-06-05T09:20:35","guid":{"rendered":"https:\/\/senoticias.com.br\/se\/?p=123657"},"modified":"2020-06-05T06:40:04","modified_gmt":"2020-06-05T09:40:04","slug":"governo-retira-r-83-milhoes-do-bolsa-familia-e-destina-a-comunicacao","status":"publish","type":"post","link":"https:\/\/senoticias.com.br\/se\/governo-retira-r-83-milhoes-do-bolsa-familia-e-destina-a-comunicacao\/","title":{"rendered":"Governo tira R$ 83 milh\u00f5es do Bolsa Fam\u00edlia para realocar em propaganda"},"content":{"rendered":"<p style=\"text-align: justify;\">Uma portaria publicada nesta quinta-feira (4\/6), no Di\u00e1rio Oficial da Uni\u00e3o, suspende o repasse de R$ 83 milh\u00f5es ao programa Bolsa Fam\u00edlia e destina os valores para a comunica\u00e7\u00e3o institucional do governo federal. De acordo com o texto da medida, a suspens\u00e3o da verba atinge diretamente fam\u00edlias de baixa renda do Nordeste.<\/p>\n<div id=\"attachment_123659\" style=\"width: 609px\" class=\"wp-caption aligncenter\"><a href=\"https:\/\/senoticias.com.br\/se\/wp-content\/uploads\/2020\/06\/Bolsa-Fam\u00edlia-SE-Noticias-e1591349475670.jpg\"><img loading=\"lazy\" decoding=\"async\" aria-describedby=\"caption-attachment-123659\" class=\"size-full wp-image-123659\" src=\"https:\/\/senoticias.com.br\/se\/wp-content\/uploads\/2020\/06\/Bolsa-Fam\u00edlia-SE-Noticias-e1591349475670.jpg\" alt=\"\" width=\"599\" height=\"337\" \/><\/a><p id=\"caption-attachment-123659\" class=\"wp-caption-text\">Governo retira R$ 83 milh\u00f5es do Bolsa Fam\u00edlia e destina \u00e0 comunica\u00e7\u00e3o (foto: divulga\u00e7\u00e3o)<\/p><\/div>\n<p style=\"text-align: justify;\">A decis\u00e3o \u00e9 assinada pelo Secret\u00e1rio Especial de Fazenda do Minist\u00e9rio da Economia, Waldery Rodrigues J\u00fanior. A medida, que ocorre em meio \u00e0 pandemia de coronav\u00edrus, atinge diretamente pessoas mais pobres.<\/p>\n<p style=\"text-align: justify;\">O governo oferece, em meio a diversos problemas de avalia\u00e7\u00e3o e de pagamentos, um aux\u00edlio emergencial de R$ 600. No entanto, essa ajuda \u00e9 tempor\u00e1ria, devendo ser prorrogada por apenas dois meses e com valores reduzidos. O Correio tentou contato com o Minist\u00e9rio da Economia, mas n\u00e3o teve retorno at\u00e9 a \u00faltima atualiza\u00e7\u00e3o desta mat\u00e9ria.<\/p>\n<p><strong>Rela\u00e7\u00e3o com o Nordeste<\/strong><\/p>\n<p style=\"text-align: justify;\">A transfer\u00eancia de recursos do Bolsa Fam\u00edlia para o or\u00e7amento da Presid\u00eancia da Rep\u00fablica ocorre em meio a acusa\u00e7\u00f5es de que o governo Bolsonaro tem dado menos aten\u00e7\u00e3o e recursos \u00e0 Regi\u00e3o Nordeste.<\/p>\n<p style=\"text-align: justify;\">Uma decis\u00e3o do ministro Marco Aur\u00e9lio Mello, do Supremo Tribunal Federal (STF), tomada em mar\u00e7o deste ano, determina que o governo suspensa cortes do Bolsa Fam\u00edlia no Nordeste e distribua os recursos de forma igualit\u00e1ria para todas as regi\u00f5es do pa\u00eds.<\/p>\n<p style=\"text-align: justify;\">O caso foi parar no Supremo ap\u00f3s den\u00fancias de que o Executivo s\u00f3 distribuiu 3% dos recursos destinados a novos pagamentos do programa para fam\u00edlias nordestinas, e concentrou no Sudeste, regi\u00e3o onde o presidente Jair Bolsonaro teve maior n\u00famero de votos nas \u00faltimas elei\u00e7\u00f5es.<\/p>\n<p style=\"text-align: justify;\">Em nota, o Minist\u00e9rio da Cidadania informou que quase a totalidade do custo do Bolsa Fam\u00edlia em abril foi custeado por verba do aux\u00edlio emergencial. &#8220;A folha de pagamento do Programa Bolsa Fam\u00edlia (PBF), no m\u00eas de abril, foi custeada em 95% por recursos do aux\u00edlio emergencial. Naquele m\u00eas, 13.566.568 fam\u00edlias beneficiadas com o PBF receberam o benef\u00edcio. Em abril foram destinados \u00e0s fam\u00edlias mais de R$ 15 bilh\u00f5es&#8221;, diz um trecho do posicionamento.<\/p>\n<p style=\"text-align: justify;\">Ainda de acordo com a pasta, quase 7 milh\u00f5es de fam\u00edlias atendidas pelo Bolsa Fam\u00edlia foram beneficiadas pelo aux\u00edlio emergencial em estados nordestinos. &#8220;\u00c9 importante destacar que o aux\u00edlio emergencial destinou \u00e0s fam\u00edlias do PBF, na Regi\u00e3o Nordeste, mais de R$ 7,7 bilh\u00f5es, em abril, o que beneficiou a 6.851.543 fam\u00edlias&#8221;, completa o texto.<\/p>\n<p><strong>Como funciona o Bolsa Fam\u00edlia?<\/strong><\/p>\n<p style=\"text-align: justify;\"><strong>Quem pode receber?<\/strong> Fam\u00edlias em situa\u00e7\u00e3o de extrema pobreza (com renda per capita de at\u00e9 R$ 89 mensais) e de pobreza (com renda entre R$ 89,01 e R$ 178 mensais).<\/p>\n<p style=\"text-align: justify;\"><strong>Quanto paga?<\/strong> R$ 41 por crian\u00e7a, gestante, m\u00e3e que amamenta ou adolescente, com m\u00e1ximo de R$ 205 + R$ 89 mensais de benef\u00edcio b\u00e1sico; fam\u00edlias com adolescentes podem receber R$ 48 por jovem, com limite de R$ 96<\/p>\n<p style=\"text-align: justify;\"><strong>Quais as obriga\u00e7\u00f5es?<\/strong> As fam\u00edlias precisam manter em dia o cart\u00e3o de vacina\u00e7\u00e3o das crian\u00e7as, manter frequ\u00eancia m\u00ednima de 85% \u00e0s aulas para estudantes de 6 a 15 anos, entre outros.<\/p>\n<p style=\"text-align: justify;\"><strong>Como fica o benef\u00edcio em rela\u00e7\u00e3o ao aux\u00edlio emergencial?<\/strong> Quem recebe o Bolsa Fam\u00edlia n\u00e3o pode acumular o benef\u00edcio com o aux\u00edlio emergencial. A pessoa receber\u00e1 o que for maior.<\/p>\n<p><em>Renato Souza, do<a href=\"https:\/\/www.correiobraziliense.com.br\/app\/noticia\/economia\/2020\/06\/04\/internas_economia,861040\/governo-retira-r-83-milhoes-do-bolsa-familia-e-destina-a-comunicacao.shtml\"><strong> Correio<\/strong><\/a> Braziliense<\/em><\/p>\n<p>&nbsp;<\/p>\n<p><a href=\"https:\/\/senoticias.com.br\/se\/wp-content\/uploads\/2020\/05\/282.jpg\"><img loading=\"lazy\" decoding=\"async\" class=\"aligncenter size-full wp-image-123533\" src=\"https:\/\/senoticias.com.br\/se\/wp-content\/uploads\/2020\/05\/282.jpg\" alt=\"\" width=\"599\" height=\"78\" srcset=\"https:\/\/senoticias.com.br\/se\/wp-content\/uploads\/2020\/05\/282.jpg 599w, https:\/\/senoticias.com.br\/se\/wp-content\/uploads\/2020\/05\/282-300x39.jpg 300w\" sizes=\"(max-width: 599px) 100vw, 599px\" \/><\/a><\/p>\n<p>&nbsp;<\/p>\n<p><strong><em>Acompanhe tamb\u00e9m o SE Not\u00edcias no\u00a0<a href=\"https:\/\/twitter.com\/Senoticias\" target=\"_blank\" rel=\"noopener\">Twitter<\/a>,\u00a0<a href=\"https:\/\/www.facebook.com\/senoticias1\" target=\"_blank\" rel=\"noopener\">Facebook<\/a>\u00a0e no\u00a0<a href=\"https:\/\/www.instagram.com\/senoticias\/\" target=\"_blank\" rel=\"noopener\">Instagram<\/a><\/em><\/strong><\/p>\n<p>&nbsp;<\/p>\n","protected":false},"excerpt":{"rendered":"<p>Uma portaria publicada nesta quinta-feira (4\/6), no Di\u00e1rio Oficial da Uni\u00e3o, suspende o repasse de R$ 83 milh\u00f5es ao programa Bolsa Fam\u00edlia e destina os valores para a comunica\u00e7\u00e3o institucional do governo federal. De acordo com o texto da medida, a suspens\u00e3o da verba atinge diretamente fam\u00edlias de baixa renda do Nordeste. A decis\u00e3o \u00e9 [&hellip;]<\/p>\n","protected":false},"author":6557,"featured_media":123659,"comment_status":"closed","ping_status":"closed","sticky":false,"template":"","format":"standard","meta":{"footnotes":""},"categories":[15,2961,1],"tags":[4440,14810,14811],"class_list":{"0":"post-123657","1":"post","2":"type-post","3":"status-publish","4":"format-standard","5":"has-post-thumbnail","7":"category-destaques","8":"category-nacional","9":"category-sem-categoria","10":"tag-bolsa-familia","11":"tag-governo-corta-recursos-do-bolsa-familia","12":"tag-governo-tira-r-83-milhoes-do-bolsa-familia"},"_links":{"self":[{"href":"https:\/\/senoticias.com.br\/se\/wp-json\/wp\/v2\/posts\/123657"}],"collection":[{"href":"https:\/\/senoticias.com.br\/se\/wp-json\/wp\/v2\/posts"}],"about":[{"href":"https:\/\/senoticias.com.br\/se\/wp-json\/wp\/v2\/types\/post"}],"author":[{"embeddable":true,"href":"https:\/\/senoticias.com.br\/se\/wp-json\/wp\/v2\/users\/6557"}],"replies":[{"embeddable":true,"href":"https:\/\/senoticias.com.br\/se\/wp-json\/wp\/v2\/comments?post=123657"}],"version-history":[{"count":0,"href":"https:\/\/senoticias.com.br\/se\/wp-json\/wp\/v2\/posts\/123657\/revisions"}],"wp:featuredmedia":[{"embeddable":true,"href":"https:\/\/senoticias.com.br\/se\/wp-json\/wp\/v2\/media\/123659"}],"wp:attachment":[{"href":"https:\/\/senoticias.com.br\/se\/wp-json\/wp\/v2\/media?parent=123657"}],"wp:term":[{"taxonomy":"category","embeddable":true,"href":"https:\/\/senoticias.com.br\/se\/wp-json\/wp\/v2\/categories?post=123657"},{"taxonomy":"post_tag","embeddable":true,"href":"https:\/\/senoticias.com.br\/se\/wp-json\/wp\/v2\/tags?post=123657"}],"curies":[{"name":"wp","href":"https:\/\/api.w.org\/{rel}","templated":true}]}}