{"id":123650,"date":"2020-06-04T17:02:30","date_gmt":"2020-06-04T20:02:30","guid":{"rendered":"https:\/\/senoticias.com.br\/se\/?p=123650"},"modified":"2020-06-04T17:02:30","modified_gmt":"2020-06-04T20:02:30","slug":"professores-e-servidores-de-carmopolis-estao-sem-receber-salarios","status":"publish","type":"post","link":"https:\/\/senoticias.com.br\/se\/professores-e-servidores-de-carmopolis-estao-sem-receber-salarios\/","title":{"rendered":"Professores e servidores de Carm\u00f3polis est\u00e3o sem receber sal\u00e1rios"},"content":{"rendered":"<p style=\"text-align: justify;\">Professores e servidores contratados e comissionados do munic\u00edpio de Carm\u00f3polis est\u00e3o sem receber sal\u00e1rios h\u00e1 dois meses. A informa\u00e7\u00e3o foi confirmada nesta quinta-feira, 04, pela gest\u00e3o do pr\u00f3prio munic\u00edpio.<\/p>\n<div id=\"attachment_123651\" style=\"width: 560px\" class=\"wp-caption aligncenter\"><a href=\"https:\/\/senoticias.com.br\/se\/wp-content\/uploads\/2020\/06\/monte_carmelo_foto_facebook_prefeitura_de_carmopolis_16012020.jpg\"><img loading=\"lazy\" decoding=\"async\" aria-describedby=\"caption-attachment-123651\" class=\"size-full wp-image-123651\" src=\"https:\/\/senoticias.com.br\/se\/wp-content\/uploads\/2020\/06\/monte_carmelo_foto_facebook_prefeitura_de_carmopolis_16012020.jpg\" alt=\"\" width=\"550\" height=\"330\" srcset=\"https:\/\/senoticias.com.br\/se\/wp-content\/uploads\/2020\/06\/monte_carmelo_foto_facebook_prefeitura_de_carmopolis_16012020.jpg 550w, https:\/\/senoticias.com.br\/se\/wp-content\/uploads\/2020\/06\/monte_carmelo_foto_facebook_prefeitura_de_carmopolis_16012020-300x180.jpg 300w\" sizes=\"(max-width: 550px) 100vw, 550px\" \/><\/a><p id=\"caption-attachment-123651\" class=\"wp-caption-text\">Professores e servidores sem pagamento (Foto: Facebook Prefeitura de Carm\u00f3polis)<\/p><\/div>\n<p style=\"text-align: justify;\">De acordo com o coordenador da Comiss\u00e3o da Subsede do Vale do Cotinguiba do Sintese, Gilvani Mendes, a informa\u00e7\u00e3o que os professores receberam \u00e9 que houve uma queda na receita do munic\u00edpio, o que ocasionou o n\u00e3o pagamento. \u201cS\u00e3o cerca de 8 a 10 professores que est\u00e3o sem receber abril e maio. Eles s\u00e3o professores que trabalham na Secretaria de Educa\u00e7\u00e3o\u201d, informa.<\/p>\n<p style=\"text-align: justify;\">Ainda de acordo com Gilvani Mendes, os professores efetivos que trabalham em salas de aula est\u00e3o aguardando o pagamento deste m\u00eas de maio, que ainda n\u00e3o foi repassado. \u201cA prefeitura tem at\u00e9 amanh\u00e3 para fazer o pagamento, mas fomos informados que o pagamento s\u00f3 deve ser feito no dia 10\u201d, conta.Munic\u00edpio<\/p>\n<p style=\"text-align: justify;\">De acordo com a secret\u00e1ria de comunica\u00e7\u00e3o e cultura de Carm\u00f3polis, Luciana Andrade o n\u00e3o pagamento dos servidores se deve a queda dos royalties que passou de R$ 1 milh\u00e3o para R$ 300 mil. Ainda segundo ela, com a queda, o prefeito tomou diversas medidas, como corte de gratifica\u00e7\u00f5es, exonera\u00e7\u00f5es e extin\u00e7\u00e3o de secretarias.<\/p>\n<p style=\"text-align: justify;\">A secret\u00e1ria acrescenta que existe a previs\u00e3o de que ap\u00f3s o dia 10 de junho, o munic\u00edpio possa receber recursos federais referentes \u00e0 pandemia, fazendo com que o munic\u00edpio possa colocar a folha de pagamento em dia.<\/p>\n<p style=\"text-align: justify;\">por Aisla Vasconcelos<\/p>\n<p><a href=\"https:\/\/senoticias.com.br\/se\/wp-content\/uploads\/2020\/05\/282.jpg\"><img loading=\"lazy\" decoding=\"async\" class=\"size-full wp-image-123533 alignleft\" src=\"https:\/\/senoticias.com.br\/se\/wp-content\/uploads\/2020\/05\/282.jpg\" alt=\"\" width=\"599\" height=\"78\" srcset=\"https:\/\/senoticias.com.br\/se\/wp-content\/uploads\/2020\/05\/282.jpg 599w, https:\/\/senoticias.com.br\/se\/wp-content\/uploads\/2020\/05\/282-300x39.jpg 300w\" sizes=\"(max-width: 599px) 100vw, 599px\" \/><\/a><\/p>\n<p>&nbsp;<\/p>\n<p>&nbsp;<\/p>\n<p>&nbsp;<\/p>\n<p><strong><em>Acompanhe tamb\u00e9m o SE Not\u00edcias no\u00a0<a href=\"https:\/\/twitter.com\/Senoticias\" target=\"_blank\" rel=\"noopener\">Twitter<\/a>,\u00a0<a href=\"https:\/\/www.facebook.com\/senoticias1\" target=\"_blank\" rel=\"noopener\">Facebook<\/a>\u00a0e no\u00a0<a href=\"https:\/\/www.instagram.com\/senoticias\/\" target=\"_blank\" rel=\"noopener\">Instagram<\/a><\/em><\/strong><\/p>\n","protected":false},"excerpt":{"rendered":"<p>Professores e servidores contratados e comissionados do munic\u00edpio de Carm\u00f3polis est\u00e3o sem receber sal\u00e1rios h\u00e1 dois meses. A informa\u00e7\u00e3o foi confirmada nesta quinta-feira, 04, pela gest\u00e3o do pr\u00f3prio munic\u00edpio. De acordo com o coordenador da Comiss\u00e3o da Subsede do Vale do Cotinguiba do Sintese, Gilvani Mendes, a informa\u00e7\u00e3o que os professores receberam \u00e9 que houve [&hellip;]<\/p>\n","protected":false},"author":6557,"featured_media":0,"comment_status":"closed","ping_status":"closed","sticky":false,"template":"","format":"standard","meta":{"footnotes":""},"categories":[15,38],"tags":[2094,3357,14808,2936],"class_list":{"0":"post-123650","1":"post","2":"type-post","3":"status-publish","4":"format-standard","6":"category-destaques","7":"category-municipios","8":"tag-carmopolis","9":"tag-professores","10":"tag-sem-salarios","11":"tag-servidores"},"_links":{"self":[{"href":"https:\/\/senoticias.com.br\/se\/wp-json\/wp\/v2\/posts\/123650"}],"collection":[{"href":"https:\/\/senoticias.com.br\/se\/wp-json\/wp\/v2\/posts"}],"about":[{"href":"https:\/\/senoticias.com.br\/se\/wp-json\/wp\/v2\/types\/post"}],"author":[{"embeddable":true,"href":"https:\/\/senoticias.com.br\/se\/wp-json\/wp\/v2\/users\/6557"}],"replies":[{"embeddable":true,"href":"https:\/\/senoticias.com.br\/se\/wp-json\/wp\/v2\/comments?post=123650"}],"version-history":[{"count":0,"href":"https:\/\/senoticias.com.br\/se\/wp-json\/wp\/v2\/posts\/123650\/revisions"}],"wp:attachment":[{"href":"https:\/\/senoticias.com.br\/se\/wp-json\/wp\/v2\/media?parent=123650"}],"wp:term":[{"taxonomy":"category","embeddable":true,"href":"https:\/\/senoticias.com.br\/se\/wp-json\/wp\/v2\/categories?post=123650"},{"taxonomy":"post_tag","embeddable":true,"href":"https:\/\/senoticias.com.br\/se\/wp-json\/wp\/v2\/tags?post=123650"}],"curies":[{"name":"wp","href":"https:\/\/api.w.org\/{rel}","templated":true}]}}