{"id":123645,"date":"2020-06-04T12:18:43","date_gmt":"2020-06-04T15:18:43","guid":{"rendered":"https:\/\/senoticias.com.br\/se\/?p=123645"},"modified":"2020-06-04T12:18:43","modified_gmt":"2020-06-04T15:18:43","slug":"tse-autoriza-convencoes-partidarias-virtuais-nas-eleicoes-2020","status":"publish","type":"post","link":"https:\/\/senoticias.com.br\/se\/tse-autoriza-convencoes-partidarias-virtuais-nas-eleicoes-2020\/","title":{"rendered":"TSE autoriza conven\u00e7\u00f5es partid\u00e1rias virtuais nas elei\u00e7\u00f5es 2020"},"content":{"rendered":"<p style=\"text-align: justify;\">O Tribunal Superior Eleitoral (TSE) autorizou nesta quinta-feira (4) a realiza\u00e7\u00e3o de conven\u00e7\u00f5es partid\u00e1rias de forma virtual pelos partidos nas elei\u00e7\u00f5es municipais de 2020, em raz\u00e3o da pandemia do coronav\u00edrus.<\/p>\n<div id=\"attachment_123646\" style=\"width: 312px\" class=\"wp-caption aligncenter\"><a href=\"https:\/\/senoticias.com.br\/se\/wp-content\/uploads\/2020\/06\/TSE.jpg\"><img loading=\"lazy\" decoding=\"async\" aria-describedby=\"caption-attachment-123646\" class=\"size-full wp-image-123646\" src=\"https:\/\/senoticias.com.br\/se\/wp-content\/uploads\/2020\/06\/TSE.jpg\" alt=\"\" width=\"302\" height=\"164\" srcset=\"https:\/\/senoticias.com.br\/se\/wp-content\/uploads\/2020\/06\/TSE.jpg 302w, https:\/\/senoticias.com.br\/se\/wp-content\/uploads\/2020\/06\/TSE-300x163.jpg 300w\" sizes=\"(max-width: 302px) 100vw, 302px\" \/><\/a><p id=\"caption-attachment-123646\" class=\"wp-caption-text\">Pelo calend\u00e1rio eleitoral, as conven\u00e7\u00f5es devem ser realizadas entre 20 de julho e 5 de agosto. \u00c9 nessas reuni\u00f5es que os partidos definem os candidatos.<\/p><\/div>\n<p style=\"text-align: justify;\">Segundo a decis\u00e3o, os partidos t\u00eam autonomia para utilizar as ferramentas tecnol\u00f3gicas que entenderem necess\u00e1rias para as conven\u00e7\u00f5es.<\/p>\n<p style=\"text-align: justify;\">\u00c9 nessas reuni\u00f5es que os partidos definem os candidatos a prefeito e a vereador. As conven\u00e7\u00f5es, pelo calend\u00e1rio eleitoral, devem ser realizadas entre 20 julho e 5 de agosto. A elei\u00e7\u00e3o est\u00e1 marcada para outubro.<\/p>\n<p style=\"text-align: justify;\">O tribunal respondeu a uma consulta feita por parlamentares. As conven\u00e7\u00f5es dever\u00e3o seguir as regras e procedimentos j\u00e1 definidos pela Justi\u00e7a Eleitoral.<\/p>\n<p style=\"text-align: justify;\">O relator, ministro Lu\u00eds Felipe Salom\u00e3o, decidiu submeter os questionamentos ao plen\u00e1rio do TSE.<\/p>\n<p style=\"text-align: justify;\">Um parecer elaborado pela \u00e1rea t\u00e9cnica da Corte afirmou n\u00e3o haver impedimento jur\u00eddico para a realiza\u00e7\u00e3o de conven\u00e7\u00f5es partid\u00e1rias de forma virtual.<\/p>\n<p style=\"text-align: justify;\">Ainda n\u00e3o h\u00e1 a confirma\u00e7\u00e3o, por causa da pandemia, de que as elei\u00e7\u00f5es municipais ser\u00e3o realizadas de fato em outubro. Por enquanto, a data est\u00e1 mantida. No in\u00edcio de maio, antes de tomar posse como presidente da Corte, o ministro Lu\u00eds Roberto Barroso afirmou que havia a possibilidade de adiamento. No entanto, Barroso se disse contra o prolongamento dos mandatos dos atuais prefeitos e vereadores.<\/p>\n<p style=\"text-align: justify;\">A mudan\u00e7a na data depende do Congresso. O presidente da C\u00e2mara, Rodrigo Maia (DEM-RJ), tem defendido que o adiamento, se for feito, seja no m\u00e1ximo at\u00e9 dezembro. Ele tamb\u00e9m \u00e9 contra prorrogar mandatos.<\/p>\n<p>Por Globo.com<\/p>\n<p><a href=\"https:\/\/senoticias.com.br\/se\/wp-content\/uploads\/2020\/05\/282.jpg\"><img loading=\"lazy\" decoding=\"async\" class=\"aligncenter size-full wp-image-123533\" src=\"https:\/\/senoticias.com.br\/se\/wp-content\/uploads\/2020\/05\/282.jpg\" alt=\"\" width=\"599\" height=\"78\" srcset=\"https:\/\/senoticias.com.br\/se\/wp-content\/uploads\/2020\/05\/282.jpg 599w, https:\/\/senoticias.com.br\/se\/wp-content\/uploads\/2020\/05\/282-300x39.jpg 300w\" sizes=\"(max-width: 599px) 100vw, 599px\" \/><\/a><\/p>\n","protected":false},"excerpt":{"rendered":"<p>O Tribunal Superior Eleitoral (TSE) autorizou nesta quinta-feira (4) a realiza\u00e7\u00e3o de conven\u00e7\u00f5es partid\u00e1rias de forma virtual pelos partidos nas elei\u00e7\u00f5es municipais de 2020, em raz\u00e3o da pandemia do coronav\u00edrus. Segundo a decis\u00e3o, os partidos t\u00eam autonomia para utilizar as ferramentas tecnol\u00f3gicas que entenderem necess\u00e1rias para as conven\u00e7\u00f5es. \u00c9 nessas reuni\u00f5es que os partidos definem [&hellip;]<\/p>\n","protected":false},"author":6557,"featured_media":0,"comment_status":"closed","ping_status":"closed","sticky":false,"template":"","format":"standard","meta":{"footnotes":""},"categories":[15,6],"tags":[14804,8507,550],"class_list":{"0":"post-123645","1":"post","2":"type-post","3":"status-publish","4":"format-standard","6":"category-destaques","7":"category-politica","8":"tag-convencoes-partidarias","9":"tag-eleicoes-2020","10":"tag-tse"},"_links":{"self":[{"href":"https:\/\/senoticias.com.br\/se\/wp-json\/wp\/v2\/posts\/123645"}],"collection":[{"href":"https:\/\/senoticias.com.br\/se\/wp-json\/wp\/v2\/posts"}],"about":[{"href":"https:\/\/senoticias.com.br\/se\/wp-json\/wp\/v2\/types\/post"}],"author":[{"embeddable":true,"href":"https:\/\/senoticias.com.br\/se\/wp-json\/wp\/v2\/users\/6557"}],"replies":[{"embeddable":true,"href":"https:\/\/senoticias.com.br\/se\/wp-json\/wp\/v2\/comments?post=123645"}],"version-history":[{"count":0,"href":"https:\/\/senoticias.com.br\/se\/wp-json\/wp\/v2\/posts\/123645\/revisions"}],"wp:attachment":[{"href":"https:\/\/senoticias.com.br\/se\/wp-json\/wp\/v2\/media?parent=123645"}],"wp:term":[{"taxonomy":"category","embeddable":true,"href":"https:\/\/senoticias.com.br\/se\/wp-json\/wp\/v2\/categories?post=123645"},{"taxonomy":"post_tag","embeddable":true,"href":"https:\/\/senoticias.com.br\/se\/wp-json\/wp\/v2\/tags?post=123645"}],"curies":[{"name":"wp","href":"https:\/\/api.w.org\/{rel}","templated":true}]}}