{"id":123640,"date":"2020-06-04T09:36:18","date_gmt":"2020-06-04T12:36:18","guid":{"rendered":"https:\/\/senoticias.com.br\/se\/?p=123640"},"modified":"2020-06-04T14:49:15","modified_gmt":"2020-06-04T17:49:15","slug":"gestacao-recem-nascido-amamentacao-e-covid-19","status":"publish","type":"post","link":"https:\/\/senoticias.com.br\/se\/gestacao-recem-nascido-amamentacao-e-covid-19\/","title":{"rendered":"Gesta\u00e7\u00e3o, rec\u00e9m-nascido, amamenta\u00e7\u00e3o e COVID-19"},"content":{"rendered":"<p style=\"text-align: justify;\">A m\u00e9dica pediatra Izailza Matos alerta \u00e0s gestantes que trabalham em contato com pessoas infectadas pelo coronav\u00edrus de que elas devem procurar os servi\u00e7os de Medicina do Trabalho de sua institui\u00e7\u00e3o para avaliar os riscos de sua atividade.<\/p>\n<div id=\"attachment_123648\" style=\"width: 610px\" class=\"wp-caption aligncenter\"><a href=\"https:\/\/senoticias.com.br\/se\/wp-content\/uploads\/2020\/06\/Dra.-Izailda-Matos-e1591292519942.jpeg\"><img loading=\"lazy\" decoding=\"async\" aria-describedby=\"caption-attachment-123648\" class=\"size-full wp-image-123648\" src=\"https:\/\/senoticias.com.br\/se\/wp-content\/uploads\/2020\/06\/Dra.-Izailda-Matos-e1591292519942.jpeg\" alt=\"\" width=\"600\" height=\"407\" \/><\/a><p id=\"caption-attachment-123648\" class=\"wp-caption-text\">Em tempos como o que estamos vivendo, toda prote\u00e7\u00e3o se torna indispens\u00e1vel, ainda mais quando se trata dos beb\u00eas (foto:\u00a0 reprodu\u00e7\u00e3o)<\/p><\/div>\n<p style=\"text-align: justify;\">No caso das consultas de pr\u00e9-natal, estas devem ser mantidas, entretanto a frequ\u00eancia deve ser avaliada por seu m\u00e9dico, evitando o excesso para n\u00e3o submeter a gestante a perman\u00eancia em locais fechados ou com aglomera\u00e7\u00e3o de pessoas.<\/p>\n<p style=\"text-align: justify;\">\u201cNunca \u00e9 demais alertar que o v\u00edrus pode ser transmitido por meio das got\u00edculas do nariz ou da boca que se espalham quando uma pessoa tosse, espirra ou fala. Da\u00ed a necessidade de manter dois metros de dist\u00e2ncia entre elas. Se a pessoa infectada espirra, tosse ou fala, as got\u00edculas caem rapidamente no ch\u00e3o, e se a gestante respirar essas got\u00edculas, pode se contaminar. Essas got\u00edculas tamb\u00e9m podem pousar em objetos ou superf\u00edcies em volta das pessoas, como mesas, ma\u00e7anetas, celulares, corrim\u00f5es\u201d, diz a mestre, professora de Medicina da Unit e presidente do Comit\u00ea de Aleitamento Materno da Sociedade Sergipana de Pediatria, Izailza Matos.<\/p>\n<p style=\"text-align: justify;\">Ela lembra que estudos mostram que o v\u00edrus pode sobreviver 72 horas em pl\u00e1stico e a\u00e7o inoxid\u00e1vel, menos de quatro horas em cobre e menos de 24 horas em papel\u00e3o.<\/p>\n<p style=\"text-align: justify;\">Se a gestante tocar nesses objetos ou superf\u00edcies com as m\u00e3os ou outra parte do corpo e, em seguida, tocar olhos, nariz ou boca, pode se contaminar. Portanto, a lavagem regular das m\u00e3os com t\u00e9cnica correta por no m\u00ednimo 20 segundos, ou uso do \u00e1lcool em gel 70%, deve ser aderida por todas as futuras mam\u00e3es, bem como \u00e9 indispens\u00e1vel o uso de m\u00e1scaras de tecido, tendo o cuidado com a higieniza\u00e7\u00e3o dessas m\u00e1scaras e troca a cada duas horas.<\/p>\n<p style=\"text-align: justify;\">Os sintomas mais comuns ocasionados pela COVID-19 s\u00e3o febre, tosse, falta de ar, dor muscular e fadiga. Os menos comuns por sua vez s\u00e3o falta de paladar e de sentir cheiro repentino, congest\u00e3o conjuntival, falta de apetite, produ\u00e7\u00e3o de catarro, dor ao engolir, dor no peito, escarros com sangue, tontura, cefaleia, confus\u00e3o mental, n\u00e1useas e v\u00f4mitos, diarreia e dor abdominal. Caso a gestante apresente algum desses sintomas, deve entrar em contato imediatamente com seu m\u00e9dico. O per\u00edodo da contamina\u00e7\u00e3o at\u00e9 o aparecimento dos sintomas varia de dois a 14 dias com uma frequ\u00eancia maior de cinco dias.<\/p>\n<p style=\"text-align: justify;\">A m\u00e9dica pediatra lembra que at\u00e9 o momento n\u00e3o foi identificada a transmiss\u00e3o da gestante para o seu beb\u00ea. \u201cEstudos realizados com o sangue do cord\u00e3o umbilical, l\u00edquido amni\u00f3tico e leite materno foram negativos para a COVID-19.\u201d<\/p>\n<p style=\"text-align: justify;\">Em rela\u00e7\u00e3o \u00e0 imunidade, a doutora Izailza considera que os estudos sugerem que os anticorpos induzidos pelo v\u00edrus s\u00e3o protetores, mas n\u00e3o se sabe quanto tempo vai durar.<\/p>\n<p style=\"text-align: justify;\">\u201cPara comprovar o diagn\u00f3stico, o exame Sars-CoV-2 (RT-PCR), utilizando swab nasal, oral ou aspirado de nasofaringe, \u00e9 o m\u00e9todo conclusivo at\u00e9 o momento e deve ser coletado entre o terceiro e s\u00e9timo dia do in\u00edcio dos sintomas. Na avalia\u00e7\u00e3o sorol\u00f3gica espec\u00edfica para detectar anticorpos do Sars-CoV-2, surge primeiro a positividade do <strong>IgM<\/strong> e depois a do <strong>IgG<\/strong> que pode aumentar quatro vezes seu valor inicial na fase de recupera\u00e7\u00e3o da doen\u00e7a\u201d, lembra.<\/p>\n<p style=\"text-align: justify;\">Segundo a doutora, o local de parto deve ser o hospitalar, as maternidades adotam normas de seguran\u00e7a para evitar a transmiss\u00e3o da doen\u00e7a, como a proibi\u00e7\u00e3o de visitas ou mesmo do acompanhante para o trabalho de parto, parto e alojamento conjunto.<\/p>\n<p style=\"text-align: justify;\">Gestantes com a COVID-19 ou suspeita devem informar ao seu m\u00e9dico, para que seja notificada. Caso entre em trabalho de parto na vig\u00eancia da doen\u00e7a, todas as medidas de precau\u00e7\u00e3o para n\u00e3o propaga\u00e7\u00e3o do v\u00edrus ser\u00e3o tomadas por toda a equipe de sa\u00fade.<\/p>\n<p style=\"text-align: justify;\">\u201cO contato pele a pele \u00e9 contraindicado, pois o contato do rec\u00e9m-nascido com secre\u00e7\u00e3o materna pode contaminar o beb\u00ea. Estudos mostram a presen\u00e7a do v\u00edrus em amostras de sangue, urina e fezes maternas. Por esse motivo, ele deve ser secado, aquecido e em seguida dado o banho. A amamenta\u00e7\u00e3o deve ser mantida com as precau\u00e7\u00f5es necess\u00e1rias, como lavagem das m\u00e3os antes e depois que tocar ou amamentar o beb\u00ea, usar m\u00e1scara cir\u00fargica cobrindo todo o nariz e a boca. Se tossir, espirrar ou falar quando estiver amamentando, tem que trocar a m\u00e1scara; trocar tamb\u00e9m a cada amamenta\u00e7\u00e3o. Se a m\u00e3e n\u00e3o estiver em condi\u00e7\u00f5es de amamentar ou n\u00e3o quiser amamentar, o leite pode ser ordenhado e oferecido por um profissional da sa\u00fade ou um familiar saud\u00e1vel no copinho para o beb\u00ea\u201d, explica a pediatra.<\/p>\n<p style=\"text-align: justify;\">Segundo a doutora Izailza, a gestante confirmada ou com suspeita da COVID-19 pode ficar em alojamento conjunto com seu filho e o acompanhante de sua escolha. O ber\u00e7o do beb\u00ea deve ficar a dois metros de dist\u00e2ncia da cama da m\u00e3e que precisa permanecer todo o tempo com m\u00e1scara cir\u00fargica, trocada a cada duas horas ou sempre que ficar \u00famida. A alta do hospital deve ser segura, respeitando as condi\u00e7\u00f5es cl\u00ednicas do bin\u00f4mio m\u00e3e\/beb\u00ea, podendo ser 24 horas para o parto normal e 48 horas para o parto cesariano.<\/p>\n<p><a href=\"https:\/\/senoticias.com.br\/se\/wp-content\/uploads\/2020\/05\/282.jpg\"><img loading=\"lazy\" decoding=\"async\" class=\"aligncenter size-full wp-image-123533\" src=\"https:\/\/senoticias.com.br\/se\/wp-content\/uploads\/2020\/05\/282.jpg\" alt=\"\" width=\"599\" height=\"78\" srcset=\"https:\/\/senoticias.com.br\/se\/wp-content\/uploads\/2020\/05\/282.jpg 599w, https:\/\/senoticias.com.br\/se\/wp-content\/uploads\/2020\/05\/282-300x39.jpg 300w\" sizes=\"(max-width: 599px) 100vw, 599px\" \/><\/a><\/p>\n<p>&nbsp;<\/p>\n<p><strong><em>Acompanhe tamb\u00e9m o SE Not\u00edcias no\u00a0<a href=\"https:\/\/twitter.com\/Senoticias\" target=\"_blank\" rel=\"noopener\">Twitter<\/a>,\u00a0<a href=\"https:\/\/www.facebook.com\/senoticias1\" target=\"_blank\" rel=\"noopener\">Facebook<\/a>\u00a0e no\u00a0<a href=\"https:\/\/www.instagram.com\/senoticias\/\" target=\"_blank\" rel=\"noopener\">Instagram<\/a><\/em><\/strong><\/p>\n<p>&nbsp;<\/p>\n<p><em>Assessoria de Imprensa\/Unit<\/em><\/p>\n","protected":false},"excerpt":{"rendered":"<p>A m\u00e9dica pediatra Izailza Matos alerta \u00e0s gestantes que trabalham em contato com pessoas infectadas pelo coronav\u00edrus de que elas devem procurar os servi\u00e7os de Medicina do Trabalho de sua institui\u00e7\u00e3o para avaliar os riscos de sua atividade. No caso das consultas de pr\u00e9-natal, estas devem ser mantidas, entretanto a frequ\u00eancia deve ser avaliada por [&hellip;]<\/p>\n","protected":false},"author":6557,"featured_media":123648,"comment_status":"closed","ping_status":"closed","sticky":false,"template":"","format":"standard","meta":{"footnotes":""},"categories":[15,6,8],"tags":[10476,14807,14805,14806,9729],"class_list":{"0":"post-123640","1":"post","2":"type-post","3":"status-publish","4":"format-standard","5":"has-post-thumbnail","7":"category-destaques","8":"category-politica","9":"category-esporte-e-cultura","10":"tag-amamentacao","11":"tag-gestacao","12":"tag-izailza-matos","13":"tag-medica-pediatra-izailza-matos","14":"tag-unit"},"_links":{"self":[{"href":"https:\/\/senoticias.com.br\/se\/wp-json\/wp\/v2\/posts\/123640"}],"collection":[{"href":"https:\/\/senoticias.com.br\/se\/wp-json\/wp\/v2\/posts"}],"about":[{"href":"https:\/\/senoticias.com.br\/se\/wp-json\/wp\/v2\/types\/post"}],"author":[{"embeddable":true,"href":"https:\/\/senoticias.com.br\/se\/wp-json\/wp\/v2\/users\/6557"}],"replies":[{"embeddable":true,"href":"https:\/\/senoticias.com.br\/se\/wp-json\/wp\/v2\/comments?post=123640"}],"version-history":[{"count":0,"href":"https:\/\/senoticias.com.br\/se\/wp-json\/wp\/v2\/posts\/123640\/revisions"}],"wp:featuredmedia":[{"embeddable":true,"href":"https:\/\/senoticias.com.br\/se\/wp-json\/wp\/v2\/media\/123648"}],"wp:attachment":[{"href":"https:\/\/senoticias.com.br\/se\/wp-json\/wp\/v2\/media?parent=123640"}],"wp:term":[{"taxonomy":"category","embeddable":true,"href":"https:\/\/senoticias.com.br\/se\/wp-json\/wp\/v2\/categories?post=123640"},{"taxonomy":"post_tag","embeddable":true,"href":"https:\/\/senoticias.com.br\/se\/wp-json\/wp\/v2\/tags?post=123640"}],"curies":[{"name":"wp","href":"https:\/\/api.w.org\/{rel}","templated":true}]}}