{"id":123621,"date":"2020-06-03T14:52:25","date_gmt":"2020-06-03T17:52:25","guid":{"rendered":"https:\/\/senoticias.com.br\/se\/?p=123621"},"modified":"2020-06-03T15:20:52","modified_gmt":"2020-06-03T18:20:52","slug":"aguas-de-sao-cristovao-e-tema-de-seminario-regional-de-municipios-do-norte-e-nordeste","status":"publish","type":"post","link":"https:\/\/senoticias.com.br\/se\/aguas-de-sao-cristovao-e-tema-de-seminario-regional-de-municipios-do-norte-e-nordeste\/","title":{"rendered":"\u2018\u00c1guas de S\u00e3o Crist\u00f3v\u00e3o\u2019 \u00e9 tema de semin\u00e1rio Regional de Munic\u00edpios do Norte e Nordeste"},"content":{"rendered":"<p>&nbsp;<\/p>\n<p style=\"text-align: justify;\">Pr\u00f3ximo dia 17, o prefeito Marcos Santana participa do semin\u00e1rio Regional de Munic\u00edpios do Norte e Nordeste para falar sobre o programa \u2018\u00c1guas de S\u00e3o Crist\u00f3v\u00e3o\u2019. O evento ocorre via on-line e \u00e9 promovido pela Associa\u00e7\u00e3o Brasileira de Munic\u00edpios (ABM).<\/p>\n<div id=\"attachment_123624\" style=\"width: 609px\" class=\"wp-caption alignnone\"><a href=\"https:\/\/senoticias.com.br\/se\/wp-content\/uploads\/2020\/06\/WhatsApp-Image-2020-06-03-at-12.58.41.jpeg\"><img loading=\"lazy\" decoding=\"async\" aria-describedby=\"caption-attachment-123624\" class=\"size-full wp-image-123624\" src=\"https:\/\/senoticias.com.br\/se\/wp-content\/uploads\/2020\/06\/WhatsApp-Image-2020-06-03-at-12.58.41-e1591206540106.jpeg\" alt=\"\" width=\"599\" height=\"399\" \/><\/a><p id=\"caption-attachment-123624\" class=\"wp-caption-text\">O projeto \u00c1guas de S\u00e3o Crist\u00f3v\u00e3o foi desenvolvido pela Prefeitura do munic\u00edpio (foto: ascom\/PMSC)<\/p><\/div>\n<p style=\"text-align: justify;\">O projeto \u00c1guas de S\u00e3o Crist\u00f3v\u00e3o, desenvolvido pela Prefeitura do munic\u00edpio e que premiou a gest\u00e3o com o primeiro lugar no Pr\u00eamio Cidades Sustent\u00e1veis 2019, j\u00e1 beneficiou 5.600 sancristovenses residentes nos povoados Timb\u00f3 da Barragem, Alto da Boa Vista, Alto do Cristo, Casulo\/S\u00e3o Gon\u00e7alo\/Baixa da Colina, Aldeia, Feij\u00e3o, Arame II, Novo Horizonte, Ingazeira, Carmo, S\u00e3o Gon\u00e7alo\/Alto da Colina.<\/p>\n<p style=\"text-align: justify;\">Por meio do Programa, a gest\u00e3o realiza a implanta\u00e7\u00e3o de po\u00e7o tubular para abastecimento de \u00e1gua em povoados. Desenvolvido pelo Servi\u00e7o Aut\u00f4nomo de \u00c1gua e Esgoto \u2013 Saae -, em parceria com o Governo do Estado -, o projeto alcan\u00e7ar\u00e1 mais de mil fam\u00edlias ao fim de sua execu\u00e7\u00e3o.<\/p>\n<p style=\"text-align: justify;\">Marcos Santana ressaltou a satisfa\u00e7\u00e3o em apresentar para gestores do Norte e Nordeste a\u00e7\u00f5es que modificam positivamente a rotina da popula\u00e7\u00e3o.<\/p>\n<p style=\"text-align: justify;\">\u201cEsse convite confirma nossa capacidade de desenvolver a\u00e7\u00f5es que melhorem a vida das pessoas efetivamente. O \u00c1guas de S\u00e3o Crist\u00f3v\u00e3o \u00e9 um programa pensado para a realidade de nosso munic\u00edpio e que resgata a dignidade e autoestima das comunidades envolvidas. Poder levar nossa experi\u00eancia e inspirar a\u00e7\u00f5es desse tipo \u00e9 gratificante\u201d.<br \/>\nDe acordo com o diretor-presidente do Servi\u00e7o Aut\u00f4nomo de \u00c1gua e Esgoto (Saae), Carlos Melo, o munic\u00edpio de S\u00e3o Crist\u00f3v\u00e3o, por muitas d\u00e9cadas, vivenciou uma situa\u00e7\u00e3o paradoxal em rela\u00e7\u00e3o \u00e0 \u00e1gua, j\u00e1 que \u00e9 um lugar rico em recursos h\u00eddricos e a popula\u00e7\u00e3o sofria de desabastecimento.<\/p>\n<p style=\"text-align: justify;\">\u201cA interrup\u00e7\u00e3o do abastecimento regular de \u00e1gua para a popula\u00e7\u00e3o local ocorria devido ao sucateamento e a aus\u00eancia de manuten\u00e7\u00e3o dos equipamentos de capta\u00e7\u00e3o, tratamento e distribui\u00e7\u00e3o da \u00e1gua para os estabelecimentos domiciliares e comerciais. \u00c9 muito bom ver que estamos no caminho certo, que as pessoas est\u00e3o felizes em ter \u00e1gua de qualidade em casa depois de tantos anos\u201d, explica Carlos.<\/p>\n<p>&nbsp;<\/p>\n<p><a href=\"https:\/\/senoticias.com.br\/se\/wp-content\/uploads\/2020\/05\/282.jpg\"><img loading=\"lazy\" decoding=\"async\" class=\"alignnone size-full wp-image-123533\" src=\"https:\/\/senoticias.com.br\/se\/wp-content\/uploads\/2020\/05\/282.jpg\" alt=\"\" width=\"599\" height=\"78\" srcset=\"https:\/\/senoticias.com.br\/se\/wp-content\/uploads\/2020\/05\/282.jpg 599w, https:\/\/senoticias.com.br\/se\/wp-content\/uploads\/2020\/05\/282-300x39.jpg 300w\" sizes=\"(max-width: 599px) 100vw, 599px\" \/><\/a><\/p>\n<p>&nbsp;<\/p>\n<p><strong><em>Acompanhe tamb\u00e9m o SE Not\u00edcias no\u00a0<a href=\"https:\/\/twitter.com\/Senoticias\" target=\"_blank\" rel=\"noopener\">Twitter<\/a>,\u00a0<a href=\"https:\/\/www.facebook.com\/senoticias1\" target=\"_blank\" rel=\"noopener\">Facebook<\/a>\u00a0e no\u00a0<a href=\"https:\/\/www.instagram.com\/senoticias\/\" target=\"_blank\" rel=\"noopener\">Instagram<\/a><\/em><\/strong><\/p>\n<p><em>Por ascom\/PMSC<\/em><\/p>\n","protected":false},"excerpt":{"rendered":"<p>&nbsp; Pr\u00f3ximo dia 17, o prefeito Marcos Santana participa do semin\u00e1rio Regional de Munic\u00edpios do Norte e Nordeste para falar sobre o programa \u2018\u00c1guas de S\u00e3o Crist\u00f3v\u00e3o\u2019. O evento ocorre via on-line e \u00e9 promovido pela Associa\u00e7\u00e3o Brasileira de Munic\u00edpios (ABM). O projeto \u00c1guas de S\u00e3o Crist\u00f3v\u00e3o, desenvolvido pela Prefeitura do munic\u00edpio e que premiou [&hellip;]<\/p>\n","protected":false},"author":6557,"featured_media":123624,"comment_status":"closed","ping_status":"closed","sticky":false,"template":"","format":"standard","meta":{"footnotes":""},"categories":[15,38],"tags":[14795,4589,81,14796],"class_list":{"0":"post-123621","1":"post","2":"type-post","3":"status-publish","4":"format-standard","5":"has-post-thumbnail","7":"category-destaques","8":"category-municipios","9":"tag-aguas-de-sao-cristovao","10":"tag-prefeito-marcos-santana","11":"tag-prefeitura-de-sao-cristovao","12":"tag-programa-aguas-de-sao-cristovao"},"_links":{"self":[{"href":"https:\/\/senoticias.com.br\/se\/wp-json\/wp\/v2\/posts\/123621"}],"collection":[{"href":"https:\/\/senoticias.com.br\/se\/wp-json\/wp\/v2\/posts"}],"about":[{"href":"https:\/\/senoticias.com.br\/se\/wp-json\/wp\/v2\/types\/post"}],"author":[{"embeddable":true,"href":"https:\/\/senoticias.com.br\/se\/wp-json\/wp\/v2\/users\/6557"}],"replies":[{"embeddable":true,"href":"https:\/\/senoticias.com.br\/se\/wp-json\/wp\/v2\/comments?post=123621"}],"version-history":[{"count":0,"href":"https:\/\/senoticias.com.br\/se\/wp-json\/wp\/v2\/posts\/123621\/revisions"}],"wp:featuredmedia":[{"embeddable":true,"href":"https:\/\/senoticias.com.br\/se\/wp-json\/wp\/v2\/media\/123624"}],"wp:attachment":[{"href":"https:\/\/senoticias.com.br\/se\/wp-json\/wp\/v2\/media?parent=123621"}],"wp:term":[{"taxonomy":"category","embeddable":true,"href":"https:\/\/senoticias.com.br\/se\/wp-json\/wp\/v2\/categories?post=123621"},{"taxonomy":"post_tag","embeddable":true,"href":"https:\/\/senoticias.com.br\/se\/wp-json\/wp\/v2\/tags?post=123621"}],"curies":[{"name":"wp","href":"https:\/\/api.w.org\/{rel}","templated":true}]}}