{"id":123612,"date":"2020-06-02T23:06:44","date_gmt":"2020-06-03T02:06:44","guid":{"rendered":"https:\/\/senoticias.com.br\/se\/?p=123612"},"modified":"2020-06-03T07:11:02","modified_gmt":"2020-06-03T10:11:02","slug":"detran-de-sergipe-volta-a-disponibilizar-servicos-de-habilitacao-e-renovacao-da-cnh","status":"publish","type":"post","link":"https:\/\/senoticias.com.br\/se\/detran-de-sergipe-volta-a-disponibilizar-servicos-de-habilitacao-e-renovacao-da-cnh\/","title":{"rendered":"Detran de Sergipe volta a disponibilizar servi\u00e7os de habilita\u00e7\u00e3o e renova\u00e7\u00e3o da CNH"},"content":{"rendered":"<p style=\"text-align: justify;\">A partir dessa segunda-feira, 1\u00ba, est\u00e1 novamente dispon\u00edvel no site do Departamento Estadual de Tr\u00e2nsito (Detran\/SE) as op\u00e7\u00f5es de servi\u00e7os de habilita\u00e7\u00e3o, a exemplo de renova\u00e7\u00e3o de Carteira Nacional de Habilita\u00e7\u00e3o (CNH) ou Permiss\u00e3o Para Dirigir (PPD), inclus\u00e3o\/exclus\u00e3o de exerc\u00edcio de atividade remunerada e reciclagem de condutores. Tamb\u00e9m estar\u00e3o dispon\u00edveis a partir desta data agendamentos para servi\u00e7os presenciais ligados ao processo de habilita\u00e7\u00e3o. Os atendimentos presenciais, entretanto, ser\u00e3o iniciados no dia 8, seguindo as orienta\u00e7\u00f5es da Organiza\u00e7\u00e3o Mundial de Sa\u00fade (OMS) e do Governo de Sergipe sobre uso de m\u00e1scaras, dist\u00e2ncia entre pessoas e n\u00e3o aglomera\u00e7\u00e3o.<\/p>\n<div id=\"attachment_123614\" style=\"width: 609px\" class=\"wp-caption alignnone\"><a href=\"https:\/\/senoticias.com.br\/se\/wp-content\/uploads\/2020\/06\/Habilita\u00e7\u00e3o-SE-Noticias.jpg\"><img loading=\"lazy\" decoding=\"async\" aria-describedby=\"caption-attachment-123614\" class=\"size-full wp-image-123614\" src=\"https:\/\/senoticias.com.br\/se\/wp-content\/uploads\/2020\/06\/Habilita\u00e7\u00e3o-SE-Noticias-e1591178930388.jpg\" alt=\"\" width=\"599\" height=\"599\" \/><\/a><p id=\"caption-attachment-123614\" class=\"wp-caption-text\">Os atendimentos presenciais ser\u00e3o iniciados no dia 8<\/p><\/div>\n<p style=\"text-align: justify;\">Os procedimentos est\u00e3o determinados nas Portarias 269 e 272 do Detran\/SE, que indicam ainda a possibilidade de agendamento para exames pr\u00e1ticos (capital e interior) e te\u00f3ricos (apenas na sede), bem como exames m\u00e9dicos e psicol\u00f3gicos, tamb\u00e9m a partir do dia 1\u00ba de junho. A quantidade de vagas em todos os procedimentos ser\u00e1 reduzida para evitar aglomera\u00e7\u00f5es nos dias de atendimento, tamb\u00e9m a partir do dia 8.<\/p>\n<p style=\"text-align: justify;\">As coletas biom\u00e9tricas passar\u00e3o a ser realizadas por agendamento no site, no mesmo espa\u00e7o de agendamento de atendimento presencial\u00a0 \u2013 www.detran.se.gov.br &gt; agendamento de atendimento presencial \u2013,\u00a0 escolhendo a op\u00e7\u00e3o Coleta de Dados Biom\u00e9tricos &#8211; CAV.<\/p>\n<p style=\"text-align: justify;\">J\u00e1 as aulas pr\u00e1ticas em Centros de Forma\u00e7\u00e3o de Condutores (CFCs) ser\u00e3o iniciadas a partir do dia 8. As aulas te\u00f3ricas, entretanto, ainda n\u00e3o ser\u00e3o realizadas, pois o Detran est\u00e1 realizando o processo de homologa\u00e7\u00e3o das empresas que realizar\u00e3o o procedimento de forma remota (de forma digital). Quem optar pela aula presencial dever\u00e1 aguardar o retorno \u00e0 normalidade. As Juntas M\u00e9dicas tamb\u00e9m est\u00e3o em fase de avalia\u00e7\u00e3o para o retorno, com prazo ainda indeterminado.<\/p>\n<p>&nbsp;<\/p>\n<p><a href=\"https:\/\/senoticias.com.br\/se\/wp-content\/uploads\/2020\/05\/282.jpg\"><img loading=\"lazy\" decoding=\"async\" class=\"alignnone size-full wp-image-123533\" src=\"https:\/\/senoticias.com.br\/se\/wp-content\/uploads\/2020\/05\/282.jpg\" alt=\"\" width=\"599\" height=\"78\" srcset=\"https:\/\/senoticias.com.br\/se\/wp-content\/uploads\/2020\/05\/282.jpg 599w, https:\/\/senoticias.com.br\/se\/wp-content\/uploads\/2020\/05\/282-300x39.jpg 300w\" sizes=\"(max-width: 599px) 100vw, 599px\" \/><\/a><\/p>\n<p>&nbsp;<\/p>\n<p><strong><em>Acompanhe tamb\u00e9m o SE Not\u00edcias no\u00a0<a href=\"https:\/\/twitter.com\/Senoticias\" target=\"_blank\" rel=\"noopener\">Twitter<\/a>,\u00a0<a href=\"https:\/\/www.facebook.com\/senoticias1\" target=\"_blank\" rel=\"noopener\">Facebook<\/a>\u00a0e no\u00a0<a href=\"https:\/\/www.instagram.com\/senoticias\/\" target=\"_blank\" rel=\"noopener\">Instagram<\/a><\/em><\/strong><\/p>\n<p>&nbsp;<\/p>\n<p><em>Fonte: Ascom\/Detran\/SE<\/em><\/p>\n","protected":false},"excerpt":{"rendered":"<p>A partir dessa segunda-feira, 1\u00ba, est\u00e1 novamente dispon\u00edvel no site do Departamento Estadual de Tr\u00e2nsito (Detran\/SE) as op\u00e7\u00f5es de servi\u00e7os de habilita\u00e7\u00e3o, a exemplo de renova\u00e7\u00e3o de Carteira Nacional de Habilita\u00e7\u00e3o (CNH) ou Permiss\u00e3o Para Dirigir (PPD), inclus\u00e3o\/exclus\u00e3o de exerc\u00edcio de atividade remunerada e reciclagem de condutores. Tamb\u00e9m estar\u00e3o dispon\u00edveis a partir desta data agendamentos [&hellip;]<\/p>\n","protected":false},"author":6557,"featured_media":123614,"comment_status":"closed","ping_status":"closed","sticky":false,"template":"","format":"standard","meta":{"footnotes":""},"categories":[15,6,1],"tags":[9096,4928,11919,4929],"class_list":{"0":"post-123612","1":"post","2":"type-post","3":"status-publish","4":"format-standard","5":"has-post-thumbnail","7":"category-destaques","8":"category-politica","9":"category-sem-categoria","10":"tag-carteira-de-habilitacao","11":"tag-cnh","12":"tag-detran-sergipe","13":"tag-habilitacao"},"_links":{"self":[{"href":"https:\/\/senoticias.com.br\/se\/wp-json\/wp\/v2\/posts\/123612"}],"collection":[{"href":"https:\/\/senoticias.com.br\/se\/wp-json\/wp\/v2\/posts"}],"about":[{"href":"https:\/\/senoticias.com.br\/se\/wp-json\/wp\/v2\/types\/post"}],"author":[{"embeddable":true,"href":"https:\/\/senoticias.com.br\/se\/wp-json\/wp\/v2\/users\/6557"}],"replies":[{"embeddable":true,"href":"https:\/\/senoticias.com.br\/se\/wp-json\/wp\/v2\/comments?post=123612"}],"version-history":[{"count":0,"href":"https:\/\/senoticias.com.br\/se\/wp-json\/wp\/v2\/posts\/123612\/revisions"}],"wp:featuredmedia":[{"embeddable":true,"href":"https:\/\/senoticias.com.br\/se\/wp-json\/wp\/v2\/media\/123614"}],"wp:attachment":[{"href":"https:\/\/senoticias.com.br\/se\/wp-json\/wp\/v2\/media?parent=123612"}],"wp:term":[{"taxonomy":"category","embeddable":true,"href":"https:\/\/senoticias.com.br\/se\/wp-json\/wp\/v2\/categories?post=123612"},{"taxonomy":"post_tag","embeddable":true,"href":"https:\/\/senoticias.com.br\/se\/wp-json\/wp\/v2\/tags?post=123612"}],"curies":[{"name":"wp","href":"https:\/\/api.w.org\/{rel}","templated":true}]}}