{"id":123608,"date":"2020-06-02T15:37:26","date_gmt":"2020-06-02T18:37:26","guid":{"rendered":"https:\/\/senoticias.com.br\/se\/?p=123608"},"modified":"2020-06-02T15:45:12","modified_gmt":"2020-06-02T18:45:12","slug":"prefeito-edvaldo-exonera-jorge-araujo-filho-da-secretaria-de-governo","status":"publish","type":"post","link":"https:\/\/senoticias.com.br\/se\/prefeito-edvaldo-exonera-jorge-araujo-filho-da-secretaria-de-governo\/","title":{"rendered":"Prefeito Edvaldo exonera Jorge Ara\u00fajo Filho da Secretaria de Governo"},"content":{"rendered":"<p style=\"text-align: justify;\">O prefeito Edvaldo Nogueira exonerou, nesta ter\u00e7a-feira, 2, Jorge Ara\u00fajo Filho da titularidade da Secretaria Municipal de Governo. O desligamento atende a um pedido do PSD, partido ao qual o secret\u00e1rio \u00e9 filiado, em decorr\u00eancia do prazo de desincompatibiliza\u00e7\u00e3o eleitoral. Jorge Ara\u00fajo Filho integrou a gest\u00e3o municipal desde janeiro de 2017, tendo respondido pela Secretaria da Juventude e do Esporte e pela Funda\u00e7\u00e3o Municipal de Forma\u00e7\u00e3o para o Trabalho, al\u00e9m da Segov.<\/p>\n<div id=\"attachment_123609\" style=\"width: 609px\" class=\"wp-caption alignnone\"><a href=\"https:\/\/senoticias.com.br\/se\/wp-content\/uploads\/2020\/06\/Jorje-e1591123244523.jpg\"><img loading=\"lazy\" decoding=\"async\" aria-describedby=\"caption-attachment-123609\" class=\"size-full wp-image-123609\" src=\"https:\/\/senoticias.com.br\/se\/wp-content\/uploads\/2020\/06\/Jorje-e1591123244523.jpg\" alt=\"\" width=\"599\" height=\"458\" \/><\/a><p id=\"caption-attachment-123609\" class=\"wp-caption-text\">Jorge Ara\u00fajo foi exonerado em decorr\u00eancia do prazo de desincompatibiliza\u00e7\u00e3o eleitoral (foto: Ana L\u00edcia Menezes)<\/p><\/div>\n<p style=\"text-align: justify;\">&#8220;Agrade\u00e7o a Jorginho Ara\u00fajo pelo grande trabalho que desenvolveu na nossa gest\u00e3o. Com sua juventude e capacidade, ele deu uma importante contribui\u00e7\u00e3o \u00e0 cidade. Dirigiu com muita compet\u00eancia a Secretaria do Esporte e a Fundat. E na Secretaria de Governo, demonstrou grande talento para a articula\u00e7\u00e3o pol\u00edtica, no acompanhamento do andamento dos projetos de lei na C\u00e2mara e na boa rela\u00e7\u00e3o com os vereadores&#8221;, afirmou o prefeito.<\/p>\n<p style=\"text-align: justify;\">Para Jorge Ara\u00fajo Filho, o sentimento, ap\u00f3s tr\u00eas anos e cinco meses na gest\u00e3o municipal, \u00e9 de &#8220;dever cumprido&#8221;. &#8220;Fa\u00e7o quest\u00e3o de agradecer a Deus, ao prefeito Edvaldo Nogueira, como tamb\u00e9m ao PSD, na pessoa do amigo de sempre F\u00e1bio Mitidieri, pela oportunidade de ter participado da gest\u00e3o municipal. Estar na gest\u00e3o p\u00fablica \u00e9 tamb\u00e9m ter a possibilidade real de poder fazer mais por quem mais precisa e creio que consegui de alguma forma realizar, sempre com muito zelo \u00e0 coisa p\u00fablica&#8221;, declarou.<\/p>\n<p style=\"text-align: justify;\">Jorginho Ara\u00fajo afirmou que o per\u00edodo em que esteve na gest\u00e3o foi de &#8220;intensa dedica\u00e7\u00e3o, lealdade ao projeto e trabalho duro para ajudar a gest\u00e3o do prefeito Edvaldo, esse ex\u00edmio gestor, criterioso, \u00e9tico e respons\u00e1vel, de quem levarei in\u00fameros ensinamentos&#8221;. Ele agradeceu a todos os colaboradores da Prefeitura com quem trabalhou, ressaltou a &#8220;parceria e boa conviv\u00eancia com o conjunto dos secret\u00e1rios&#8221; e se disse grato aos vereadores de Aracaju, pela &#8220;rela\u00e7\u00e3o cordial e harm\u00f4nica&#8221;.<\/p>\n<p>&nbsp;<\/p>\n<p><a href=\"https:\/\/senoticias.com.br\/se\/wp-content\/uploads\/2020\/05\/282.jpg\"><img loading=\"lazy\" decoding=\"async\" class=\"alignnone size-full wp-image-123533\" src=\"https:\/\/senoticias.com.br\/se\/wp-content\/uploads\/2020\/05\/282.jpg\" alt=\"\" width=\"599\" height=\"78\" srcset=\"https:\/\/senoticias.com.br\/se\/wp-content\/uploads\/2020\/05\/282.jpg 599w, https:\/\/senoticias.com.br\/se\/wp-content\/uploads\/2020\/05\/282-300x39.jpg 300w\" sizes=\"(max-width: 599px) 100vw, 599px\" \/><\/a><\/p>\n<p>&nbsp;<\/p>\n<p><strong><em>Acompanhe tamb\u00e9m o SE Not\u00edcias no\u00a0<a href=\"https:\/\/twitter.com\/Senoticias\" target=\"_blank\" rel=\"noopener\">Twitter<\/a>,\u00a0<a href=\"https:\/\/www.facebook.com\/senoticias1\" target=\"_blank\" rel=\"noopener\">Facebook<\/a>\u00a0e no\u00a0<a href=\"https:\/\/www.instagram.com\/senoticias\/\" target=\"_blank\" rel=\"noopener\">Instagram<\/a><\/em><\/strong><\/p>\n<p>&nbsp;<\/p>\n<p><em>Mat\u00e9ria extra\u00edda da Ag\u00eancia Aracaju de Not\u00edcias<\/em><\/p>\n","protected":false},"excerpt":{"rendered":"<p>O prefeito Edvaldo Nogueira exonerou, nesta ter\u00e7a-feira, 2, Jorge Ara\u00fajo Filho da titularidade da Secretaria Municipal de Governo. O desligamento atende a um pedido do PSD, partido ao qual o secret\u00e1rio \u00e9 filiado, em decorr\u00eancia do prazo de desincompatibiliza\u00e7\u00e3o eleitoral. Jorge Ara\u00fajo Filho integrou a gest\u00e3o municipal desde janeiro de 2017, tendo respondido pela Secretaria [&hellip;]<\/p>\n","protected":false},"author":6557,"featured_media":123609,"comment_status":"closed","ping_status":"closed","sticky":false,"template":"","format":"standard","meta":{"footnotes":""},"categories":[15,6],"tags":[14792,698,8507,14790,7864,14791],"class_list":{"0":"post-123608","1":"post","2":"type-post","3":"status-publish","4":"format-standard","5":"has-post-thumbnail","7":"category-destaques","8":"category-politica","9":"tag-desincompatibilizacao-eleitoral","10":"tag-edvaldo-nogueira","11":"tag-eleicoes-2020","12":"tag-jorge-araujo","13":"tag-prefeito-edvaldo-nogueira","14":"tag-secretaria-municipal-de-governo"},"_links":{"self":[{"href":"https:\/\/senoticias.com.br\/se\/wp-json\/wp\/v2\/posts\/123608"}],"collection":[{"href":"https:\/\/senoticias.com.br\/se\/wp-json\/wp\/v2\/posts"}],"about":[{"href":"https:\/\/senoticias.com.br\/se\/wp-json\/wp\/v2\/types\/post"}],"author":[{"embeddable":true,"href":"https:\/\/senoticias.com.br\/se\/wp-json\/wp\/v2\/users\/6557"}],"replies":[{"embeddable":true,"href":"https:\/\/senoticias.com.br\/se\/wp-json\/wp\/v2\/comments?post=123608"}],"version-history":[{"count":0,"href":"https:\/\/senoticias.com.br\/se\/wp-json\/wp\/v2\/posts\/123608\/revisions"}],"wp:featuredmedia":[{"embeddable":true,"href":"https:\/\/senoticias.com.br\/se\/wp-json\/wp\/v2\/media\/123609"}],"wp:attachment":[{"href":"https:\/\/senoticias.com.br\/se\/wp-json\/wp\/v2\/media?parent=123608"}],"wp:term":[{"taxonomy":"category","embeddable":true,"href":"https:\/\/senoticias.com.br\/se\/wp-json\/wp\/v2\/categories?post=123608"},{"taxonomy":"post_tag","embeddable":true,"href":"https:\/\/senoticias.com.br\/se\/wp-json\/wp\/v2\/tags?post=123608"}],"curies":[{"name":"wp","href":"https:\/\/api.w.org\/{rel}","templated":true}]}}