{"id":123603,"date":"2020-06-02T15:07:35","date_gmt":"2020-06-02T18:07:35","guid":{"rendered":"https:\/\/senoticias.com.br\/se\/?p=123603"},"modified":"2020-06-02T15:34:50","modified_gmt":"2020-06-02T18:34:50","slug":"prefeitura-de-aracaju-lanca-programas-de-fomento-ao-setor-artistico-cultural","status":"publish","type":"post","link":"https:\/\/senoticias.com.br\/se\/prefeitura-de-aracaju-lanca-programas-de-fomento-ao-setor-artistico-cultural\/","title":{"rendered":"Prefeitura de Aracaju lan\u00e7a programas de fomento ao setor art\u00edstico cultural"},"content":{"rendered":"<p style=\"text-align: justify;\">Sens\u00edvel ao cen\u00e1rio cr\u00edtico enfrentado pelos artistas em virtude da pandemia de covid-19, a Prefeitura da capital, por meio da Funda\u00e7\u00e3o Cultural de Aracaju (Funcaju), est\u00e1 lan\u00e7ando dois programas de fomento \u00e0 cadeia art\u00edstica: o Janela para as Artes e o Forr\u00f3 Caju em Casa 2020.<\/p>\n<div id=\"attachment_123606\" style=\"width: 609px\" class=\"wp-caption alignnone\"><a href=\"https:\/\/senoticias.com.br\/se\/wp-content\/uploads\/2020\/06\/Prefeitura-de-Aracaju.jpg\"><img loading=\"lazy\" decoding=\"async\" aria-describedby=\"caption-attachment-123606\" class=\"size-full wp-image-123606\" src=\"https:\/\/senoticias.com.br\/se\/wp-content\/uploads\/2020\/06\/Prefeitura-de-Aracaju-e1591122663965.jpg\" alt=\"\" width=\"599\" height=\"599\" \/><\/a><p id=\"caption-attachment-123606\" class=\"wp-caption-text\">Os artistas ser\u00e3o selecionados por editais, disponibilizados pela administra\u00e7\u00e3o na pr\u00f3xima sexta-feira, dia 5 (foto arte: PMA)<\/p><\/div>\n<p style=\"text-align: justify;\">&#8220;Estamos enfrentando um dos momentos mais dif\u00edceis da nossa hist\u00f3ria e diversos setores foram afetados, mas o que, certamente, sofreu um impacto maior, foi o setor cultural. Pensando nisso institu\u00edmos dois programas para fomentar as cadeias produtivas da cultura em Aracaju. O primeiro \u00e9 o \u2018Janela para as Artes&#8217;, que contemplar\u00e1 120 artistas da m\u00fasica, artes c\u00eanicas, literatura e audiovisual, e para o qual ser\u00e1 destinado R$170 mil&#8221;, explica o prefeito Edvaldo Nogueira.<\/p>\n<p style=\"text-align: justify;\">Para o presidente da Funda\u00e7\u00e3o Cultural de Aracaju (Funcaju), Luciano Correia, os projetos representam um fomento importante \u00e0s cadeias produtivas da cultura, que, nesse momento de pandemia, reclamam oportunidades de trabalho e apoio efetivo para a sua sobreviv\u00eancia. &#8220;Atrav\u00e9s dessas duas iniciativas, n\u00f3s vamos propiciar esse incentivo&#8221;, garante Luciano Correa.<\/p>\n<p style=\"text-align: justify;\">Mas n\u00e3o \u00e9 s\u00f3 isso. O presidente acredita que os produtos culturais que ser\u00e3o produzidos e entregues aos artistas representam portf\u00f3lios para suas pr\u00f3prias carreiras. &#8220;Por exemplo, o artista de barzinho, que toca na noite e que talvez nunca tenha tido uma oportunidade de gravar um especial com qualidade de uma produtora, com cen\u00e1rio, com ilumina\u00e7\u00e3o, com toda a concep\u00e7\u00e3o art\u00edstica e est\u00e9tica, poder\u00e3o fazer uso profissional desses dois produtos&#8221;, afirma.<\/p>\n<p style=\"text-align: justify;\">Os artistas ser\u00e3o selecionados por editais, disponibilizados pela administra\u00e7\u00e3o na pr\u00f3xima sexta-feira, dia 5, cada um para um projeto, que contemplam a apresenta\u00e7\u00e3o de 116 projetos individuais, no caso de Janela para as Artes, e de 45 artistas, no caso do Forr\u00f3 Caju em Casa 2020, que v\u00e3o compor a programa\u00e7\u00e3o, entre os dias 23 e 29 de junho.<\/p>\n<p style=\"text-align: justify;\">&#8220;Os programas ser\u00e3o gravados e exibidos em formato de &#8216;live&#8217; (transmiss\u00e3o ao vivo pelas redes sociais), em hor\u00e1rios espec\u00edficos que ocorreriam caso o evento fosse presencial&#8221;, esclarece Luciano Correia, que refor\u00e7a: &#8220;s\u00e3o projetos muito importantes, porque representam fomento para os m\u00fasicos, pessoas que est\u00e3o vivendo dificuldades nesse momento&#8221;.<\/p>\n<p style=\"text-align: justify;\">De fato, o objetivo principal de ambas iniciativas \u00e9 apoiar os trabalhadores do setor art\u00edstico cultural de Aracaju no enfrentamento a este dif\u00edcil momento. No entanto, tamb\u00e9m ser\u00e3o uma forma de oferecer arte e entretenimento ao p\u00fablico durante esse per\u00edodo de isolamento social.<\/p>\n<p><strong>Editais<\/strong><\/p>\n<p style=\"text-align: justify;\">O Programa Janela para as Artes contemplar\u00e1, em seu primeiro momento, 120 produ\u00e7\u00f5es art\u00edsticas aracajuanas, num investimento total de 170 mil reais. O Edital \u00e9 voltado a artistas das \u00e1reas de M\u00fasica, Artes C\u00eanicas, Literatura e Audiovisual.<\/p>\n<p style=\"text-align: justify;\">J\u00e1 a primeira edi\u00e7\u00e3o do Forr\u00f3 Caju em Casa contemplar\u00e1 45 apresenta\u00e7\u00f5es art\u00edsticas, em cinco categorias musicais: Releituras do Mestre Gonzaga, Composi\u00e7\u00f5es de Forr\u00f3 Tradicional, Interpreta\u00e7\u00f5es de Obras Sergipanas, Forr\u00f3 Eletr\u00f4nico e Arrocha. Nesse caso, o investimento total ser\u00e1 de R$85.000,00.<\/p>\n<p style=\"text-align: justify;\">&#8220;Este \u00e9 mais um projeto importante. O \u2018Forr\u00f3 Caju em Casa&#8217; ser\u00e1 uma edi\u00e7\u00e3o completamente diferente dos festejos juninos com os quais estamos acostumados, na \u00e1rea dos Mercados Centrais, mas tamb\u00e9m ser\u00e1 uma forma de celebra\u00e7\u00e3o. Ser\u00e3o 45 apresenta\u00e7\u00f5es musicais, entre os dias 23 a 29 de junho, em exibi\u00e7\u00f5es pelas redes sociais da Prefeitura. Foi a maneira que encontramos para ajudar os artistas na nossa terra a enfrentarem essa crise&#8221;, completou o prefeito.<\/p>\n<p><a href=\"https:\/\/senoticias.com.br\/se\/wp-content\/uploads\/2020\/05\/282.jpg\"><img loading=\"lazy\" decoding=\"async\" class=\"alignnone size-full wp-image-123533\" src=\"https:\/\/senoticias.com.br\/se\/wp-content\/uploads\/2020\/05\/282.jpg\" alt=\"\" width=\"599\" height=\"78\" srcset=\"https:\/\/senoticias.com.br\/se\/wp-content\/uploads\/2020\/05\/282.jpg 599w, https:\/\/senoticias.com.br\/se\/wp-content\/uploads\/2020\/05\/282-300x39.jpg 300w\" sizes=\"(max-width: 599px) 100vw, 599px\" \/><\/a><\/p>\n<p><strong><em>Acompanhe tamb\u00e9m o SE Not\u00edcias no\u00a0<a href=\"https:\/\/twitter.com\/Senoticias\" target=\"_blank\" rel=\"noopener\">Twitter<\/a>,\u00a0<a href=\"https:\/\/www.facebook.com\/senoticias1\" target=\"_blank\" rel=\"noopener\">Facebook<\/a>\u00a0e no\u00a0<a href=\"https:\/\/www.instagram.com\/senoticias\/\" target=\"_blank\" rel=\"noopener\">Instagram<\/a><\/em><\/strong><\/p>\n<p><em>Mat\u00e9ria extra\u00edda da Ag\u00eancia Aracaju de Not\u00edcias<\/em><\/p>\n","protected":false},"excerpt":{"rendered":"<p>Sens\u00edvel ao cen\u00e1rio cr\u00edtico enfrentado pelos artistas em virtude da pandemia de covid-19, a Prefeitura da capital, por meio da Funda\u00e7\u00e3o Cultural de Aracaju (Funcaju), est\u00e1 lan\u00e7ando dois programas de fomento \u00e0 cadeia art\u00edstica: o Janela para as Artes e o Forr\u00f3 Caju em Casa 2020. &#8220;Estamos enfrentando um dos momentos mais dif\u00edceis da nossa [&hellip;]<\/p>\n","protected":false},"author":6557,"featured_media":123606,"comment_status":"closed","ping_status":"closed","sticky":false,"template":"","format":"standard","meta":{"footnotes":""},"categories":[15,21,1],"tags":[10020,2772,14787,14788,213,14789],"class_list":{"0":"post-123603","1":"post","2":"type-post","3":"status-publish","4":"format-standard","5":"has-post-thumbnail","7":"category-destaques","8":"category-entretenimento","9":"category-sem-categoria","10":"tag-editais","11":"tag-funcaju","12":"tag-fundacao-cultural-de-aracaju","13":"tag-luciano-correia","14":"tag-prefeitura-de-aracaju","15":"tag-programa-janela-para-as-artes"},"_links":{"self":[{"href":"https:\/\/senoticias.com.br\/se\/wp-json\/wp\/v2\/posts\/123603"}],"collection":[{"href":"https:\/\/senoticias.com.br\/se\/wp-json\/wp\/v2\/posts"}],"about":[{"href":"https:\/\/senoticias.com.br\/se\/wp-json\/wp\/v2\/types\/post"}],"author":[{"embeddable":true,"href":"https:\/\/senoticias.com.br\/se\/wp-json\/wp\/v2\/users\/6557"}],"replies":[{"embeddable":true,"href":"https:\/\/senoticias.com.br\/se\/wp-json\/wp\/v2\/comments?post=123603"}],"version-history":[{"count":0,"href":"https:\/\/senoticias.com.br\/se\/wp-json\/wp\/v2\/posts\/123603\/revisions"}],"wp:featuredmedia":[{"embeddable":true,"href":"https:\/\/senoticias.com.br\/se\/wp-json\/wp\/v2\/media\/123606"}],"wp:attachment":[{"href":"https:\/\/senoticias.com.br\/se\/wp-json\/wp\/v2\/media?parent=123603"}],"wp:term":[{"taxonomy":"category","embeddable":true,"href":"https:\/\/senoticias.com.br\/se\/wp-json\/wp\/v2\/categories?post=123603"},{"taxonomy":"post_tag","embeddable":true,"href":"https:\/\/senoticias.com.br\/se\/wp-json\/wp\/v2\/tags?post=123603"}],"curies":[{"name":"wp","href":"https:\/\/api.w.org\/{rel}","templated":true}]}}