{"id":123534,"date":"2020-05-28T22:50:12","date_gmt":"2020-05-29T01:50:12","guid":{"rendered":"https:\/\/senoticias.com.br\/se\/?p=123534"},"modified":"2020-05-28T22:50:12","modified_gmt":"2020-05-29T01:50:12","slug":"sob-pressao-governador-do-rio-demite-chefe-da-casa-civil-andre-moura","status":"publish","type":"post","link":"https:\/\/senoticias.com.br\/se\/sob-pressao-governador-do-rio-demite-chefe-da-casa-civil-andre-moura\/","title":{"rendered":"Sob press\u00e3o, governador do Rio demite chefe da Casa Civil, Andr\u00e9 Moura"},"content":{"rendered":"<p style=\"text-align: justify;\">O secret\u00e1rio da Casa Civil do governo do Rio, Andr\u00e9 Moura, foi exonerado nesta quinta-feira \u2013 conforme traz edi\u00e7\u00e3o extra do Di\u00e1rio Oficial do estado. Vai para o cargo Raul Teixeira, procurador de carreira do estado.<\/p>\n<div id=\"attachment_123535\" style=\"width: 609px\" class=\"wp-caption aligncenter\"><a href=\"https:\/\/senoticias.com.br\/se\/wp-content\/uploads\/2020\/05\/andr\u00e9-moura-SE-Noticias.jpg\"><img loading=\"lazy\" decoding=\"async\" aria-describedby=\"caption-attachment-123535\" class=\"size-full wp-image-123535\" src=\"https:\/\/senoticias.com.br\/se\/wp-content\/uploads\/2020\/05\/andr\u00e9-moura-SE-Noticias-e1590716277632.jpg\" alt=\"\" width=\"599\" height=\"337\" \/><\/a><p id=\"caption-attachment-123535\" class=\"wp-caption-text\">Governador Witzel exonera secret\u00e1rio da Casa Civil, Andr\u00e9 Moura (Foto: arquivo\/facebook)<\/p><\/div>\n<p>Ex-bra\u00e7o-direito de Eduardo Cunha, o sergipano foi trazido para o Pal\u00e1cio Guanabara com as b\u00ean\u00e7\u00e3os do Pastor Everaldo, presidente do PSC \u2013 partido a que Witzel e Moura pertencem.<\/p>\n<p>O governador, que andava insatisfeito com a articula\u00e7\u00e3o pol\u00edtica promovida pelo agora ex-secret\u00e1rio, viu sua lista de problemas aumentarem significativamente esta semana. Pairam contra ele cinco pedidos de impeachment na Assembleia Legislativa.<\/p>\n<p style=\"text-align: justify;\">A gota d\u2019\u00e1gua para o fim do relacionamento foi o sil\u00eancio do homem forte do governo diante das opera\u00e7\u00f5es que atingiram em cheio Witzel e sua mulher, Helena, nesta semana.<\/p>\n<p style=\"text-align: justify;\">Interlocutores dizem que a escolha de Teixeira, considerado um nome t\u00e9cnico, \u00e9 uma tentativa de resgatar a credibilidade do governo.<\/p>\n<p style=\"text-align: justify;\">Assumiu o cargo de secret\u00e1rio-chefe da Casa Civil de Witzel em setembro do ano passado, por indica\u00e7\u00e3o do presidente nacional do PSC, Pastor Everaldo.<\/p>\n<p>Por Mariana Muniz , do<a href=\"https:\/\/veja.abril.com.br\/blog\/radar\/sob-pressao-witzel-demite-chefe-da-casa-civil\/\"><strong> site <\/strong><\/a>da Veja<\/p>\n<p>&nbsp;<\/p>\n<p><a href=\"https:\/\/senoticias.com.br\/se\/wp-content\/uploads\/2020\/05\/282.jpg\"><img loading=\"lazy\" decoding=\"async\" class=\"aligncenter size-full wp-image-123533\" src=\"https:\/\/senoticias.com.br\/se\/wp-content\/uploads\/2020\/05\/282.jpg\" alt=\"\" width=\"599\" height=\"78\" srcset=\"https:\/\/senoticias.com.br\/se\/wp-content\/uploads\/2020\/05\/282.jpg 599w, https:\/\/senoticias.com.br\/se\/wp-content\/uploads\/2020\/05\/282-300x39.jpg 300w\" sizes=\"(max-width: 599px) 100vw, 599px\" \/><\/a><\/p>\n<p>&nbsp;<\/p>\n<p><strong><em>Acompanhe tamb\u00e9m o SE Not\u00edcias no\u00a0<a href=\"https:\/\/twitter.com\/Senoticias\" target=\"_blank\" rel=\"noopener\">Twitter<\/a>,\u00a0<a href=\"https:\/\/www.facebook.com\/senoticias1\" target=\"_blank\" rel=\"noopener\">Facebook<\/a>\u00a0e no\u00a0<a href=\"https:\/\/www.instagram.com\/senoticias\/\" target=\"_blank\" rel=\"noopener\">Instagram<\/a><\/em><\/strong><\/p>\n<p>&nbsp;<\/p>\n<p>&nbsp;<\/p>\n","protected":false},"excerpt":{"rendered":"<p>O secret\u00e1rio da Casa Civil do governo do Rio, Andr\u00e9 Moura, foi exonerado nesta quinta-feira \u2013 conforme traz edi\u00e7\u00e3o extra do Di\u00e1rio Oficial do estado. Vai para o cargo Raul Teixeira, procurador de carreira do estado. Ex-bra\u00e7o-direito de Eduardo Cunha, o sergipano foi trazido para o Pal\u00e1cio Guanabara com as b\u00ean\u00e7\u00e3os do Pastor Everaldo, presidente [&hellip;]<\/p>\n","protected":false},"author":6557,"featured_media":123535,"comment_status":"closed","ping_status":"closed","sticky":false,"template":"","format":"standard","meta":{"footnotes":""},"categories":[15,2961],"tags":[772,14752,11190,14753],"class_list":{"0":"post-123534","1":"post","2":"type-post","3":"status-publish","4":"format-standard","5":"has-post-thumbnail","7":"category-destaques","8":"category-nacional","9":"tag-andre-moura","10":"tag-andre-moura-demitido","11":"tag-governador-do-rio-de-janeiro","12":"tag-secretario-da-casa-civil-do-governo-do-rio"},"_links":{"self":[{"href":"https:\/\/senoticias.com.br\/se\/wp-json\/wp\/v2\/posts\/123534"}],"collection":[{"href":"https:\/\/senoticias.com.br\/se\/wp-json\/wp\/v2\/posts"}],"about":[{"href":"https:\/\/senoticias.com.br\/se\/wp-json\/wp\/v2\/types\/post"}],"author":[{"embeddable":true,"href":"https:\/\/senoticias.com.br\/se\/wp-json\/wp\/v2\/users\/6557"}],"replies":[{"embeddable":true,"href":"https:\/\/senoticias.com.br\/se\/wp-json\/wp\/v2\/comments?post=123534"}],"version-history":[{"count":0,"href":"https:\/\/senoticias.com.br\/se\/wp-json\/wp\/v2\/posts\/123534\/revisions"}],"wp:featuredmedia":[{"embeddable":true,"href":"https:\/\/senoticias.com.br\/se\/wp-json\/wp\/v2\/media\/123535"}],"wp:attachment":[{"href":"https:\/\/senoticias.com.br\/se\/wp-json\/wp\/v2\/media?parent=123534"}],"wp:term":[{"taxonomy":"category","embeddable":true,"href":"https:\/\/senoticias.com.br\/se\/wp-json\/wp\/v2\/categories?post=123534"},{"taxonomy":"post_tag","embeddable":true,"href":"https:\/\/senoticias.com.br\/se\/wp-json\/wp\/v2\/tags?post=123534"}],"curies":[{"name":"wp","href":"https:\/\/api.w.org\/{rel}","templated":true}]}}