{"id":123481,"date":"2020-05-26T12:40:07","date_gmt":"2020-05-26T15:40:07","guid":{"rendered":"https:\/\/senoticias.com.br\/se\/?p=123481"},"modified":"2020-05-26T14:55:42","modified_gmt":"2020-05-26T17:55:42","slug":"mario-da-clinica-e-o-novo-jeito-de-fazer-politica","status":"publish","type":"post","link":"https:\/\/senoticias.com.br\/se\/mario-da-clinica-e-o-novo-jeito-de-fazer-politica\/","title":{"rendered":"Nossa Senhora das Dores: M\u00e1rio da Cl\u00ednica e o novo jeito de fazer pol\u00edtica"},"content":{"rendered":"<p style=\"text-align: justify;\">Visto como um homem competente, respons\u00e1vel e centrado, M\u00e1rio da Cl\u00ednica \u00e9 um dos nomes mais elogiados para assumir a administra\u00e7\u00e3o da prefeitura de Nossa Senhora das Dores a partir de janeiro de 2021. Em suas propostas visa reformas administrativas e investimentos nas \u00e1reas da sa\u00fade, educa\u00e7\u00e3o e os demais servi\u00e7os.<\/p>\n<div id=\"attachment_123482\" style=\"width: 560px\" class=\"wp-caption aligncenter\"><a href=\"https:\/\/senoticias.com.br\/se\/wp-content\/uploads\/2020\/05\/904eb08f-13b0-4bc5-83c7-362231b491d1.jpg\"><img loading=\"lazy\" decoding=\"async\" aria-describedby=\"caption-attachment-123482\" class=\"size-full wp-image-123482\" src=\"https:\/\/senoticias.com.br\/se\/wp-content\/uploads\/2020\/05\/904eb08f-13b0-4bc5-83c7-362231b491d1-e1590507291360.jpg\" alt=\"\" width=\"550\" height=\"733\" \/><\/a><p id=\"caption-attachment-123482\" class=\"wp-caption-text\">M\u00e1rio da Cl\u00ednica \u00e9 pr\u00e9-candidato\u00a0 a prefeito de Nossa Senhora das Dores (foto: ascom)<\/p><\/div>\n<p style=\"text-align: justify;\">M\u00e1rio da Cl\u00ednica vem ganhando a simpatia e confian\u00e7a do cidad\u00e3o de Nossa Senhora das Dores que enxerga um candidato que tem vis\u00e3o empresarial e administrativa. Se colocar em pr\u00e1tica o seu conhecimento em administra\u00e7\u00e3o privada e aplic\u00e1-la na gest\u00e3o p\u00fablica, a prefeitura de Dores ser\u00e1 organizada e com regras a serem seguidas beneficiando principalmente o cidad\u00e3o que ser\u00e1 o maior contemplado.<\/p>\n<p style=\"text-align: justify;\">Faltando alguns meses para as elei\u00e7\u00f5es, M\u00e1rio n\u00e3o deixa de conversar com as pessoas a respeito da constru\u00e7\u00e3o do seu plano de Governo. Mesmo diante desse dif\u00edcil momento, em decorr\u00eancia da pandemia do coronav\u00edrus, M\u00e1rio permanece ao lado do povo.<\/p>\n<p style=\"text-align: justify;\">Um plano administrativo est\u00e1 sendo elaborado com apoio de pol\u00edticos e lideran\u00e7as fortes do Estado e de Nossa Senhora da Dores, a citar por exemplo, o vereador Fabr\u00edcio e o ex-prefeito Fernando Lima. M\u00e1rio conta ainda com uma assessoria de t\u00e9cnicos extremamente competentes, que o ajuda na elabora\u00e7\u00e3o desse plano de governo que promete ser revolucion\u00e1rio.<\/p>\n<p style=\"text-align: justify;\"><em>Texto: <strong>Egicyane Lisboa<\/strong><\/em><\/p>\n<p><a href=\"https:\/\/senoticias.com.br\/se\/wp-content\/uploads\/2020\/05\/Logo-novo-fone-1.jpg\"><img loading=\"lazy\" decoding=\"async\" class=\"size-full wp-image-123202 alignleft\" src=\"https:\/\/senoticias.com.br\/se\/wp-content\/uploads\/2020\/05\/Logo-novo-fone-1.jpg\" alt=\"\" width=\"599\" height=\"78\" srcset=\"https:\/\/senoticias.com.br\/se\/wp-content\/uploads\/2020\/05\/Logo-novo-fone-1.jpg 599w, https:\/\/senoticias.com.br\/se\/wp-content\/uploads\/2020\/05\/Logo-novo-fone-1-300x39.jpg 300w\" sizes=\"(max-width: 599px) 100vw, 599px\" \/><\/a><\/p>\n<p>&nbsp;<\/p>\n","protected":false},"excerpt":{"rendered":"<p>Visto como um homem competente, respons\u00e1vel e centrado, M\u00e1rio da Cl\u00ednica \u00e9 um dos nomes mais elogiados para assumir a administra\u00e7\u00e3o da prefeitura de Nossa Senhora das Dores a partir de janeiro de 2021. Em suas propostas visa reformas administrativas e investimentos nas \u00e1reas da sa\u00fade, educa\u00e7\u00e3o e os demais servi\u00e7os. M\u00e1rio da Cl\u00ednica vem [&hellip;]<\/p>\n","protected":false},"author":6557,"featured_media":0,"comment_status":"closed","ping_status":"closed","sticky":false,"template":"","format":"standard","meta":{"footnotes":""},"categories":[15,6],"tags":[14739,8507,14738,700,14740,2168],"class_list":{"0":"post-123481","1":"post","2":"type-post","3":"status-publish","4":"format-standard","6":"category-destaques","7":"category-politica","8":"tag-clinica","9":"tag-eleicoes-2020","10":"tag-mario","11":"tag-nossa-senhora-das-dores","12":"tag-novo-jeito","13":"tag-politica"},"_links":{"self":[{"href":"https:\/\/senoticias.com.br\/se\/wp-json\/wp\/v2\/posts\/123481"}],"collection":[{"href":"https:\/\/senoticias.com.br\/se\/wp-json\/wp\/v2\/posts"}],"about":[{"href":"https:\/\/senoticias.com.br\/se\/wp-json\/wp\/v2\/types\/post"}],"author":[{"embeddable":true,"href":"https:\/\/senoticias.com.br\/se\/wp-json\/wp\/v2\/users\/6557"}],"replies":[{"embeddable":true,"href":"https:\/\/senoticias.com.br\/se\/wp-json\/wp\/v2\/comments?post=123481"}],"version-history":[{"count":0,"href":"https:\/\/senoticias.com.br\/se\/wp-json\/wp\/v2\/posts\/123481\/revisions"}],"wp:attachment":[{"href":"https:\/\/senoticias.com.br\/se\/wp-json\/wp\/v2\/media?parent=123481"}],"wp:term":[{"taxonomy":"category","embeddable":true,"href":"https:\/\/senoticias.com.br\/se\/wp-json\/wp\/v2\/categories?post=123481"},{"taxonomy":"post_tag","embeddable":true,"href":"https:\/\/senoticias.com.br\/se\/wp-json\/wp\/v2\/tags?post=123481"}],"curies":[{"name":"wp","href":"https:\/\/api.w.org\/{rel}","templated":true}]}}