{"id":123475,"date":"2020-05-26T11:16:52","date_gmt":"2020-05-26T14:16:52","guid":{"rendered":"https:\/\/senoticias.com.br\/se\/?p=123475"},"modified":"2020-05-26T11:16:52","modified_gmt":"2020-05-26T14:16:52","slug":"motorista-e-preso-embriagado-e-portando-arma-de-fogo-na-grande-aracaju","status":"publish","type":"post","link":"https:\/\/senoticias.com.br\/se\/motorista-e-preso-embriagado-e-portando-arma-de-fogo-na-grande-aracaju\/","title":{"rendered":"Motorista \u00e9 preso embriagado e portando arma de fogo na Grande Aracaju"},"content":{"rendered":"<p style=\"text-align: justify;\">A <strong>Companhia de Policiamento de Tr\u00e2nsito da PMSE ( CPTRAN )<\/strong>, prendeu na noite da \u00faltima segunda-feira, 25, um condutor embriagado e portando arma de fogo calibre 38 e 3 muni\u00e7\u00f5es intactas no bairro Marcos Freire 1, na cidade de Nossa Senhora do Socorro.<\/p>\n<div id=\"attachment_123477\" style=\"width: 520px\" class=\"wp-caption aligncenter\"><a href=\"https:\/\/senoticias.com.br\/se\/wp-content\/uploads\/2020\/05\/CPTRAN.jpg\"><img loading=\"lazy\" decoding=\"async\" aria-describedby=\"caption-attachment-123477\" class=\"size-full wp-image-123477\" src=\"https:\/\/senoticias.com.br\/se\/wp-content\/uploads\/2020\/05\/CPTRAN.jpg\" alt=\"\" width=\"510\" height=\"538\" srcset=\"https:\/\/senoticias.com.br\/se\/wp-content\/uploads\/2020\/05\/CPTRAN.jpg 510w, https:\/\/senoticias.com.br\/se\/wp-content\/uploads\/2020\/05\/CPTRAN-284x300.jpg 284w\" sizes=\"(max-width: 510px) 100vw, 510px\" \/><\/a><p id=\"caption-attachment-123477\" class=\"wp-caption-text\">Foto: CPTRAN<\/p><\/div>\n<p style=\"text-align: justify;\">A guarni\u00e7\u00e3o da Opera\u00e7\u00e3o Policial Militar de Tr\u00e2nsito (OPMT) da CPTRAN, realizava policiamento tipo blitz, e ao fazer o exame do etil\u00f4metro (baf\u00f4metro), foi constatado 1.21 mg\/L de \u00e1lcool no ar do condutor. Para ser preso, o exame deve dar acima de 0.33 mg\/L.<\/p>\n<p style=\"text-align: justify;\">A guarni\u00e7\u00e3o encaminhou o condutor \u00e0 delegacia para o devido procedimento legal<\/p>\n<p style=\"text-align: justify;\">Fonte: CPTRAN<\/p>\n<p><a href=\"https:\/\/senoticias.com.br\/se\/wp-content\/uploads\/2020\/05\/Logo-novo-fone-1.jpg\"><img loading=\"lazy\" decoding=\"async\" class=\"size-full wp-image-123202 alignleft\" src=\"https:\/\/senoticias.com.br\/se\/wp-content\/uploads\/2020\/05\/Logo-novo-fone-1.jpg\" alt=\"\" width=\"599\" height=\"78\" srcset=\"https:\/\/senoticias.com.br\/se\/wp-content\/uploads\/2020\/05\/Logo-novo-fone-1.jpg 599w, https:\/\/senoticias.com.br\/se\/wp-content\/uploads\/2020\/05\/Logo-novo-fone-1-300x39.jpg 300w\" sizes=\"(max-width: 599px) 100vw, 599px\" \/><\/a><\/p>\n<p>&nbsp;<\/p>\n<p>&nbsp;<\/p>\n<p>&nbsp;<\/p>\n<p><strong><em>Acompanhe tamb\u00e9m o SE Not\u00edcias no\u00a0<a href=\"https:\/\/twitter.com\/Senoticias\" target=\"_blank\" rel=\"noopener\">Twitter<\/a>,\u00a0<a href=\"https:\/\/www.facebook.com\/senoticias1\" target=\"_blank\" rel=\"noopener\">Facebook<\/a>\u00a0e no\u00a0<a href=\"https:\/\/www.instagram.com\/senoticias\/\" target=\"_blank\" rel=\"noopener\">Instagram<\/a><\/em><\/strong><\/p>\n","protected":false},"excerpt":{"rendered":"<p>A Companhia de Policiamento de Tr\u00e2nsito da PMSE ( CPTRAN ), prendeu na noite da \u00faltima segunda-feira, 25, um condutor embriagado e portando arma de fogo calibre 38 e 3 muni\u00e7\u00f5es intactas no bairro Marcos Freire 1, na cidade de Nossa Senhora do Socorro. A guarni\u00e7\u00e3o da Opera\u00e7\u00e3o Policial Militar de Tr\u00e2nsito (OPMT) da CPTRAN, [&hellip;]<\/p>\n","protected":false},"author":6557,"featured_media":0,"comment_status":"closed","ping_status":"closed","sticky":false,"template":"","format":"standard","meta":{"footnotes":""},"categories":[15,7],"tags":[471,7354,3298,2866],"class_list":{"0":"post-123475","1":"post","2":"type-post","3":"status-publish","4":"format-standard","6":"category-destaques","7":"category-policia","8":"tag-arma-de-fogo","9":"tag-embriagado","10":"tag-motorista","11":"tag-preso"},"_links":{"self":[{"href":"https:\/\/senoticias.com.br\/se\/wp-json\/wp\/v2\/posts\/123475"}],"collection":[{"href":"https:\/\/senoticias.com.br\/se\/wp-json\/wp\/v2\/posts"}],"about":[{"href":"https:\/\/senoticias.com.br\/se\/wp-json\/wp\/v2\/types\/post"}],"author":[{"embeddable":true,"href":"https:\/\/senoticias.com.br\/se\/wp-json\/wp\/v2\/users\/6557"}],"replies":[{"embeddable":true,"href":"https:\/\/senoticias.com.br\/se\/wp-json\/wp\/v2\/comments?post=123475"}],"version-history":[{"count":0,"href":"https:\/\/senoticias.com.br\/se\/wp-json\/wp\/v2\/posts\/123475\/revisions"}],"wp:attachment":[{"href":"https:\/\/senoticias.com.br\/se\/wp-json\/wp\/v2\/media?parent=123475"}],"wp:term":[{"taxonomy":"category","embeddable":true,"href":"https:\/\/senoticias.com.br\/se\/wp-json\/wp\/v2\/categories?post=123475"},{"taxonomy":"post_tag","embeddable":true,"href":"https:\/\/senoticias.com.br\/se\/wp-json\/wp\/v2\/tags?post=123475"}],"curies":[{"name":"wp","href":"https:\/\/api.w.org\/{rel}","templated":true}]}}