{"id":123472,"date":"2020-05-25T20:17:35","date_gmt":"2020-05-25T23:17:35","guid":{"rendered":"https:\/\/senoticias.com.br\/se\/?p=123472"},"modified":"2020-05-25T22:38:14","modified_gmt":"2020-05-26T01:38:14","slug":"diante-do-crescimento-de-infectados-e-ocupacao-de-leitos-de-utis-belivaldo-prorroga-medidas-de-enfrentamento-ao-novo-coronavirus","status":"publish","type":"post","link":"https:\/\/senoticias.com.br\/se\/diante-do-crescimento-de-infectados-e-ocupacao-de-leitos-de-utis-belivaldo-prorroga-medidas-de-enfrentamento-ao-novo-coronavirus\/","title":{"rendered":"Diante do crescimento de infectados e ocupa\u00e7\u00e3o de leitos de UTIs, Belivaldo prorroga medidas de enfrentamento ao novo coronav\u00edrus"},"content":{"rendered":"<p style=\"text-align: justify;\">O governador Belivaldo Chagas prorrogar\u00e1 at\u00e9 1\u00ba de junho, por meio do Decreto, que ser\u00e1 publicado no Di\u00e1rio Oficial dessa ter\u00e7a-feira (26), as a\u00e7\u00f5es restritivas e de distanciamento sociais necess\u00e1rias ao enfrentamento da epidemia causada pela Covid-19. Ainda no decreto, as atividades educacionais seguem suspensas at\u00e9 o dia 30 de junho de 2020.<\/p>\n<div id=\"attachment_123090\" style=\"width: 609px\" class=\"wp-caption aligncenter\"><a href=\"https:\/\/senoticias.com.br\/se\/wp-content\/uploads\/2020\/04\/7a6bd7f86ff7ef3d68a1ce3b85fc19d7-e1588113621892.jpg\"><img loading=\"lazy\" decoding=\"async\" aria-describedby=\"caption-attachment-123090\" class=\"size-full wp-image-123090\" src=\"https:\/\/senoticias.com.br\/se\/wp-content\/uploads\/2020\/04\/7a6bd7f86ff7ef3d68a1ce3b85fc19d7-e1588113621892.jpg\" alt=\"\" width=\"599\" height=\"399\" \/><\/a><p id=\"caption-attachment-123090\" class=\"wp-caption-text\">Belivaldo prorroga medidas de enfrentamento ao novo coronav\u00edrus (foto: M\u00e1rio Souza\/ASN)<\/p><\/div>\n<p style=\"text-align: justify;\">Sergipe chegou a 5.314 infectados pela Covid-19 e 93 \u00f3bitos, segundo dados do boletim epidemiol\u00f3gico \u00a0da Secretaria de Estado da Sa\u00fade do ultimo domingo, 24. Mesmo diante dos esfor\u00e7os do governo do Estado para a amplia\u00e7\u00e3o de leitos de UTIs e de enfermaria, a taxa de ocupa\u00e7\u00e3o de leitos de UTIs chegou a 71,8% na rede p\u00fablica e 84,5%, na rede privada.<\/p>\n<p style=\"text-align: justify;\">As medidas seguem as orienta\u00e7\u00f5es t\u00e9cnicas e cient\u00edficas, observando o crescimento cont\u00ednuo do n\u00famero de casos confirmados com a Covid-19, e consequentemente, o impacto na taxa de ocupa\u00e7\u00e3o de leitos por internamento. Com isso, o decreto 40.600 altera o caput do art. 2\u00ba do Decreto n.\u00ba 40.598, de 18 de maio de 2020, bem como o art. 4\u00ba do Decreto n.\u00ba 40.567, de 24 de mar\u00e7o de 2020.<\/p>\n<p style=\"text-align: justify;\">Desta maneira, at\u00e9 o dia 01 de junho de 2020, permanecem suspensas as atividades econ\u00f4micas organizadas para a produ\u00e7\u00e3o ou a circula\u00e7\u00e3o de bens ou de servi\u00e7os, incluindo o com\u00e9rcio em geral, academias, shopping centers, galerias, boutiques, clubes, boates, casas de espet\u00e1culos, sal\u00e3o de beleza, cl\u00ednicas de est\u00e9tica, \u00e0 exce\u00e7\u00e3o das atividades consideradas essenciais.<\/p>\n<p style=\"text-align: justify;\">O documento refor\u00e7a a necessidade do isolamento social, como forma mais eficiente, at\u00e9 o momento, de conter a dissemina\u00e7\u00e3o do v\u00edrus. Assim, as atividades educacionais em todas as escolas, universidades e faculdades, das redes de ensino p\u00fablica e privada, permanecem suspensas at\u00e9 o dia 30 de junho de 2020.<\/p>\n<p style=\"text-align: justify;\">O Decreto orienta que os t\u00e9cnicos do Governo continuem avaliando a situa\u00e7\u00e3o para que no momento pr\u00f3prio possa discutir com a sociedade a retomada das atividades econ\u00f4micas.<\/p>\n<p>Veja aqui o\u00a0<a href=\"http:\/\/www.se.gov.br\/uploads\/download\/midia\/39\/b238f6a485c713d6e870999f6c4878a9.pdf\">novo Decreto.<\/a><\/p>\n<p><a href=\"https:\/\/senoticias.com.br\/se\/wp-content\/uploads\/2020\/05\/Logo-novo-fone-1.jpg\"><img loading=\"lazy\" decoding=\"async\" class=\"aligncenter size-full wp-image-123202\" src=\"https:\/\/senoticias.com.br\/se\/wp-content\/uploads\/2020\/05\/Logo-novo-fone-1.jpg\" alt=\"\" width=\"599\" height=\"78\" srcset=\"https:\/\/senoticias.com.br\/se\/wp-content\/uploads\/2020\/05\/Logo-novo-fone-1.jpg 599w, https:\/\/senoticias.com.br\/se\/wp-content\/uploads\/2020\/05\/Logo-novo-fone-1-300x39.jpg 300w\" sizes=\"(max-width: 599px) 100vw, 599px\" \/><\/a><\/p>\n<p>&nbsp;<\/p>\n<p><strong><em>Acompanhe tamb\u00e9m o SE Not\u00edcias no\u00a0<a href=\"https:\/\/twitter.com\/Senoticias\" target=\"_blank\" rel=\"noopener\">Twitter<\/a>,\u00a0<a href=\"https:\/\/www.facebook.com\/senoticias1\" target=\"_blank\" rel=\"noopener\">Facebook<\/a>\u00a0e no\u00a0<a href=\"https:\/\/www.instagram.com\/senoticias\/\" target=\"_blank\" rel=\"noopener\">Instagram<\/a><\/em><\/strong><\/p>\n<p>&nbsp;<\/p>\n<p><em>Mat\u00e9ria extra\u00edda da Ag\u00eancia Sergipe de Not\u00edcias<\/em><\/p>\n<p>&nbsp;<\/p>\n","protected":false},"excerpt":{"rendered":"<p>O governador Belivaldo Chagas prorrogar\u00e1 at\u00e9 1\u00ba de junho, por meio do Decreto, que ser\u00e1 publicado no Di\u00e1rio Oficial dessa ter\u00e7a-feira (26), as a\u00e7\u00f5es restritivas e de distanciamento sociais necess\u00e1rias ao enfrentamento da epidemia causada pela Covid-19. Ainda no decreto, as atividades educacionais seguem suspensas at\u00e9 o dia 30 de junho de 2020. Sergipe chegou [&hellip;]<\/p>\n","protected":false},"author":6552,"featured_media":123090,"comment_status":"closed","ping_status":"closed","sticky":false,"template":"","format":"standard","meta":{"footnotes":""},"categories":[15,6,1],"tags":[14123,14279,448,14443,14369],"class_list":{"0":"post-123472","1":"post","2":"type-post","3":"status-publish","4":"format-standard","5":"has-post-thumbnail","7":"category-destaques","8":"category-politica","9":"category-sem-categoria","10":"tag-coronavirus","11":"tag-covid19","12":"tag-governo-de-sergipe","13":"tag-isolamento-social","14":"tag-pandemia"},"_links":{"self":[{"href":"https:\/\/senoticias.com.br\/se\/wp-json\/wp\/v2\/posts\/123472"}],"collection":[{"href":"https:\/\/senoticias.com.br\/se\/wp-json\/wp\/v2\/posts"}],"about":[{"href":"https:\/\/senoticias.com.br\/se\/wp-json\/wp\/v2\/types\/post"}],"author":[{"embeddable":true,"href":"https:\/\/senoticias.com.br\/se\/wp-json\/wp\/v2\/users\/6552"}],"replies":[{"embeddable":true,"href":"https:\/\/senoticias.com.br\/se\/wp-json\/wp\/v2\/comments?post=123472"}],"version-history":[{"count":0,"href":"https:\/\/senoticias.com.br\/se\/wp-json\/wp\/v2\/posts\/123472\/revisions"}],"wp:featuredmedia":[{"embeddable":true,"href":"https:\/\/senoticias.com.br\/se\/wp-json\/wp\/v2\/media\/123090"}],"wp:attachment":[{"href":"https:\/\/senoticias.com.br\/se\/wp-json\/wp\/v2\/media?parent=123472"}],"wp:term":[{"taxonomy":"category","embeddable":true,"href":"https:\/\/senoticias.com.br\/se\/wp-json\/wp\/v2\/categories?post=123472"},{"taxonomy":"post_tag","embeddable":true,"href":"https:\/\/senoticias.com.br\/se\/wp-json\/wp\/v2\/tags?post=123472"}],"curies":[{"name":"wp","href":"https:\/\/api.w.org\/{rel}","templated":true}]}}