{"id":123459,"date":"2020-05-25T10:57:20","date_gmt":"2020-05-25T13:57:20","guid":{"rendered":"https:\/\/senoticias.com.br\/se\/?p=123459"},"modified":"2020-05-25T10:57:20","modified_gmt":"2020-05-25T13:57:20","slug":"inscricoes-para-estagios-de-jornalismo-e-design-na-jf-vao-ate-dia-29","status":"publish","type":"post","link":"https:\/\/senoticias.com.br\/se\/inscricoes-para-estagios-de-jornalismo-e-design-na-jf-vao-ate-dia-29\/","title":{"rendered":"Inscri\u00e7\u00f5es para est\u00e1gios de Jornalismo e Design na JF v\u00e3o at\u00e9 dia 29"},"content":{"rendered":"<p style=\"text-align: justify;\">A Justi\u00e7a Federal em Sergipe (JFSE) abre inscri\u00e7\u00f5es, at\u00e9 o dia 29 de maio, para a contrata\u00e7\u00e3o de um estagi\u00e1rio de Jornalismo e um de Design Gr\u00e1fico. Para participar do processo seletivo, \u00e9 preciso que o estudante esteja matriculado em curso de Jornalismo e Design Gr\u00e1fico oferecido por institui\u00e7\u00e3o de ensino superior reconhecido pelo Minist\u00e9rio da Educa\u00e7\u00e3o (MEC), j\u00e1 ter cursado, no m\u00ednimo, 50% do total necess\u00e1rio para a sua conclus\u00e3o e estar cursando, no m\u00e1ximo, o antepen\u00faltimo semestre do curso.<\/p>\n<div id=\"attachment_123460\" style=\"width: 560px\" class=\"wp-caption aligncenter\"><a href=\"https:\/\/senoticias.com.br\/se\/wp-content\/uploads\/2020\/05\/JF-e1590414922169.jpg\"><img loading=\"lazy\" decoding=\"async\" aria-describedby=\"caption-attachment-123460\" class=\"size-full wp-image-123460\" src=\"https:\/\/senoticias.com.br\/se\/wp-content\/uploads\/2020\/05\/JF-e1590414922169.jpg\" alt=\"\" width=\"550\" height=\"365\" \/><\/a><p id=\"caption-attachment-123460\" class=\"wp-caption-text\">Justi\u00e7a Federal em Sergipe (Foto: arquivo Portal Infonet)<\/p><\/div>\n<p style=\"text-align: justify;\">Tamb\u00e9m \u00e9 preciso possuir M\u00e9dia Geral Ponderada (MGP) igual ou superior a 7,0 e preencher corretamente o formul\u00e1rio de inscri\u00e7\u00e3o, dispon\u00edvel no endere\u00e7o eletr\u00f4nico https:\/\/www.jfse.jus.br\/inscricao.html, anexando o hist\u00f3rico escolar onde conste a MGP e o per\u00edodo cursado pelo candidato, al\u00e9m de documento oficial de identifica\u00e7\u00e3o. As inscri\u00e7\u00f5es s\u00e3o gratuitas.<\/p>\n<p style=\"text-align: justify;\"><strong>Provas<\/strong><\/p>\n<p style=\"text-align: justify;\">A sele\u00e7\u00e3o ser\u00e1 realizada em etapa \u00fanica, que consiste em prova objetiva de conhecimentos acerca da Organiza\u00e7\u00e3o do Estado e dos Poderes e espec\u00edficos de cada \u00e1rea acad\u00eamica. A prova ser\u00e1 realizada na cidade de Aracaju\/SE \u2013 em local a ser previamente divulgado no site da JFSE \u2013 e tem previs\u00e3o de realiza\u00e7\u00e3o \u00e0s 9h do dia 14 de junho.<\/p>\n<p style=\"text-align: justify;\">O estagi\u00e1rio far\u00e1 jus a aux\u00edlio financeiro, aux\u00edlio-transporte e seguro obrigat\u00f3rio contra acidentes pessoais. A jornada de atividades \u00e9 de quatro horas di\u00e1rias e 20 semanais, em per\u00edodo compat\u00edvel com o expediente do \u00f3rg\u00e3o e com o hor\u00e1rio escolar do estagi\u00e1rio. A dura\u00e7\u00e3o do est\u00e1gio ser\u00e1 de um ano, prorrog\u00e1vel por igual per\u00edodo, caso haja interesse da Administra\u00e7\u00e3o.<\/p>\n<p style=\"text-align: justify;\">Mais informa\u00e7\u00f5es: estagiojfse2020@jfse.jus.br \/ www.jfse.jus.br<\/p>\n<p style=\"text-align: justify;\">Fonte: JFSE<\/p>\n<p><a href=\"https:\/\/senoticias.com.br\/se\/wp-content\/uploads\/2020\/05\/Logo-novo-fone-1.jpg\"><img loading=\"lazy\" decoding=\"async\" class=\"size-full wp-image-123202 alignleft\" src=\"https:\/\/senoticias.com.br\/se\/wp-content\/uploads\/2020\/05\/Logo-novo-fone-1.jpg\" alt=\"\" width=\"599\" height=\"78\" srcset=\"https:\/\/senoticias.com.br\/se\/wp-content\/uploads\/2020\/05\/Logo-novo-fone-1.jpg 599w, https:\/\/senoticias.com.br\/se\/wp-content\/uploads\/2020\/05\/Logo-novo-fone-1-300x39.jpg 300w\" sizes=\"(max-width: 599px) 100vw, 599px\" \/><\/a><\/p>\n<p>&nbsp;<\/p>\n<p>&nbsp;<\/p>\n<p>&nbsp;<\/p>\n<p><strong><em>Acompanhe tamb\u00e9m o SE Not\u00edcias no\u00a0<a href=\"https:\/\/twitter.com\/Senoticias\" target=\"_blank\" rel=\"noopener\">Twitter<\/a>,\u00a0<a href=\"https:\/\/www.facebook.com\/senoticias1\" target=\"_blank\" rel=\"noopener\">Facebook<\/a>\u00a0e no\u00a0<a href=\"https:\/\/www.instagram.com\/senoticias\/\" target=\"_blank\" rel=\"noopener\">Instagram<\/a><\/em><\/strong><\/p>\n","protected":false},"excerpt":{"rendered":"<p>A Justi\u00e7a Federal em Sergipe (JFSE) abre inscri\u00e7\u00f5es, at\u00e9 o dia 29 de maio, para a contrata\u00e7\u00e3o de um estagi\u00e1rio de Jornalismo e um de Design Gr\u00e1fico. Para participar do processo seletivo, \u00e9 preciso que o estudante esteja matriculado em curso de Jornalismo e Design Gr\u00e1fico oferecido por institui\u00e7\u00e3o de ensino superior reconhecido pelo Minist\u00e9rio [&hellip;]<\/p>\n","protected":false},"author":6557,"featured_media":0,"comment_status":"closed","ping_status":"closed","sticky":false,"template":"","format":"standard","meta":{"footnotes":""},"categories":[15,10],"tags":[3497,10304,5789,7587],"class_list":{"0":"post-123459","1":"post","2":"type-post","3":"status-publish","4":"format-standard","6":"category-destaques","7":"category-empregos","8":"tag-design","9":"tag-estagios","10":"tag-jf","11":"tag-jornalismo"},"_links":{"self":[{"href":"https:\/\/senoticias.com.br\/se\/wp-json\/wp\/v2\/posts\/123459"}],"collection":[{"href":"https:\/\/senoticias.com.br\/se\/wp-json\/wp\/v2\/posts"}],"about":[{"href":"https:\/\/senoticias.com.br\/se\/wp-json\/wp\/v2\/types\/post"}],"author":[{"embeddable":true,"href":"https:\/\/senoticias.com.br\/se\/wp-json\/wp\/v2\/users\/6557"}],"replies":[{"embeddable":true,"href":"https:\/\/senoticias.com.br\/se\/wp-json\/wp\/v2\/comments?post=123459"}],"version-history":[{"count":0,"href":"https:\/\/senoticias.com.br\/se\/wp-json\/wp\/v2\/posts\/123459\/revisions"}],"wp:attachment":[{"href":"https:\/\/senoticias.com.br\/se\/wp-json\/wp\/v2\/media?parent=123459"}],"wp:term":[{"taxonomy":"category","embeddable":true,"href":"https:\/\/senoticias.com.br\/se\/wp-json\/wp\/v2\/categories?post=123459"},{"taxonomy":"post_tag","embeddable":true,"href":"https:\/\/senoticias.com.br\/se\/wp-json\/wp\/v2\/tags?post=123459"}],"curies":[{"name":"wp","href":"https:\/\/api.w.org\/{rel}","templated":true}]}}