{"id":123397,"date":"2020-05-19T16:42:00","date_gmt":"2020-05-19T19:42:00","guid":{"rendered":"https:\/\/senoticias.com.br\/se\/?p=123397"},"modified":"2020-05-19T16:59:41","modified_gmt":"2020-05-19T19:59:41","slug":"governo-de-sergipe-antecipa-feriado-de-8-de-julho-para-proxima-sexta-feira-22","status":"publish","type":"post","link":"https:\/\/senoticias.com.br\/se\/governo-de-sergipe-antecipa-feriado-de-8-de-julho-para-proxima-sexta-feira-22\/","title":{"rendered":"Governo de Sergipe antecipa feriado de 8 de julho para pr\u00f3xima sexta-feira, 22"},"content":{"rendered":"<div class=\"col-md-12\">\n<div class=\"texto\">\n<p style=\"padding-left: 30px; text-align: justify;\">O governador Belivaldo Chagas encaminhou \u00e0 Assembleia Legislativa de Sergipe, nesta ter\u00e7a-feira, 19, projeto de Lei que antecipa o feriado de 8 de julho para a pr\u00f3xima sexta-feira, 22 de maio. <strong>Com essa altera\u00e7\u00e3o, o ponto facultativo de sexta-feira, conforme Decreto Estadual, excepcionalmente, ser\u00e1 transferido para \u00a0ter\u00e7a-feira, 23<\/strong>. Desta forma, o <strong>Governo cria um feriad\u00e3o<\/strong>, diminui o fluxo de pessoas e aumenta o isolamento social, uma vez que as segundas tamb\u00e9m s\u00e3o ponto facultativo. <strong>O expediente segue\u00a0normalmente na quarta-feira.<\/strong><\/p>\n<div id=\"attachment_123399\" style=\"width: 610px\" class=\"wp-caption aligncenter\"><a href=\"https:\/\/senoticias.com.br\/se\/wp-content\/uploads\/2020\/05\/Cal\u00e7adao-SE-Noticias.jpg\"><img loading=\"lazy\" decoding=\"async\" aria-describedby=\"caption-attachment-123399\" class=\"size-full wp-image-123399\" src=\"https:\/\/senoticias.com.br\/se\/wp-content\/uploads\/2020\/05\/Cal\u00e7adao-SE-Noticias-e1589918215686.jpg\" alt=\"\" width=\"600\" height=\"766\" \/><\/a><p id=\"caption-attachment-123399\" class=\"wp-caption-text\">Com a antecipa\u00e7\u00e3o, o Governo cria um feriad\u00e3o, diminui o fluxo de pessoas e aumenta o isolamento social (foto: SE Not\u00edcias)<\/p><\/div>\n<p style=\"text-align: justify;\">O objetivo \u00e9 aumentar o per\u00edodo de isolamento social, que em 43 dos 75 munic\u00edpios sergipanos registram \u00edndices de isolamento muito baixo (inferior a 50%) ou baixo (entre 50% e 59%). Os \u00edndices preocupam as autoridades de sa\u00fade que apontam crescimento cont\u00ednuo do n\u00famero de casos confirmados com a Covid-19, e consequentemente, impacto na taxa de ocupa\u00e7\u00e3o de leitos por internamento.<\/p>\n<p style=\"text-align: justify;\">\u201cEstamos muito preocupados com a baixa ades\u00e3o ao isolamento social por parte da popula\u00e7\u00e3o \u00a0A decis\u00e3o neste momento \u00e9 \u00a0de ampliar os \u00edndices de isolamento social, existem dias que registramos uma m\u00e9dia de 49 % de isolamento social no estado como todo, onde o ideal \u00e9 acima de 70%. A evidencia nos mostra que isolamento consegue reduzir essa transmiss\u00e3o e consequentemente essa taxa de crescimento di\u00e1rio e semanal de cont\u00e1gio\u201d, disse o governador Belivaldo Chagas.<\/p>\n<p style=\"text-align: justify;\">O Projeto de Lei, que antecipa o feriado do dia da Emancipa\u00e7\u00e3o (independ\u00eancia) do Estado de Sergipe, deve ser analisado na quarta-feira(20),em regime de urg\u00eancia pelos deputados estaduais.<\/p>\n<p style=\"text-align: justify;\">Na\u00a0<strong>sexta-feira (22), nenhuma atividade ou estabelecimento poder\u00e1 funcionar \u00e0 exce\u00e7\u00e3o dos servi\u00e7os para atendimentos emergenciais nas \u00e1reas de sa\u00fade, seguran\u00e7a e assist\u00eancia social.<\/strong><\/p>\n<p>&nbsp;<\/p>\n<\/div>\n<p><a href=\"https:\/\/senoticias.com.br\/se\/wp-content\/uploads\/2020\/05\/Logo-novo-fone-1.jpg\"><img loading=\"lazy\" decoding=\"async\" class=\"aligncenter size-full wp-image-123202\" src=\"https:\/\/senoticias.com.br\/se\/wp-content\/uploads\/2020\/05\/Logo-novo-fone-1.jpg\" alt=\"\" width=\"599\" height=\"78\" srcset=\"https:\/\/senoticias.com.br\/se\/wp-content\/uploads\/2020\/05\/Logo-novo-fone-1.jpg 599w, https:\/\/senoticias.com.br\/se\/wp-content\/uploads\/2020\/05\/Logo-novo-fone-1-300x39.jpg 300w\" sizes=\"(max-width: 599px) 100vw, 599px\" \/><\/a><\/p>\n<\/div>\n<p>&nbsp;<\/p>\n<p><strong><em>Acompanhe tamb\u00e9m o SE Not\u00edcias no\u00a0<a href=\"https:\/\/twitter.com\/Senoticias\" target=\"_blank\" rel=\"noopener\">Twitter<\/a>,\u00a0<a href=\"https:\/\/www.facebook.com\/senoticias1\" target=\"_blank\" rel=\"noopener\">Facebook<\/a>\u00a0e no\u00a0<a href=\"https:\/\/www.instagram.com\/senoticias\/\" target=\"_blank\" rel=\"noopener\">Instagram<\/a><\/em><\/strong><\/p>\n<p>&nbsp;<\/p>\n<p><em>Mat\u00e9ria extra\u00edda do site da Ag\u00eancia Sergipe de Not\u00edcias<\/em><\/p>\n<div class=\"container marge-abaixo outros_destaques d-none d-sm-block\"><\/div>\n","protected":false},"excerpt":{"rendered":"<p>O governador Belivaldo Chagas encaminhou \u00e0 Assembleia Legislativa de Sergipe, nesta ter\u00e7a-feira, 19, projeto de Lei que antecipa o feriado de 8 de julho para a pr\u00f3xima sexta-feira, 22 de maio. Com essa altera\u00e7\u00e3o, o ponto facultativo de sexta-feira, conforme Decreto Estadual, excepcionalmente, ser\u00e1 transferido para \u00a0ter\u00e7a-feira, 23. Desta forma, o Governo cria um feriad\u00e3o, [&hellip;]<\/p>\n","protected":false},"author":6552,"featured_media":123399,"comment_status":"closed","ping_status":"closed","sticky":false,"template":"","format":"standard","meta":{"footnotes":""},"categories":[15,38,1],"tags":[14123,14279,14708,448,14443],"class_list":{"0":"post-123397","1":"post","2":"type-post","3":"status-publish","4":"format-standard","5":"has-post-thumbnail","7":"category-destaques","8":"category-municipios","9":"category-sem-categoria","10":"tag-coronavirus","11":"tag-covid19","12":"tag-feriado-de-8-de-julho","13":"tag-governo-de-sergipe","14":"tag-isolamento-social"},"_links":{"self":[{"href":"https:\/\/senoticias.com.br\/se\/wp-json\/wp\/v2\/posts\/123397"}],"collection":[{"href":"https:\/\/senoticias.com.br\/se\/wp-json\/wp\/v2\/posts"}],"about":[{"href":"https:\/\/senoticias.com.br\/se\/wp-json\/wp\/v2\/types\/post"}],"author":[{"embeddable":true,"href":"https:\/\/senoticias.com.br\/se\/wp-json\/wp\/v2\/users\/6552"}],"replies":[{"embeddable":true,"href":"https:\/\/senoticias.com.br\/se\/wp-json\/wp\/v2\/comments?post=123397"}],"version-history":[{"count":0,"href":"https:\/\/senoticias.com.br\/se\/wp-json\/wp\/v2\/posts\/123397\/revisions"}],"wp:featuredmedia":[{"embeddable":true,"href":"https:\/\/senoticias.com.br\/se\/wp-json\/wp\/v2\/media\/123399"}],"wp:attachment":[{"href":"https:\/\/senoticias.com.br\/se\/wp-json\/wp\/v2\/media?parent=123397"}],"wp:term":[{"taxonomy":"category","embeddable":true,"href":"https:\/\/senoticias.com.br\/se\/wp-json\/wp\/v2\/categories?post=123397"},{"taxonomy":"post_tag","embeddable":true,"href":"https:\/\/senoticias.com.br\/se\/wp-json\/wp\/v2\/tags?post=123397"}],"curies":[{"name":"wp","href":"https:\/\/api.w.org\/{rel}","templated":true}]}}