{"id":123359,"date":"2020-05-17T10:52:31","date_gmt":"2020-05-17T13:52:31","guid":{"rendered":"https:\/\/senoticias.com.br\/se\/?p=123359"},"modified":"2020-05-17T11:16:56","modified_gmt":"2020-05-17T14:16:56","slug":"fecomse-destaca-postura-firme-do-governador-de-sergipe-em-nao-aceitar-pressao-do-empresariado-para-abertura-do-comercio-em-meio-a-pandemia","status":"publish","type":"post","link":"https:\/\/senoticias.com.br\/se\/fecomse-destaca-postura-firme-do-governador-de-sergipe-em-nao-aceitar-pressao-do-empresariado-para-abertura-do-comercio-em-meio-a-pandemia\/","title":{"rendered":"Fecomse destaca postura firme do governador em n\u00e3o aceitar press\u00e3o do empresariado para abertura do com\u00e9rcio em meio \u00e0 pandemia"},"content":{"rendered":"<p style=\"text-align: justify;\">O presidente da Federa\u00e7\u00e3o dos Empregados no Com\u00e9rcio e Servi\u00e7os de Sergipe (Fecomse), Ronildo Almeida, destaca a firme postura do governador Belivaldo Chagas, PSD, em manter o isolamento social no Estado e n\u00e3o aceitar a press\u00e3o do empresariado sergipano para abertura imediata do com\u00e9rcio num das fases mais cr\u00edticas da pandemia do coronav\u00edrus.<\/p>\n<div id=\"attachment_122519\" style=\"width: 560px\" class=\"wp-caption alignnone\"><a href=\"https:\/\/senoticias.com.br\/se\/wp-content\/uploads\/2020\/03\/comerciodearacaju_fotoandremoreira_180320-scaled-e1584577434316.jpg\"><img loading=\"lazy\" decoding=\"async\" aria-describedby=\"caption-attachment-122519\" class=\"size-full wp-image-122519\" src=\"https:\/\/senoticias.com.br\/se\/wp-content\/uploads\/2020\/03\/comerciodearacaju_fotoandremoreira_180320-scaled-e1584577434316.jpg\" alt=\"\" width=\"550\" height=\"367\" srcset=\"https:\/\/senoticias.com.br\/se\/wp-content\/uploads\/2020\/03\/comerciodearacaju_fotoandremoreira_180320-scaled-e1584577434316.jpg 550w, https:\/\/senoticias.com.br\/se\/wp-content\/uploads\/2020\/03\/comerciodearacaju_fotoandremoreira_180320-scaled-e1584577434316-300x200.jpg 300w, https:\/\/senoticias.com.br\/se\/wp-content\/uploads\/2020\/03\/comerciodearacaju_fotoandremoreira_180320-scaled-e1584577434316-90x60.jpg 90w, https:\/\/senoticias.com.br\/se\/wp-content\/uploads\/2020\/03\/comerciodearacaju_fotoandremoreira_180320-scaled-e1584577434316-180x120.jpg 180w, https:\/\/senoticias.com.br\/se\/wp-content\/uploads\/2020\/03\/comerciodearacaju_fotoandremoreira_180320-scaled-e1584577434316-95x64.jpg 95w\" sizes=\"(max-width: 550px) 100vw, 550px\" \/><\/a><p id=\"caption-attachment-122519\" class=\"wp-caption-text\">Federa\u00e7\u00e3o dos Empregados no Com\u00e9rcio e Servi\u00e7os de Sergipe\u00a0destaca postura firme do governador de Sergipe em n\u00e3o aceitar press\u00e3o do empresariado para abertura do com\u00e9rcio em meio \u00e0 pandemia (foto: arquivo\/Andr\u00e9 Moreira)<\/p><\/div>\n<p style=\"text-align: justify;\">\u201cEstamos vivenciado uma verdadeira queda de bra\u00e7os entre os empres\u00e1rios e o governo, que nessa quinta-feira, 14, chegou ao limite, com a postura equivocada do patronato em pressionar o governador Belivaldo Chagas para abertura do com\u00e9rcio num momento em que se registram altos \u00edndices de contamina\u00e7\u00e3o e mortes no pa\u00eds, inclusive no nosso Estado. A resposta imediata do Governo de Sergipe em seguir \u00e0s determina\u00e7\u00f5es cient\u00edficas \u00e9 fundamental para salvar vidas\u201d, ressalta Ronildo Almeida, presidente da Fecomse.<\/p>\n<p style=\"text-align: justify;\">\u201cOs empres\u00e1rios ter\u00e3o todas as condi\u00e7\u00f5es e os cuidados no enfrentamento ao coronav\u00edrus &#8211; transporte adequado, isolamento, material de higiene e equipamento de prote\u00e7\u00e3o. E n\u00f3s, trabalhadores? Teremos que pegar transporte lotado, lidar diretamente com o p\u00fablico, muitas vezes sem a prote\u00e7\u00e3o adequada. Esses cuidados s\u00e3o indispens\u00e1veis para salvar vidas\u201d, argumenta o sindicalista.<\/p>\n<p style=\"text-align: justify;\">O dirigente refor\u00e7a a necessidade de que sejam mantidas as medidas de isolamento social no combate \u00e0 pandemia do coronav\u00edrus (Covid-19), seguindo as determina\u00e7\u00f5es da Organiza\u00e7\u00e3o Mundial da Sa\u00fade (OMS) e as experi\u00eancias vivenciadas em outros pa\u00edses, que apontam a quarentena como a melhor alternativa para frear a propaga\u00e7\u00e3o do v\u00edrus.<\/p>\n<p style=\"text-align: justify;\">Segundo Ronildo Almeida, o n\u00famero de mortos e contaminados cresce a n\u00edveis assustadores em Sergipe e no Brasil. Dados divulgados pelo Minist\u00e9rio da Sa\u00fade no <strong>s\u00e1bado, 16<\/strong>, mostram que o Brasil ultrapassou <strong>218 mil<\/strong> casos e chegou a\u00a0<strong>14.817 mortes<\/strong>. Em Sergipe, segundo a Secretaria de Sa\u00fade, j\u00e1 <strong>s\u00e3o 3.135<\/strong>, com <strong>53 \u00f3bitos<\/strong>. No Estado, j\u00e1 h\u00e1 registro de casos de coronav\u00edrus tamb\u00e9m entre os trabalhadores do com\u00e9rcio, especialmente, no ramo de supermercado em grandes redes, com informa\u00e7\u00e3o, de que j\u00e1 houve \u00f3bito.<\/p>\n<p style=\"text-align: justify;\"><strong>Pr\u00e1tica perversa &#8211;<\/strong> \u201c\u00c9 importante neste momento que priorizemos a sa\u00fade coletiva, a vida da popula\u00e7\u00e3o e dos trabalhadores. \u00c9 muito c\u00f4modo para os patr\u00f5es exigirem a reabertura das atividades no com\u00e9rcio, quando n\u00e3o ser\u00e3o eles que estar\u00e3o na linha de frente. N\u00f3s, trabalhadores, \u00e9 que iremos nos expor, com o risco de contrair e propagar o v\u00edrus, aumentando as doen\u00e7as e as mortes\u201d, pondera Ronildo Almeida.<\/p>\n<p style=\"text-align: justify;\">Sobre o aspecto econ\u00f4mico, o presidente da Fecomse v\u00ea nas atitudes do empresariado uma pr\u00e1tica perversa, na qual a economia e o lucro est\u00e3o acima da vida. \u201cJ\u00e1 est\u00e3o sendo tomadas medidas pelos governos federal e estadual de ajuda ao empresariado, inclusive do com\u00e9rcio e servi\u00e7os, como a libera\u00e7\u00e3o de linhas de cr\u00e9ditos emergenciais para que o setor consiga manter a atividade nesse per\u00edodo de pandemia\u201d, relembra Almeida.<\/p>\n<p style=\"text-align: justify;\"><strong>H\u00e1 tamb\u00e9m a Medida Provis\u00f3ria &#8211;<\/strong> MP &#8211; 936\/20, do Governo Federal, que flexibilizou as negocia\u00e7\u00f5es trabalhistas e possibilita a redu\u00e7\u00e3o proporcional da jornada de trabalho e dos sal\u00e1rios, al\u00e9m da suspens\u00e3o tempor\u00e1ria do contrato de trabalho com o pagamento de Benef\u00edcio Emergencial para a Preserva\u00e7\u00e3o do Emprego e da Renda.<\/p>\n<p>&nbsp;<\/p>\n<p><a href=\"https:\/\/senoticias.com.br\/se\/wp-content\/uploads\/2020\/05\/Logo-novo-fone-1.jpg\"><img loading=\"lazy\" decoding=\"async\" class=\"alignnone size-full wp-image-123202\" src=\"https:\/\/senoticias.com.br\/se\/wp-content\/uploads\/2020\/05\/Logo-novo-fone-1.jpg\" alt=\"\" width=\"599\" height=\"78\" srcset=\"https:\/\/senoticias.com.br\/se\/wp-content\/uploads\/2020\/05\/Logo-novo-fone-1.jpg 599w, https:\/\/senoticias.com.br\/se\/wp-content\/uploads\/2020\/05\/Logo-novo-fone-1-300x39.jpg 300w\" sizes=\"(max-width: 599px) 100vw, 599px\" \/><\/a><\/p>\n<p>&nbsp;<\/p>\n<p><em><strong>Acompanhe tamb\u00e9m o SE Not\u00edcias no\u00a0<a href=\"https:\/\/www.instagram.com\/senoticias\/\">Instagram<\/a>,\u00a0<a href=\"https:\/\/twitter.com\/home\">Twitter<\/a>\u00a0e no\u00a0<a href=\"https:\/\/web.facebook.com\/senoticias1\/\">Facebook<\/a><\/strong><\/em><\/p>\n<p><em>Mat\u00e9ria enviada pela assessoria de imprensa da\u00a0 Fecomse<\/em><\/p>\n","protected":false},"excerpt":{"rendered":"<p>O presidente da Federa\u00e7\u00e3o dos Empregados no Com\u00e9rcio e Servi\u00e7os de Sergipe (Fecomse), Ronildo Almeida, destaca a firme postura do governador Belivaldo Chagas, PSD, em manter o isolamento social no Estado e n\u00e3o aceitar a press\u00e3o do empresariado sergipano para abertura imediata do com\u00e9rcio num das fases mais cr\u00edticas da pandemia do coronav\u00edrus. \u201cEstamos vivenciado [&hellip;]<\/p>\n","protected":false},"author":6557,"featured_media":122886,"comment_status":"closed","ping_status":"closed","sticky":false,"template":"","format":"standard","meta":{"footnotes":""},"categories":[15,6,1],"tags":[14270,2603,14695,2498,663,2606],"class_list":{"0":"post-123359","1":"post","2":"type-post","3":"status-publish","4":"format-standard","5":"has-post-thumbnail","7":"category-destaques","8":"category-politica","9":"category-sem-categoria","10":"tag-covid-19","11":"tag-fecomse","12":"tag-federacao-dos-empregados-no-comercio","13":"tag-oms","14":"tag-organizacao-mundial-da-saude","15":"tag-ronildo-almeida"},"_links":{"self":[{"href":"https:\/\/senoticias.com.br\/se\/wp-json\/wp\/v2\/posts\/123359"}],"collection":[{"href":"https:\/\/senoticias.com.br\/se\/wp-json\/wp\/v2\/posts"}],"about":[{"href":"https:\/\/senoticias.com.br\/se\/wp-json\/wp\/v2\/types\/post"}],"author":[{"embeddable":true,"href":"https:\/\/senoticias.com.br\/se\/wp-json\/wp\/v2\/users\/6557"}],"replies":[{"embeddable":true,"href":"https:\/\/senoticias.com.br\/se\/wp-json\/wp\/v2\/comments?post=123359"}],"version-history":[{"count":0,"href":"https:\/\/senoticias.com.br\/se\/wp-json\/wp\/v2\/posts\/123359\/revisions"}],"wp:featuredmedia":[{"embeddable":true,"href":"https:\/\/senoticias.com.br\/se\/wp-json\/wp\/v2\/media\/122886"}],"wp:attachment":[{"href":"https:\/\/senoticias.com.br\/se\/wp-json\/wp\/v2\/media?parent=123359"}],"wp:term":[{"taxonomy":"category","embeddable":true,"href":"https:\/\/senoticias.com.br\/se\/wp-json\/wp\/v2\/categories?post=123359"},{"taxonomy":"post_tag","embeddable":true,"href":"https:\/\/senoticias.com.br\/se\/wp-json\/wp\/v2\/tags?post=123359"}],"curies":[{"name":"wp","href":"https:\/\/api.w.org\/{rel}","templated":true}]}}