{"id":123318,"date":"2020-05-13T19:20:46","date_gmt":"2020-05-13T22:20:46","guid":{"rendered":"https:\/\/senoticias.com.br\/se\/?p=123318"},"modified":"2020-05-13T19:29:08","modified_gmt":"2020-05-13T22:29:08","slug":"mpe-oficia-ssp-para-identificar-organizadores-de-carreata-programada-para-domingo-17","status":"publish","type":"post","link":"https:\/\/senoticias.com.br\/se\/mpe-oficia-ssp-para-identificar-organizadores-de-carreata-programada-para-domingo-17\/","title":{"rendered":"MPE oficia SSP para identificar organizadores de carreata programada para domingo, 17"},"content":{"rendered":"<p style=\"text-align: justify;\">O Minist\u00e9rio P\u00fablico de Sergipe, por meio da Promotoria de Justi\u00e7a do Controle Externo da Atividade Policial, enviou of\u00edcio \u00e0 Secretaria de Seguran\u00e7a P\u00fablica (SSP\/SE) para que promova a identifica\u00e7\u00e3o dos organizadores e pretensos participantes de uma carreata programada para o pr\u00f3ximo domingo,17, a partir das 15h, com concentra\u00e7\u00e3o nas proximidades do Supermercado Extra, em Aracaju.<\/p>\n<div id=\"attachment_122898\" style=\"width: 560px\" class=\"wp-caption alignnone\"><a href=\"https:\/\/senoticias.com.br\/se\/wp-content\/uploads\/2020\/04\/33db4e40-3112-440e-a4cc-f58f981350fb-e1586910032331.jpg\"><img loading=\"lazy\" decoding=\"async\" aria-describedby=\"caption-attachment-122898\" class=\"size-full wp-image-122898\" src=\"https:\/\/senoticias.com.br\/se\/wp-content\/uploads\/2020\/04\/33db4e40-3112-440e-a4cc-f58f981350fb-e1586910032331.jpg\" alt=\"\" width=\"550\" height=\"346\" \/><\/a><p id=\"caption-attachment-122898\" class=\"wp-caption-text\">O MP, por meio do Gabinete de Acompanhamento de Crise, requer que sejam adotadas as medidas urgentes e necess\u00e1rias por parte do Estado de Sergipe e do Munic\u00edpio de Aracaju (foto: arquivo\/MPE)<\/p><\/div>\n<p style=\"text-align: justify;\">Mais uma vez tal movimento tenta desmobilizar a sociedade em rela\u00e7\u00e3o \u00e0 manuten\u00e7\u00e3o do isolamento social, necess\u00e1rio para a conten\u00e7\u00e3o da pandemia da Covid-19, previsto nos Decretos Estadual e Municipal. Al\u00e9m disso, descumpre a determina\u00e7\u00e3o do Poder Judici\u00e1rio sobre a proibi\u00e7\u00e3o de qualquer forma de aglomera\u00e7\u00e3o, eventos, reuni\u00f5es, carreatas ou atos de concentra\u00e7\u00e3o de pessoas.<\/p>\n<p style=\"text-align: justify;\">O MP, por meio do Gabinete de Acompanhamento de Crise, requer que sejam adotadas as medidas urgentes e necess\u00e1rias por parte do Estado de Sergipe e do Munic\u00edpio de Aracaju no sentido de coibir qualquer forma de manifesta\u00e7\u00e3o, e que promovam a identifica\u00e7\u00e3o dos organizadores e participantes para que possam ser responsabilizados civil e criminalmente pela desobedi\u00eancia da determina\u00e7\u00e3o judicial.<\/p>\n<p><strong>Liminar<\/strong><\/p>\n<p style=\"text-align: justify;\">O MP conseguiu liminar na Justi\u00e7a, nos autos da A\u00e7\u00e3o Civil P\u00fablica ajuizada em 27 de mar\u00e7o, para que o Estado de Sergipe e o Munic\u00edpio de Aracaju n\u00e3o permitissem qualquer forma de eventos, reuni\u00f5es, carreatas ou atos de concentra\u00e7\u00e3o de pessoas, para evitar a contamina\u00e7\u00e3o da Covid-19.<\/p>\n<p style=\"text-align: justify;\">A Justi\u00e7a frisou que tais eventos est\u00e3o proibidos enquanto perdurarem as medidas restritivas \u00e0 forma\u00e7\u00e3o de aglomera\u00e7\u00e3o de pessoas, impostas pelo Governo do Estado de Sergipe e pelo Governo Municipal de Aracaju, sob pena de multa di\u00e1ria no valor de R$ 5.000,00 (cinco mil reais).<\/p>\n<p style=\"text-align: justify;\">Todos os eventos de qualquer natureza est\u00e3o proibidos no Estado.<\/p>\n<p>&nbsp;<\/p>\n<p>&nbsp;<\/p>\n<p><a href=\"https:\/\/senoticias.com.br\/se\/wp-content\/uploads\/2020\/05\/Logo-novo-fone-1.jpg\"><img loading=\"lazy\" decoding=\"async\" class=\"alignnone size-full wp-image-123202\" src=\"https:\/\/senoticias.com.br\/se\/wp-content\/uploads\/2020\/05\/Logo-novo-fone-1.jpg\" alt=\"\" width=\"599\" height=\"78\" srcset=\"https:\/\/senoticias.com.br\/se\/wp-content\/uploads\/2020\/05\/Logo-novo-fone-1.jpg 599w, https:\/\/senoticias.com.br\/se\/wp-content\/uploads\/2020\/05\/Logo-novo-fone-1-300x39.jpg 300w\" sizes=\"(max-width: 599px) 100vw, 599px\" \/><\/a><\/p>\n<p>&nbsp;<\/p>\n<p><strong><em>Acompanhe tamb\u00e9m o SE Not\u00edcias no\u00a0<a href=\"https:\/\/twitter.com\/Senoticias\" target=\"_blank\" rel=\"noopener\">Twitter<\/a>,\u00a0<a href=\"https:\/\/www.facebook.com\/senoticias1\" target=\"_blank\" rel=\"noopener\">Facebook<\/a>\u00a0e no\u00a0<a href=\"https:\/\/www.instagram.com\/senoticias\/\" target=\"_blank\" rel=\"noopener\">Instagram<\/a><\/em><\/strong><\/p>\n<p>Minist\u00e9rio P\u00fablico de Sergipe<\/p>\n","protected":false},"excerpt":{"rendered":"<p>O Minist\u00e9rio P\u00fablico de Sergipe, por meio da Promotoria de Justi\u00e7a do Controle Externo da Atividade Policial, enviou of\u00edcio \u00e0 Secretaria de Seguran\u00e7a P\u00fablica (SSP\/SE) para que promova a identifica\u00e7\u00e3o dos organizadores e pretensos participantes de uma carreata programada para o pr\u00f3ximo domingo,17, a partir das 15h, com concentra\u00e7\u00e3o nas proximidades do Supermercado Extra, em [&hellip;]<\/p>\n","protected":false},"author":6557,"featured_media":122898,"comment_status":"closed","ping_status":"closed","sticky":false,"template":"","format":"standard","meta":{"footnotes":""},"categories":[15,6,1],"tags":[5227,10831,2911,2910],"class_list":{"0":"post-123318","1":"post","2":"type-post","3":"status-publish","4":"format-standard","5":"has-post-thumbnail","7":"category-destaques","8":"category-politica","9":"category-sem-categoria","10":"tag-acao-civil-publica","11":"tag-carreatas","12":"tag-ministerio-publico-de-sergipe","13":"tag-mpe"},"_links":{"self":[{"href":"https:\/\/senoticias.com.br\/se\/wp-json\/wp\/v2\/posts\/123318"}],"collection":[{"href":"https:\/\/senoticias.com.br\/se\/wp-json\/wp\/v2\/posts"}],"about":[{"href":"https:\/\/senoticias.com.br\/se\/wp-json\/wp\/v2\/types\/post"}],"author":[{"embeddable":true,"href":"https:\/\/senoticias.com.br\/se\/wp-json\/wp\/v2\/users\/6557"}],"replies":[{"embeddable":true,"href":"https:\/\/senoticias.com.br\/se\/wp-json\/wp\/v2\/comments?post=123318"}],"version-history":[{"count":0,"href":"https:\/\/senoticias.com.br\/se\/wp-json\/wp\/v2\/posts\/123318\/revisions"}],"wp:featuredmedia":[{"embeddable":true,"href":"https:\/\/senoticias.com.br\/se\/wp-json\/wp\/v2\/media\/122898"}],"wp:attachment":[{"href":"https:\/\/senoticias.com.br\/se\/wp-json\/wp\/v2\/media?parent=123318"}],"wp:term":[{"taxonomy":"category","embeddable":true,"href":"https:\/\/senoticias.com.br\/se\/wp-json\/wp\/v2\/categories?post=123318"},{"taxonomy":"post_tag","embeddable":true,"href":"https:\/\/senoticias.com.br\/se\/wp-json\/wp\/v2\/tags?post=123318"}],"curies":[{"name":"wp","href":"https:\/\/api.w.org\/{rel}","templated":true}]}}