{"id":123180,"date":"2020-05-04T17:31:19","date_gmt":"2020-05-04T20:31:19","guid":{"rendered":"https:\/\/senoticias.com.br\/se\/?p=123180"},"modified":"2020-05-04T17:31:19","modified_gmt":"2020-05-04T20:31:19","slug":"novo-diretor-troca-comando-da-policia-federal-no-rio-como-queria-bolsonaro","status":"publish","type":"post","link":"https:\/\/senoticias.com.br\/se\/novo-diretor-troca-comando-da-policia-federal-no-rio-como-queria-bolsonaro\/","title":{"rendered":"Novo diretor troca comando da Pol\u00edcia Federal no Rio, como queria Bolsonaro"},"content":{"rendered":"<p style=\"text-align: justify;\">O novo diretor-geral da Pol\u00edcia Federal, Rolando Alexandre de Souza, decidiu trocar a chefia da superintend\u00eancia do Rio de Janeiro, foco de interesse da fam\u00edlia do presidente Jair Bolsonaro. Rolando tomou posse em cerim\u00f4nia fechada no Pal\u00e1cio do Planalto na manh\u00e3 desta segunda-feira (4).<\/p>\n<div id=\"attachment_123181\" style=\"width: 560px\" class=\"wp-caption aligncenter\"><a href=\"https:\/\/senoticias.com.br\/se\/wp-content\/uploads\/2020\/05\/destaque-589363-policia-federal-e1588624165885.jpg\"><img loading=\"lazy\" decoding=\"async\" aria-describedby=\"caption-attachment-123181\" class=\"size-full wp-image-123181\" src=\"https:\/\/senoticias.com.br\/se\/wp-content\/uploads\/2020\/05\/destaque-589363-policia-federal-e1588624165885.jpg\" alt=\"\" width=\"550\" height=\"310\" \/><\/a><p id=\"caption-attachment-123181\" class=\"wp-caption-text\">Foto: Ag\u00eancia Brasil<\/p><\/div>\n<p style=\"text-align: justify;\">Segundo o jornal Folha de S.Paulo, o atual comandante do estado, Carlos Henrique Oliveira, foi retirado do cargo e convidado para ser o diretor-executivo, n\u00famero dois na hierarquia do \u00f3rg\u00e3o.Oficialmente, a troca ainda n\u00e3o foi confirmada. Qualquer mudan\u00e7a na equipe precisa ser publicada no Di\u00e1rio Oficial da Uni\u00e3o (DOU).<\/p>\n<p style=\"text-align: justify;\">Procurada, a assessoria de imprensa da Pol\u00edcia Federal afirmou que a montagem da equipe ainda n\u00e3o est\u00e1 sendo divulgada pela dire\u00e7\u00e3o-geral e disse que \u00e9 preciso aguardar que as reuni\u00f5es de trabalho evoluam.<\/p>\n<p style=\"text-align: justify;\">Antes de sair do governo, S\u00e9rgio Moro acusou Bolsonaro de tentativa de interfer\u00eancia na corpora\u00e7\u00e3o. Segundo ele, o presidente queria trocar o diretor-geral por interesses pessoais e tentou obter informa\u00e7\u00f5es em inqu\u00e9ritos abertos nos Supremo Tribunal Federal (STF). O ex-ministro afirmou tamb\u00e9m que o presidente queria mudan\u00e7as nas superintend\u00eancias do Rio e de Pernambuco.<\/p>\n<p>Por Congresso em foco<\/p>\n<p><a href=\"https:\/\/senoticias.com.br\/se\/wp-content\/uploads\/2020\/04\/Logo-novo-fone-1.jpg\"><img loading=\"lazy\" decoding=\"async\" class=\"alignnone size-full wp-image-122816\" src=\"https:\/\/senoticias.com.br\/se\/wp-content\/uploads\/2020\/04\/Logo-novo-fone-1.jpg\" alt=\"\" width=\"599\" height=\"78\" srcset=\"https:\/\/senoticias.com.br\/se\/wp-content\/uploads\/2020\/04\/Logo-novo-fone-1.jpg 599w, https:\/\/senoticias.com.br\/se\/wp-content\/uploads\/2020\/04\/Logo-novo-fone-1-300x39.jpg 300w\" sizes=\"(max-width: 599px) 100vw, 599px\" \/><\/a><\/p>\n<p><em><strong>Acompanhe tamb\u00e9m o SE Not\u00edcias no\u00a0<a href=\"https:\/\/www.instagram.com\/senoticias\/\">Instagram<\/a>,\u00a0<a href=\"https:\/\/twitter.com\/home\">Twitter<\/a>\u00a0e no\u00a0<a href=\"https:\/\/web.facebook.com\/senoticias1\/\">Facebook<\/a><\/strong><\/em><\/p>\n","protected":false},"excerpt":{"rendered":"<p>O novo diretor-geral da Pol\u00edcia Federal, Rolando Alexandre de Souza, decidiu trocar a chefia da superintend\u00eancia do Rio de Janeiro, foco de interesse da fam\u00edlia do presidente Jair Bolsonaro. Rolando tomou posse em cerim\u00f4nia fechada no Pal\u00e1cio do Planalto na manh\u00e3 desta segunda-feira (4). Segundo o jornal Folha de S.Paulo, o atual comandante do estado, [&hellip;]<\/p>\n","protected":false},"author":6557,"featured_media":0,"comment_status":"closed","ping_status":"closed","sticky":false,"template":"","format":"standard","meta":{"footnotes":""},"categories":[15,6],"tags":[14603,6338,9666,1947],"class_list":{"0":"post-123180","1":"post","2":"type-post","3":"status-publish","4":"format-standard","6":"category-destaques","7":"category-politica","8":"tag-comando","9":"tag-diretor","10":"tag-novo","11":"tag-policia-federal"},"_links":{"self":[{"href":"https:\/\/senoticias.com.br\/se\/wp-json\/wp\/v2\/posts\/123180"}],"collection":[{"href":"https:\/\/senoticias.com.br\/se\/wp-json\/wp\/v2\/posts"}],"about":[{"href":"https:\/\/senoticias.com.br\/se\/wp-json\/wp\/v2\/types\/post"}],"author":[{"embeddable":true,"href":"https:\/\/senoticias.com.br\/se\/wp-json\/wp\/v2\/users\/6557"}],"replies":[{"embeddable":true,"href":"https:\/\/senoticias.com.br\/se\/wp-json\/wp\/v2\/comments?post=123180"}],"version-history":[{"count":0,"href":"https:\/\/senoticias.com.br\/se\/wp-json\/wp\/v2\/posts\/123180\/revisions"}],"wp:attachment":[{"href":"https:\/\/senoticias.com.br\/se\/wp-json\/wp\/v2\/media?parent=123180"}],"wp:term":[{"taxonomy":"category","embeddable":true,"href":"https:\/\/senoticias.com.br\/se\/wp-json\/wp\/v2\/categories?post=123180"},{"taxonomy":"post_tag","embeddable":true,"href":"https:\/\/senoticias.com.br\/se\/wp-json\/wp\/v2\/tags?post=123180"}],"curies":[{"name":"wp","href":"https:\/\/api.w.org\/{rel}","templated":true}]}}