{"id":123171,"date":"2020-05-04T11:44:45","date_gmt":"2020-05-04T14:44:45","guid":{"rendered":"https:\/\/senoticias.com.br\/se\/?p=123171"},"modified":"2020-05-04T11:44:45","modified_gmt":"2020-05-04T14:44:45","slug":"cptran-registra-30o-acidente-causado-por-condutor-com-sintomas-de-embriaguez-este-ano-em-aracaju","status":"publish","type":"post","link":"https:\/\/senoticias.com.br\/se\/cptran-registra-30o-acidente-causado-por-condutor-com-sintomas-de-embriaguez-este-ano-em-aracaju\/","title":{"rendered":"CPTran registra 30\u00ba acidente causado por condutor com sintomas de embriaguez este ano em Aracaju"},"content":{"rendered":"<p style=\"text-align: justify;\">Nesse domingo, 3, na avenida Beira Mar, por volta das 21h30, o condutor de uma caminhonete tipo L200 perdeu o controle, ultrapassou o canteiro e colidiu com uma moto que vinha em sentido contr\u00e1rio. O motociclista sofreu v\u00e1rias les\u00f5es e foi levado ao Huse pelo Samu.<\/p>\n<div id=\"attachment_123172\" style=\"width: 560px\" class=\"wp-caption aligncenter\"><a href=\"https:\/\/senoticias.com.br\/se\/wp-content\/uploads\/2020\/05\/cptran-1-e1588603342725.jpg\"><img loading=\"lazy\" decoding=\"async\" aria-describedby=\"caption-attachment-123172\" class=\"size-full wp-image-123172\" src=\"https:\/\/senoticias.com.br\/se\/wp-content\/uploads\/2020\/05\/cptran-1-e1588603342725.jpg\" alt=\"\" width=\"550\" height=\"367\" \/><\/a><p id=\"caption-attachment-123172\" class=\"wp-caption-text\">Foto: SSP\/SE<\/p><\/div>\n<p style=\"text-align: justify;\">\nSegundo informa\u00e7\u00f5es, o motorista da L200 foi flagrado, ap\u00f3s uso do etil\u00f4metro (baf\u00f4metro), com 0.78 mg\/ l de \u00e1lcool no ar expelido, frisando que a legisla\u00e7\u00e3o determina a pris\u00e3o a partir de 0.33 mg\/ l). Este foi o 30\u00ba caso de acidente envolvendo embriaguez este ano em Aracaju.<\/p>\n<p style=\"text-align: justify;\">Ainda de acordo com as informa\u00e7\u00f5es, nesse fim de semana, quatro acidentes foram registrados, com nove pessoas lesionadas e nenhuma fatalidade. Tr\u00eas condutores foram flagradas por embriaguez ao volante.<\/p>\n<p>Por SSP\/SE<\/p>\n<p><a href=\"https:\/\/senoticias.com.br\/se\/wp-content\/uploads\/2020\/04\/Logo-novo-fone-1.jpg\"><img loading=\"lazy\" decoding=\"async\" class=\"alignnone size-full wp-image-122816\" src=\"https:\/\/senoticias.com.br\/se\/wp-content\/uploads\/2020\/04\/Logo-novo-fone-1.jpg\" alt=\"\" width=\"599\" height=\"78\" srcset=\"https:\/\/senoticias.com.br\/se\/wp-content\/uploads\/2020\/04\/Logo-novo-fone-1.jpg 599w, https:\/\/senoticias.com.br\/se\/wp-content\/uploads\/2020\/04\/Logo-novo-fone-1-300x39.jpg 300w\" sizes=\"(max-width: 599px) 100vw, 599px\" \/><\/a><\/p>\n<p><em><strong>Acompanhe tamb\u00e9m o SE Not\u00edcias no\u00a0<a href=\"https:\/\/www.instagram.com\/senoticias\/\">Instagram<\/a>,\u00a0<a href=\"https:\/\/twitter.com\/home\">Twitter<\/a>\u00a0e no\u00a0<a href=\"https:\/\/web.facebook.com\/senoticias1\/\">Facebook<\/a><\/strong><\/em><\/p>\n","protected":false},"excerpt":{"rendered":"<p>Nesse domingo, 3, na avenida Beira Mar, por volta das 21h30, o condutor de uma caminhonete tipo L200 perdeu o controle, ultrapassou o canteiro e colidiu com uma moto que vinha em sentido contr\u00e1rio. O motociclista sofreu v\u00e1rias les\u00f5es e foi levado ao Huse pelo Samu. Segundo informa\u00e7\u00f5es, o motorista da L200 foi flagrado, ap\u00f3s [&hellip;]<\/p>\n","protected":false},"author":6557,"featured_media":0,"comment_status":"closed","ping_status":"closed","sticky":false,"template":"","format":"standard","meta":{"footnotes":""},"categories":[15,7],"tags":[61,631,8121,14599],"class_list":{"0":"post-123171","1":"post","2":"type-post","3":"status-publish","4":"format-standard","6":"category-destaques","7":"category-policia","8":"tag-acidente","9":"tag-cptran","10":"tag-embriaguez","11":"tag-registra"},"_links":{"self":[{"href":"https:\/\/senoticias.com.br\/se\/wp-json\/wp\/v2\/posts\/123171"}],"collection":[{"href":"https:\/\/senoticias.com.br\/se\/wp-json\/wp\/v2\/posts"}],"about":[{"href":"https:\/\/senoticias.com.br\/se\/wp-json\/wp\/v2\/types\/post"}],"author":[{"embeddable":true,"href":"https:\/\/senoticias.com.br\/se\/wp-json\/wp\/v2\/users\/6557"}],"replies":[{"embeddable":true,"href":"https:\/\/senoticias.com.br\/se\/wp-json\/wp\/v2\/comments?post=123171"}],"version-history":[{"count":0,"href":"https:\/\/senoticias.com.br\/se\/wp-json\/wp\/v2\/posts\/123171\/revisions"}],"wp:attachment":[{"href":"https:\/\/senoticias.com.br\/se\/wp-json\/wp\/v2\/media?parent=123171"}],"wp:term":[{"taxonomy":"category","embeddable":true,"href":"https:\/\/senoticias.com.br\/se\/wp-json\/wp\/v2\/categories?post=123171"},{"taxonomy":"post_tag","embeddable":true,"href":"https:\/\/senoticias.com.br\/se\/wp-json\/wp\/v2\/tags?post=123171"}],"curies":[{"name":"wp","href":"https:\/\/api.w.org\/{rel}","templated":true}]}}