{"id":123167,"date":"2020-05-04T09:07:00","date_gmt":"2020-05-04T12:07:00","guid":{"rendered":"https:\/\/senoticias.com.br\/se\/?p=123167"},"modified":"2020-05-04T10:48:05","modified_gmt":"2020-05-04T13:48:05","slug":"decreto-governamental-veja-o-que-pode-ou-nao-funcionar","status":"publish","type":"post","link":"https:\/\/senoticias.com.br\/se\/decreto-governamental-veja-o-que-pode-ou-nao-funcionar\/","title":{"rendered":"Decreto governamental: veja o que pode ou n\u00e3o funcionar"},"content":{"rendered":"<p style=\"text-align: justify;\">O governador Belivaldo Chagas revogou algumas medidas de flexibiliza\u00e7\u00e3o e decidiu manter o fechamento de algumas atividades comerciais. A decis\u00e3o deixou d\u00favidas na maioria da popula\u00e7\u00e3o e, por isso, o Portal Infonet, preparou um resumo. Confira:<\/p>\n<div id=\"attachment_123168\" style=\"width: 560px\" class=\"wp-caption aligncenter\"><a href=\"https:\/\/senoticias.com.br\/se\/wp-content\/uploads\/2020\/05\/centrodearacaju_fotoasn-e1588453697845.jpeg\"><img loading=\"lazy\" decoding=\"async\" aria-describedby=\"caption-attachment-123168\" class=\"size-full wp-image-123168\" src=\"https:\/\/senoticias.com.br\/se\/wp-content\/uploads\/2020\/05\/centrodearacaju_fotoasn-e1588453697845.jpeg\" alt=\"\" width=\"550\" height=\"367\" srcset=\"https:\/\/senoticias.com.br\/se\/wp-content\/uploads\/2020\/05\/centrodearacaju_fotoasn-e1588453697845.jpeg 550w, https:\/\/senoticias.com.br\/se\/wp-content\/uploads\/2020\/05\/centrodearacaju_fotoasn-e1588453697845-300x200.jpeg 300w, https:\/\/senoticias.com.br\/se\/wp-content\/uploads\/2020\/05\/centrodearacaju_fotoasn-e1588453697845-90x60.jpeg 90w, https:\/\/senoticias.com.br\/se\/wp-content\/uploads\/2020\/05\/centrodearacaju_fotoasn-e1588453697845-180x120.jpeg 180w, https:\/\/senoticias.com.br\/se\/wp-content\/uploads\/2020\/05\/centrodearacaju_fotoasn-e1588453697845-95x64.jpeg 95w\" sizes=\"(max-width: 550px) 100vw, 550px\" \/><\/a><p id=\"caption-attachment-123168\" class=\"wp-caption-text\">(Foto: ASN)<\/p><\/div>\n<p style=\"text-align: justify;\">Algumas atividades comerciais receberam autoriza\u00e7\u00e3o para funcionar, mas com a revoga\u00e7\u00e3o, dever\u00e3o continuar suspensas. S\u00e3o elas: imobili\u00e1rias, escrit\u00f3rios de arquitetura e engenharia, concession\u00e1rias e lojas de tecidos e armarinhos, lojas de cosm\u00e9tico e perfumaria, lojas de m\u00f3veis, colch\u00f5es e eletrodom\u00e9sticos, de produtos de climatiza\u00e7\u00e3o, livrarias e papelarias, joalherias e relojoarias. Por enquanto, <strong>somente podem funcionar:<\/strong> hot\u00e9is, mot\u00e9is e pousadas, lojas de material de constru\u00e7\u00e3o, lojas de autope\u00e7as, cart\u00f3rios e tabelionatos, empresas de assist\u00eancia t\u00e9cnica, \u00f3ticas e cl\u00ednicas de podologia.<\/p>\n<p style=\"text-align: justify;\">Academias, sal\u00f5es de beleza, shoppings, cinemas, museus e clubes dever\u00e3o continuar fechados. Bares e restaurantes somente podem funcionar no formato delivery.<\/p>\n<p style=\"text-align: justify;\">Os \u00f3rg\u00e3os da administra\u00e7\u00e3o p\u00fablica estadual, com exce\u00e7\u00e3o daqueles considerados essenciais, est\u00e3o com as atividades suspensas. Por\u00e9m, Detran, Adema e Cehop voltaram a ter atendimento presencial mediante pr\u00e9vio agendamento, de segunda a sexta-feira, das 7h \u00e0s 13h, e com uso obrigat\u00f3rio de m\u00e1scara.<\/p>\n<p style=\"text-align: justify;\">Por Verlane Est\u00e1cio\/ Portal Infonet<\/p>\n<p><a href=\"https:\/\/senoticias.com.br\/se\/wp-content\/uploads\/2020\/04\/Logo-novo-fone-1.jpg\"><img loading=\"lazy\" decoding=\"async\" class=\"alignnone size-full wp-image-122816\" src=\"https:\/\/senoticias.com.br\/se\/wp-content\/uploads\/2020\/04\/Logo-novo-fone-1.jpg\" alt=\"\" width=\"599\" height=\"78\" srcset=\"https:\/\/senoticias.com.br\/se\/wp-content\/uploads\/2020\/04\/Logo-novo-fone-1.jpg 599w, https:\/\/senoticias.com.br\/se\/wp-content\/uploads\/2020\/04\/Logo-novo-fone-1-300x39.jpg 300w\" sizes=\"(max-width: 599px) 100vw, 599px\" \/><\/a><\/p>\n<p><em><strong>Acompanhe tamb\u00e9m o SE Not\u00edcias no\u00a0<a href=\"https:\/\/www.instagram.com\/senoticias\/\">Instagram<\/a>,\u00a0<a href=\"https:\/\/twitter.com\/home\">Twitter<\/a>\u00a0e no\u00a0<a href=\"https:\/\/web.facebook.com\/senoticias1\/\">Facebook<\/a><\/strong><\/em><\/p>\n","protected":false},"excerpt":{"rendered":"<p>O governador Belivaldo Chagas revogou algumas medidas de flexibiliza\u00e7\u00e3o e decidiu manter o fechamento de algumas atividades comerciais. A decis\u00e3o deixou d\u00favidas na maioria da popula\u00e7\u00e3o e, por isso, o Portal Infonet, preparou um resumo. Confira: Algumas atividades comerciais receberam autoriza\u00e7\u00e3o para funcionar, mas com a revoga\u00e7\u00e3o, dever\u00e3o continuar suspensas. S\u00e3o elas: imobili\u00e1rias, escrit\u00f3rios de [&hellip;]<\/p>\n","protected":false},"author":6557,"featured_media":0,"comment_status":"closed","ping_status":"closed","sticky":false,"template":"","format":"standard","meta":{"footnotes":""},"categories":[15,6],"tags":[14321,14598],"class_list":{"0":"post-123167","1":"post","2":"type-post","3":"status-publish","4":"format-standard","6":"category-destaques","7":"category-politica","8":"tag-decreto-governamental","9":"tag-o-que-pode-funcionar"},"_links":{"self":[{"href":"https:\/\/senoticias.com.br\/se\/wp-json\/wp\/v2\/posts\/123167"}],"collection":[{"href":"https:\/\/senoticias.com.br\/se\/wp-json\/wp\/v2\/posts"}],"about":[{"href":"https:\/\/senoticias.com.br\/se\/wp-json\/wp\/v2\/types\/post"}],"author":[{"embeddable":true,"href":"https:\/\/senoticias.com.br\/se\/wp-json\/wp\/v2\/users\/6557"}],"replies":[{"embeddable":true,"href":"https:\/\/senoticias.com.br\/se\/wp-json\/wp\/v2\/comments?post=123167"}],"version-history":[{"count":0,"href":"https:\/\/senoticias.com.br\/se\/wp-json\/wp\/v2\/posts\/123167\/revisions"}],"wp:attachment":[{"href":"https:\/\/senoticias.com.br\/se\/wp-json\/wp\/v2\/media?parent=123167"}],"wp:term":[{"taxonomy":"category","embeddable":true,"href":"https:\/\/senoticias.com.br\/se\/wp-json\/wp\/v2\/categories?post=123167"},{"taxonomy":"post_tag","embeddable":true,"href":"https:\/\/senoticias.com.br\/se\/wp-json\/wp\/v2\/tags?post=123167"}],"curies":[{"name":"wp","href":"https:\/\/api.w.org\/{rel}","templated":true}]}}