{"id":123135,"date":"2020-05-01T16:32:45","date_gmt":"2020-05-01T19:32:45","guid":{"rendered":"https:\/\/senoticias.com.br\/se\/?p=123135"},"modified":"2020-05-01T16:32:45","modified_gmt":"2020-05-01T19:32:45","slug":"edvaldo-nao-descarta-novas-revogacoes-e-medidas-mais-duras-em-aracaju","status":"publish","type":"post","link":"https:\/\/senoticias.com.br\/se\/edvaldo-nao-descarta-novas-revogacoes-e-medidas-mais-duras-em-aracaju\/","title":{"rendered":"Edvaldo n\u00e3o descarta novas revoga\u00e7\u00f5es e medidas mais duras em Aracaju"},"content":{"rendered":"<p style=\"text-align: justify;\">O prefeito Edvaldo Nogueira disse na tarde desta quinta-feira, 30, que podem ocorrer novas revoga\u00e7\u00f5es e que n\u00e3o vai hesitar em adotar medidas mais duras para evitar a dissemina\u00e7\u00e3o do novo coronav\u00edrus em Aracaju. O assunto foi tema de uma coletiva de imprensa na qual o governador Belivaldo Chagas, a pedido do prefeito de Aracaju, reeditou o decreto estadual que autorizou, no in\u00edcio da semana, a reabertura de alguns estabelecimentos comerciais.<\/p>\n<div id=\"attachment_123136\" style=\"width: 560px\" class=\"wp-caption aligncenter\"><a href=\"https:\/\/senoticias.com.br\/se\/wp-content\/uploads\/2020\/05\/Edvaldo.jpg\"><img loading=\"lazy\" decoding=\"async\" aria-describedby=\"caption-attachment-123136\" class=\"size-full wp-image-123136\" src=\"https:\/\/senoticias.com.br\/se\/wp-content\/uploads\/2020\/05\/Edvaldo.jpg\" alt=\"\" width=\"550\" height=\"357\" srcset=\"https:\/\/senoticias.com.br\/se\/wp-content\/uploads\/2020\/05\/Edvaldo.jpg 550w, https:\/\/senoticias.com.br\/se\/wp-content\/uploads\/2020\/05\/Edvaldo-300x195.jpg 300w, https:\/\/senoticias.com.br\/se\/wp-content\/uploads\/2020\/05\/Edvaldo-190x122.jpg 190w\" sizes=\"(max-width: 550px) 100vw, 550px\" \/><\/a><p id=\"caption-attachment-123136\" class=\"wp-caption-text\">\u201cN\u00e3o hesitarei em tomar medidas mais duras se for preciso\u201d, afirma Edvaldo (Foto: Ana L\u00edcia Menezes)<\/p><\/div>\n<p style=\"text-align: justify;\">O pedido foi feito como forma de precau\u00e7\u00e3o e em virtude do aumento de casos registrados na capital sergipana. Na vis\u00e3o de Edvaldo Nogueira, com o an\u00fancio do decreto estadual, houve uma m\u00e1 interpreta\u00e7\u00e3o de pessoas que optaram por entender como um \u2018liberou geral\u2019. Hoje, na reedi\u00e7\u00e3o do decreto estadual, o governador Belivaldo Chagas tamb\u00e9m concedeu aos munic\u00edpios autonomia para o endurecimento das medidas de distanciamento social.\u201cO que quero \u00e9 que quem precisar de UTI tenha, quem precisar de leito de retaguarda, tenha. Ao mesmo tempo, quero reafirmar o pedido para que a popula\u00e7\u00e3o se conscientize. N\u00e3o basta apenas que os governos estadual e municipais atuem. A popula\u00e7\u00e3o precisa entender e chegar junto, respeitando as medidas adotadas. Os casos v\u00e3o aumentar e isso \u00e9 um fato. Ent\u00e3o, quanto menos estivermos nas ruas, quanto mais mantermos o distanciamento, mais vamos achatar a curva. Vamos ter momentos de flexibiliza\u00e7\u00e3o, de afrouxamento, ou de restri\u00e7\u00f5es, mas o que vai definir tudo isso ser\u00e1 a ci\u00eancia, os estudos cient\u00edficos que estamos produzindo. N\u00e3o vai ser press\u00e3o e nem achismos que nos conduzir\u00e3o\u201d, refor\u00e7ou Edvaldo.<\/p>\n<p style=\"text-align: justify;\">Com o atendimento do pedido de revoga\u00e7\u00e3o, fica determinado, novamente, o fechamento dos escrit\u00f3rios de advocacia, contabilidade, arquitetura, concession\u00e1rias, imobili\u00e1rias de lojas de tecidos e armarinhos. Tamb\u00e9m fica suspensa a retomada das atividades pelas lojas de cosm\u00e9ticos, perfumarias, relojoarias, m\u00f3veis e eletrodom\u00e9sticos, prevista para a pr\u00f3xima segunda-feira, 2 de maio, e tamb\u00e9m pelas papelarias, livrarias e lojas de climatizadores, prevista para o dia 4 de maio.<\/p>\n<p style=\"text-align: justify;\">Por Verlane Est\u00e1cio com informa\u00e7\u00f5es da PMA<\/p>\n<p><a href=\"https:\/\/senoticias.com.br\/se\/wp-content\/uploads\/2020\/04\/Logo-novo-fone-1.jpg\"><img loading=\"lazy\" decoding=\"async\" class=\"alignnone size-full wp-image-122816\" src=\"https:\/\/senoticias.com.br\/se\/wp-content\/uploads\/2020\/04\/Logo-novo-fone-1.jpg\" alt=\"\" width=\"599\" height=\"78\" srcset=\"https:\/\/senoticias.com.br\/se\/wp-content\/uploads\/2020\/04\/Logo-novo-fone-1.jpg 599w, https:\/\/senoticias.com.br\/se\/wp-content\/uploads\/2020\/04\/Logo-novo-fone-1-300x39.jpg 300w\" sizes=\"(max-width: 599px) 100vw, 599px\" \/><\/a><\/p>\n<p><em><strong>Acompanhe tamb\u00e9m o SE Not\u00edcias no\u00a0<a href=\"https:\/\/www.instagram.com\/senoticias\/\">Instagram<\/a>,\u00a0<a href=\"https:\/\/twitter.com\/home\">Twitter<\/a>\u00a0e no\u00a0<a href=\"https:\/\/web.facebook.com\/senoticias1\/\">Facebook<\/a>\u00a0<\/strong><\/em><\/p>\n","protected":false},"excerpt":{"rendered":"<p>O prefeito Edvaldo Nogueira disse na tarde desta quinta-feira, 30, que podem ocorrer novas revoga\u00e7\u00f5es e que n\u00e3o vai hesitar em adotar medidas mais duras para evitar a dissemina\u00e7\u00e3o do novo coronav\u00edrus em Aracaju. O assunto foi tema de uma coletiva de imprensa na qual o governador Belivaldo Chagas, a pedido do prefeito de Aracaju, [&hellip;]<\/p>\n","protected":false},"author":6557,"featured_media":0,"comment_status":"closed","ping_status":"closed","sticky":false,"template":"","format":"standard","meta":{"footnotes":""},"categories":[15],"tags":[1436,14234,14581],"class_list":{"0":"post-123135","1":"post","2":"type-post","3":"status-publish","4":"format-standard","6":"category-destaques","7":"tag-edvaldo","8":"tag-medidas","9":"tag-novas-revogacoes"},"_links":{"self":[{"href":"https:\/\/senoticias.com.br\/se\/wp-json\/wp\/v2\/posts\/123135"}],"collection":[{"href":"https:\/\/senoticias.com.br\/se\/wp-json\/wp\/v2\/posts"}],"about":[{"href":"https:\/\/senoticias.com.br\/se\/wp-json\/wp\/v2\/types\/post"}],"author":[{"embeddable":true,"href":"https:\/\/senoticias.com.br\/se\/wp-json\/wp\/v2\/users\/6557"}],"replies":[{"embeddable":true,"href":"https:\/\/senoticias.com.br\/se\/wp-json\/wp\/v2\/comments?post=123135"}],"version-history":[{"count":0,"href":"https:\/\/senoticias.com.br\/se\/wp-json\/wp\/v2\/posts\/123135\/revisions"}],"wp:attachment":[{"href":"https:\/\/senoticias.com.br\/se\/wp-json\/wp\/v2\/media?parent=123135"}],"wp:term":[{"taxonomy":"category","embeddable":true,"href":"https:\/\/senoticias.com.br\/se\/wp-json\/wp\/v2\/categories?post=123135"},{"taxonomy":"post_tag","embeddable":true,"href":"https:\/\/senoticias.com.br\/se\/wp-json\/wp\/v2\/tags?post=123135"}],"curies":[{"name":"wp","href":"https:\/\/api.w.org\/{rel}","templated":true}]}}