{"id":123129,"date":"2020-05-01T09:47:03","date_gmt":"2020-05-01T12:47:03","guid":{"rendered":"https:\/\/senoticias.com.br\/se\/?p=123129"},"modified":"2020-05-01T09:47:03","modified_gmt":"2020-05-01T12:47:03","slug":"veja-dicas-para-economizar-energia-durante-o-isolamento-social","status":"publish","type":"post","link":"https:\/\/senoticias.com.br\/se\/veja-dicas-para-economizar-energia-durante-o-isolamento-social\/","title":{"rendered":"Veja dicas para economizar energia durante o isolamento social"},"content":{"rendered":"<p style=\"text-align: justify;\">Com o cen\u00e1rio atual de pandemia de coronav\u00edrus e o pedido para que as pessoas evitem aglomera\u00e7\u00f5es, \u00f3rg\u00e3os p\u00fablicos como Minist\u00e9rio da Sa\u00fade e Secretaria Estadual de Sa\u00fade est\u00e3o recomendando que todos fiquem em casa. Por isso \u00e9 importante saber como economizar energia e fazer com que a conta caiba no seu bolso. Confira algumas dicas da Energisa de atitudes simples que podem fazer a diferen\u00e7a:<\/p>\n<div id=\"attachment_123130\" style=\"width: 560px\" class=\"wp-caption aligncenter\"><a href=\"https:\/\/senoticias.com.br\/se\/wp-content\/uploads\/2020\/05\/negociacao-foto-energisa-19112019.jpg\"><img loading=\"lazy\" decoding=\"async\" aria-describedby=\"caption-attachment-123130\" class=\"size-full wp-image-123130\" src=\"https:\/\/senoticias.com.br\/se\/wp-content\/uploads\/2020\/05\/negociacao-foto-energisa-19112019.jpg\" alt=\"\" width=\"550\" height=\"376\" srcset=\"https:\/\/senoticias.com.br\/se\/wp-content\/uploads\/2020\/05\/negociacao-foto-energisa-19112019.jpg 550w, https:\/\/senoticias.com.br\/se\/wp-content\/uploads\/2020\/05\/negociacao-foto-energisa-19112019-300x205.jpg 300w, https:\/\/senoticias.com.br\/se\/wp-content\/uploads\/2020\/05\/negociacao-foto-energisa-19112019-95x64.jpg 95w\" sizes=\"(max-width: 550px) 100vw, 550px\" \/><\/a><p id=\"caption-attachment-123130\" class=\"wp-caption-text\">Foto: Ascom\/Energisa)<\/p><\/div>\n<p style=\"text-align: justify;\">\u2013 Aproveite ao m\u00e1ximo a ilumina\u00e7\u00e3o natural durante o dia. Abrir as cortinas e deixar a luz do sol entrar deixa os ambientes mais arejados (orienta\u00e7\u00e3o da OMS para esse per\u00edodo) e evita que l\u00e2mpadas sejam acesas sem necessidade. Prefira montar seu posto de trabalho, caso esteja atuando com trabalho remoto, em locais mais claros e ventilados.<\/p>\n<p style=\"text-align: justify;\">\u2013 Sempre que poss\u00edvel, opte por l\u00e2mpadas de LED, que apresentam maior durabilidade e consomem menos energia do que as fluorescentes ou incandescentes. Outra recomenda\u00e7\u00e3o \u00e9 manter filtros de ar-condicionado higienizados. Al\u00e9m de prevenir doen\u00e7as respirat\u00f3rias, essa pr\u00e1tica garante que os aparelhos funcionem com mais efici\u00eancia.<\/p>\n<p style=\"text-align: justify;\">\u2013 Mantenha ventiladores ligados apenas se estiver utilizando o ambiente. Caso contr\u00e1rio, mesmo em uma sa\u00edda r\u00e1pida do c\u00f4modo, vale deslig\u00e1-lo enquanto n\u00e3o estiver usando.<\/p>\n<p style=\"text-align: justify;\">\u2013 Quanto \u00e0 geladeira, tente abrir o menor n\u00famero de vezes poss\u00edvel e oriente seus filhos a fazerem o mesmo. Escolha o que ser\u00e1 retirado antes, diminuindo o tempo da porta aberta. Tamb\u00e9m n\u00e3o \u00e9 recomend\u00e1vel colocar roupas e sapatos para secar na parte de tr\u00e1s, pois a pr\u00e1tica sobrecarrega o motor e aumenta o consumo do aparelho para manter a baixa temperatura interna.<\/p>\n<p style=\"text-align: justify;\">\u2013 Se precisar fazer um lanche para a crian\u00e7ada, priorize sempre que poss\u00edvel o uso do forno a g\u00e1s, ao inv\u00e9s do microondas e do forno el\u00e9trico.\u2013 \u00c9 importante tamb\u00e9m n\u00e3o deixar aparelhos no modo stand by ligados quando n\u00e3o estiver usando. Se for usar o ferro de passar, procure juntar a maior quantidade de roupas de uma s\u00f3 vez, para que n\u00e3o precise esquentar o ferro novamente. Fa\u00e7a o mesmo com a m\u00e1quina de lavar.<\/p>\n<p style=\"text-align: justify;\">\u2013 Vigiar os aparelhos de celular e notebooks enquanto recarregam a bateria tamb\u00e9m \u00e9 fundamental para n\u00e3o deixar os equipamentos na tomada mais tempo do que o necess\u00e1rio. Nas pequenas pausas, desligue o monitor do computador, j\u00e1 que ele \u00e9 respons\u00e1vel por cerca de 70% do consumo de energia do equipamento.<\/p>\n<p style=\"text-align: justify;\">\u2013 Outra dica \u00e9 prestar aten\u00e7\u00e3o aos equipamentos el\u00e9tricos para mant\u00ea-los funcionando apenas quando for necess\u00e1rio. \u00c9 comum, por exemplo, as pessoas deixarem TV e computadores ligados ao mesmo tempo, sem estarem usando os dois equipamentos.<\/p>\n<p style=\"text-align: justify;\">Vale lembrar que um grande volume de aparelhos ligados ao mesmo tempo pode ocasionar uma sobrecarga na rede. Isso \u00e9 mais comum em edifica\u00e7\u00f5es antigas, que n\u00e3o foram preparadas para a demanda de energia atual, mas tamb\u00e9m pode ocorrer em im\u00f3veis novos.<\/p>\n<p style=\"text-align: justify;\">Aproveite o tempo em casa junto \u00e0 fam\u00edlia e cuidando de todos. Jogos de tabuleiro, livros e uma boa conversa s\u00e3o \u00f3timas op\u00e7\u00f5es para esse momento, principalmente para evitar o uso excessivo de jogos eletr\u00f4nicos, como videogames, por exemplo. Toda atitude, por mais simples que pare\u00e7a, pode fazer uma grande diferen\u00e7a nesse per\u00edodo.<\/p>\n<p style=\"text-align: justify;\">Caso precise falar com a Energisa, voc\u00ea pode entrar em contato pela Gisa, nossa atendente virtual no WhatsApp, pelo aplicativo Energisa On ou pelo site da Energisa.<\/p>\n<p style=\"text-align: justify;\">Fonte: Ascom\/Energisa<\/p>\n<p><a href=\"https:\/\/senoticias.com.br\/se\/wp-content\/uploads\/2020\/04\/Logo-novo-fone-1.jpg\"><img loading=\"lazy\" decoding=\"async\" class=\"alignnone size-full wp-image-122816\" src=\"https:\/\/senoticias.com.br\/se\/wp-content\/uploads\/2020\/04\/Logo-novo-fone-1.jpg\" alt=\"\" width=\"599\" height=\"78\" srcset=\"https:\/\/senoticias.com.br\/se\/wp-content\/uploads\/2020\/04\/Logo-novo-fone-1.jpg 599w, https:\/\/senoticias.com.br\/se\/wp-content\/uploads\/2020\/04\/Logo-novo-fone-1-300x39.jpg 300w\" sizes=\"(max-width: 599px) 100vw, 599px\" \/><\/a><\/p>\n<p><em><strong>Acompanhe tamb\u00e9m o SE Not\u00edcias no\u00a0<a href=\"https:\/\/www.instagram.com\/senoticias\/\">Instagram<\/a>,\u00a0<a href=\"https:\/\/twitter.com\/home\">Twitter<\/a>\u00a0e no\u00a0<a href=\"https:\/\/web.facebook.com\/senoticias1\/\">Facebook<\/a><\/strong><\/em><\/p>\n","protected":false},"excerpt":{"rendered":"<p>Com o cen\u00e1rio atual de pandemia de coronav\u00edrus e o pedido para que as pessoas evitem aglomera\u00e7\u00f5es, \u00f3rg\u00e3os p\u00fablicos como Minist\u00e9rio da Sa\u00fade e Secretaria Estadual de Sa\u00fade est\u00e3o recomendando que todos fiquem em casa. Por isso \u00e9 importante saber como economizar energia e fazer com que a conta caiba no seu bolso. Confira algumas [&hellip;]<\/p>\n","protected":false},"author":6557,"featured_media":0,"comment_status":"closed","ping_status":"closed","sticky":false,"template":"","format":"standard","meta":{"footnotes":""},"categories":[15],"tags":[6734,14576,607,14577],"class_list":{"0":"post-123129","1":"post","2":"type-post","3":"status-publish","4":"format-standard","6":"category-destaques","7":"tag-dicas","8":"tag-economizar","9":"tag-energia","10":"tag-isolamento"},"_links":{"self":[{"href":"https:\/\/senoticias.com.br\/se\/wp-json\/wp\/v2\/posts\/123129"}],"collection":[{"href":"https:\/\/senoticias.com.br\/se\/wp-json\/wp\/v2\/posts"}],"about":[{"href":"https:\/\/senoticias.com.br\/se\/wp-json\/wp\/v2\/types\/post"}],"author":[{"embeddable":true,"href":"https:\/\/senoticias.com.br\/se\/wp-json\/wp\/v2\/users\/6557"}],"replies":[{"embeddable":true,"href":"https:\/\/senoticias.com.br\/se\/wp-json\/wp\/v2\/comments?post=123129"}],"version-history":[{"count":0,"href":"https:\/\/senoticias.com.br\/se\/wp-json\/wp\/v2\/posts\/123129\/revisions"}],"wp:attachment":[{"href":"https:\/\/senoticias.com.br\/se\/wp-json\/wp\/v2\/media?parent=123129"}],"wp:term":[{"taxonomy":"category","embeddable":true,"href":"https:\/\/senoticias.com.br\/se\/wp-json\/wp\/v2\/categories?post=123129"},{"taxonomy":"post_tag","embeddable":true,"href":"https:\/\/senoticias.com.br\/se\/wp-json\/wp\/v2\/tags?post=123129"}],"curies":[{"name":"wp","href":"https:\/\/api.w.org\/{rel}","templated":true}]}}