{"id":123127,"date":"2020-05-01T12:41:46","date_gmt":"2020-05-01T15:41:46","guid":{"rendered":"https:\/\/senoticias.com.br\/se\/?p=123127"},"modified":"2020-05-01T12:48:58","modified_gmt":"2020-05-01T15:48:58","slug":"defender-o-abre-tudo-na-economia-e-defender-tambem-o-abre-covas-afirma-gualberto","status":"publish","type":"post","link":"https:\/\/senoticias.com.br\/se\/defender-o-abre-tudo-na-economia-e-defender-tambem-o-abre-covas-afirma-gualberto\/","title":{"rendered":"Defender o \u2018abre-tudo\u2019 na economia \u00e9 defender tamb\u00e9m o \u2018abre-covas, afirma Gualberto"},"content":{"rendered":"<p style=\"font-weight: 400; text-align: justify;\">A insistente cobran\u00e7a por uma maior flexibiliza\u00e7\u00e3o do decreto governamental em rela\u00e7\u00e3o \u00e0s medidas de isolamento social, principalmente no que diz respeito \u00e0 reabertura do com\u00e9rcio, \u00e9 motivo de indigna\u00e7\u00e3o do deputado estadual Francisco Gualberto (PT). Durante sess\u00e3o remota, atrav\u00e9s de videoconfer\u00eancia, com o secretario de Estado da Sa\u00fade, Valberto de Oliveira, o deputado disse que \u201cdefender o \u2018abre-tudo\u2019 na economia \u00e9 defender tamb\u00e9m o \u2018abre-covas\u2019\u201d.<\/p>\n<div id=\"attachment_123131\" style=\"width: 609px\" class=\"wp-caption alignnone\"><a href=\"https:\/\/senoticias.com.br\/se\/wp-content\/uploads\/2020\/05\/20200430_125111-e1588347860534.jpg\"><img loading=\"lazy\" decoding=\"async\" aria-describedby=\"caption-attachment-123131\" class=\"size-full wp-image-123131\" src=\"https:\/\/senoticias.com.br\/se\/wp-content\/uploads\/2020\/05\/20200430_125111-e1588347860534.jpg\" alt=\"\" width=\"599\" height=\"366\" \/><\/a><p id=\"caption-attachment-123131\" class=\"wp-caption-text\">Gualberto critica empres\u00e1rios do &#8216;abre-covas&#8217; (foto: ascom\/Gualberto)<\/p><\/div>\n<p style=\"font-weight: 400; text-align: justify;\">O deputado ficou preocupado quando ouviu do secret\u00e1rio a seguinte frase: \u201cA gente sabe das press\u00f5es que o governador recebe nesse momento em rela\u00e7\u00e3o a como tratar essa tem\u00e1tica do coronav\u00edrus\u201d. Al\u00e9m disso, Gualberto viu na imprensa local representantes do setor comercial de Sergipe fazendo coment\u00e1rios sobre os decretos do governador Belivaldo Chagas e entendendo que para eles o \u00faltimo decreto j\u00e1 tr\u00e1s a expectativa de que o famoso \u2018abre-tudo\u2019 logo acontecer\u00e1.<\/p>\n<p style=\"font-weight: 400; text-align: justify;\">\u201cO mundo inteiro n\u00e3o ser\u00e1 o mesmo ap\u00f3s essa pandemia. Nem do ponto de vista da sa\u00fade humana, porque muitos seres humanos desaparecer\u00e3o da Terra, nem do ponto de vista da economia. Esse \u00e9 um momento no qual a humanidade n\u00e3o vislumbra um cen\u00e1rio ideal para isso tudo\u201d, comentou, em tom de cr\u00edtica aos empres\u00e1rios. \u201cO que podemos pensar com racionalidade \u00e9 que haja a possibilidade de travar uma luta para escolher o cen\u00e1rio menos pior\u201d, disse o deputado.<\/p>\n<p style=\"font-weight: 400; text-align: justify;\">Com base nos cen\u00e1rios atuais, Francisco Gualberto defende a seguinte tese: \u201centre uma crise econ\u00f4mica, que pode ser restabelecida depois, e um n\u00famero alto de pessoas que v\u00e3o morrer em Sergipe, no Brasil e no mundo, ou que poder\u00e3o morrer pelo \u2018abre-tudo\u2019, eu falo com tranquilidade: os vivos ajudar\u00e3o a recuperar a economia futuramente, mas a economia n\u00e3o recuperar\u00e1 as vidas que ser\u00e3o perdidas\u201d.<\/p>\n<p style=\"font-weight: 400; text-align: justify;\">O deputado tamb\u00e9m revelou que lhe chamou a aten\u00e7\u00e3o o fato de um deputado federal por Sergipe ter coordenado uma reuni\u00e3o com autoridades neste momento de pandemia, mas as reivindica\u00e7\u00f5es eram relativas ao mercado financeiro. \u201cPor isso n\u00f3s precisamos fortalecer o outro lado. Todos temos consci\u00eancia no mundo todo de que o afastamento social \u00e9 importante. \u00c9 fundamental para salvar vidas nesse momento\u201d, frisou Gualberto, que tamb\u00e9m se indignou com informa\u00e7\u00f5es do secret\u00e1rio de sa\u00fade sobre os pre\u00e7os cobrados por aparelhos respiradores. Nas \u00faltimas semanas, segundo Valberto de Oliveira, variou de R$ 30 mil, no in\u00edcio da pandemia do Covid-19, e hoje as empresas cobram at\u00e9 R$ 250 mil por um \u00fanico aparelho.<\/p>\n<p style=\"font-weight: 400; text-align: justify;\">\u201cNesse momento n\u00f3s deputados temos que prestar aten\u00e7\u00e3o que o mercado cuida de lucro, e n\u00e3o de sa\u00fade. Cuida de movimenta\u00e7\u00e3o financeira e econ\u00f4mica pelos seus neg\u00f3cios. E n\u00f3s estamos num momento de trag\u00e9dia, e n\u00e3o podemos ceder a determinadas press\u00f5es\u201d, disse o deputado. \u201cN\u00f3s sabemos que defender o \u2018abre-tudo\u2019 \u00e9 defender tamb\u00e9m muita abertura de covas para que as pessoas sejam sepultadas. Por isso precisamos defender o Governo de Sergipe para que tome medidas nas quais a vida esteja em primeiro lugar. E em segundo lugar pode estar qualquer outra coisa, inclusive a economia\u201d, afirmou Gualberto.<\/p>\n<p style=\"font-weight: 400; text-align: justify;\">O deputado anunciou que na pr\u00f3xima sess\u00e3o remota da Assembleia Legislativa vai apresentar um requerimento de declara\u00e7\u00e3o de apoio a qualquer decreto do governador Belivaldo Chagas que continue buscando preservar vida em primeiro lugar. Ele vai pedir aos colegas parlamentares que assinem tamb\u00e9m este requerimento. \u201cN\u00e3o sou economista, mas sei que uma crise na economia pode ser revertida. Mas s\u00f3 ser\u00e1 revertida com pessoas vivas\u201d, disse o deputado.<\/p>\n<p>&nbsp;<\/p>\n<p>&nbsp;<\/p>\n<p><a href=\"https:\/\/senoticias.com.br\/se\/wp-content\/uploads\/2020\/04\/Logo-novo-fone-1.jpg\"><img loading=\"lazy\" decoding=\"async\" class=\"alignnone size-full wp-image-122816\" src=\"https:\/\/senoticias.com.br\/se\/wp-content\/uploads\/2020\/04\/Logo-novo-fone-1.jpg\" alt=\"\" width=\"599\" height=\"78\" srcset=\"https:\/\/senoticias.com.br\/se\/wp-content\/uploads\/2020\/04\/Logo-novo-fone-1.jpg 599w, https:\/\/senoticias.com.br\/se\/wp-content\/uploads\/2020\/04\/Logo-novo-fone-1-300x39.jpg 300w\" sizes=\"(max-width: 599px) 100vw, 599px\" \/><\/a><\/p>\n<p>&nbsp;<\/p>\n<p><em><strong>Acompanhe tamb\u00e9m o SE Not\u00edcias no\u00a0<a href=\"https:\/\/www.instagram.com\/senoticias\/\">Instagram<\/a>,\u00a0<a href=\"https:\/\/twitter.com\/home\">Twitter<\/a>\u00a0e no\u00a0<a href=\"https:\/\/web.facebook.com\/senoticias1\/\">Facebook<\/a><\/strong><\/em><\/p>\n<p style=\"font-weight: 400;\"><em>Por\u00a0 Gilson Sousa,\u00a0 da assessoria de imprensa \u2013 DRT 660\/SE<\/em><\/p>\n","protected":false},"excerpt":{"rendered":"<p>A insistente cobran\u00e7a por uma maior flexibiliza\u00e7\u00e3o do decreto governamental em rela\u00e7\u00e3o \u00e0s medidas de isolamento social, principalmente no que diz respeito \u00e0 reabertura do com\u00e9rcio, \u00e9 motivo de indigna\u00e7\u00e3o do deputado estadual Francisco Gualberto (PT). Durante sess\u00e3o remota, atrav\u00e9s de videoconfer\u00eancia, com o secretario de Estado da Sa\u00fade, Valberto de Oliveira, o deputado disse [&hellip;]<\/p>\n","protected":false},"author":6552,"featured_media":123131,"comment_status":"closed","ping_status":"closed","sticky":false,"template":"","format":"standard","meta":{"footnotes":""},"categories":[15,6,1],"tags":[14578,14228,14566,4244,14369,14579],"class_list":{"0":"post-123127","1":"post","2":"type-post","3":"status-publish","4":"format-standard","5":"has-post-thumbnail","7":"category-destaques","8":"category-politica","9":"category-sem-categoria","10":"tag-coronaviru","11":"tag-deputado-gualberto","12":"tag-fique-em-casa","13":"tag-francisco-gualberto","14":"tag-pandemia","15":"tag-vovid19"},"_links":{"self":[{"href":"https:\/\/senoticias.com.br\/se\/wp-json\/wp\/v2\/posts\/123127"}],"collection":[{"href":"https:\/\/senoticias.com.br\/se\/wp-json\/wp\/v2\/posts"}],"about":[{"href":"https:\/\/senoticias.com.br\/se\/wp-json\/wp\/v2\/types\/post"}],"author":[{"embeddable":true,"href":"https:\/\/senoticias.com.br\/se\/wp-json\/wp\/v2\/users\/6552"}],"replies":[{"embeddable":true,"href":"https:\/\/senoticias.com.br\/se\/wp-json\/wp\/v2\/comments?post=123127"}],"version-history":[{"count":0,"href":"https:\/\/senoticias.com.br\/se\/wp-json\/wp\/v2\/posts\/123127\/revisions"}],"wp:featuredmedia":[{"embeddable":true,"href":"https:\/\/senoticias.com.br\/se\/wp-json\/wp\/v2\/media\/123131"}],"wp:attachment":[{"href":"https:\/\/senoticias.com.br\/se\/wp-json\/wp\/v2\/media?parent=123127"}],"wp:term":[{"taxonomy":"category","embeddable":true,"href":"https:\/\/senoticias.com.br\/se\/wp-json\/wp\/v2\/categories?post=123127"},{"taxonomy":"post_tag","embeddable":true,"href":"https:\/\/senoticias.com.br\/se\/wp-json\/wp\/v2\/tags?post=123127"}],"curies":[{"name":"wp","href":"https:\/\/api.w.org\/{rel}","templated":true}]}}