{"id":123098,"date":"2020-04-29T08:59:53","date_gmt":"2020-04-29T11:59:53","guid":{"rendered":"https:\/\/senoticias.com.br\/se\/?p=123098"},"modified":"2020-04-29T08:59:53","modified_gmt":"2020-04-29T11:59:53","slug":"retorno-do-comercio-vai-ocorrer-conforme-ocupacao-dos-leitos-diz-pma","status":"publish","type":"post","link":"https:\/\/senoticias.com.br\/se\/retorno-do-comercio-vai-ocorrer-conforme-ocupacao-dos-leitos-diz-pma\/","title":{"rendered":"Retorno do com\u00e9rcio vai ocorrer conforme ocupa\u00e7\u00e3o dos leitos, diz PMA"},"content":{"rendered":"<p style=\"text-align: justify;\">Um dia ap\u00f3s o Governo do Estado autorizar o retorno de alguns setores do com\u00e9rcio, como escrit\u00f3rios de advocacia, lojas de joias, eletrodom\u00e9sticos e consult\u00f3rios m\u00e9dicos, o prefeito de Aracaju, Edvaldo Nogueira, afirmou em live atrav\u00e9s das redes sociais que a PMA vai refor\u00e7ar a fiscaliza\u00e7\u00e3o para que n\u00e3o haja aglomera\u00e7\u00f5es e que as medidas de seguran\u00e7a e prote\u00e7\u00e3o contra a Covid-19, exigidas para o retorno desses servi\u00e7os, sejam cumpridas.<\/p>\n<div id=\"attachment_123099\" style=\"width: 560px\" class=\"wp-caption aligncenter\"><a href=\"https:\/\/senoticias.com.br\/se\/wp-content\/uploads\/2020\/04\/centrodearacaju_fotosergiosilva_aan_020420-1.jpg\"><img loading=\"lazy\" decoding=\"async\" aria-describedby=\"caption-attachment-123099\" class=\"size-full wp-image-123099\" src=\"https:\/\/senoticias.com.br\/se\/wp-content\/uploads\/2020\/04\/centrodearacaju_fotosergiosilva_aan_020420-1.jpg\" alt=\"\" width=\"550\" height=\"366\" srcset=\"https:\/\/senoticias.com.br\/se\/wp-content\/uploads\/2020\/04\/centrodearacaju_fotosergiosilva_aan_020420-1.jpg 550w, https:\/\/senoticias.com.br\/se\/wp-content\/uploads\/2020\/04\/centrodearacaju_fotosergiosilva_aan_020420-1-300x200.jpg 300w, https:\/\/senoticias.com.br\/se\/wp-content\/uploads\/2020\/04\/centrodearacaju_fotosergiosilva_aan_020420-1-90x60.jpg 90w, https:\/\/senoticias.com.br\/se\/wp-content\/uploads\/2020\/04\/centrodearacaju_fotosergiosilva_aan_020420-1-180x120.jpg 180w, https:\/\/senoticias.com.br\/se\/wp-content\/uploads\/2020\/04\/centrodearacaju_fotosergiosilva_aan_020420-1-95x64.jpg 95w\" sizes=\"(max-width: 550px) 100vw, 550px\" \/><\/a><p id=\"caption-attachment-123099\" class=\"wp-caption-text\">Foto: Imagem\/reprodu\u00e7\u00e3o internet<\/p><\/div>\n<p style=\"text-align: justify;\">Durante a live, Edvaldo informou que a Prefeitura j\u00e1 pensa em retorno do com\u00e9rcio para a segunda semana de maio, mas isso s\u00f3 ser\u00e1 definido a partir de um estudo do impacto da abertura do com\u00e9rcio que, segundo o prefeito, ser\u00e1 conclu\u00eddo nesta quinta-feira. Quando estiver com o resultado do estudo, o prefeito pretende conversar com os setores comerciais e o governador Belivaldo Chagas sobre o assunto, mas refor\u00e7ou que a ocupa\u00e7\u00e3o dos leitos nos hospitais ser\u00e1 um term\u00f4metro para avaliar a abertura, perman\u00eancia ou n\u00e3o da atividade comercial considera n\u00e3o essencial. \u201cTudo isso tem que ser feito de maneira cient\u00edfica, pensada e estruturada, para que a gente n\u00e3o tenha uma explos\u00e3o de casos\u201d, afirmou.Tamb\u00e9m em transmiss\u00e3o ao vivo feita em redes sociais, o governador Belivaldo Chagas refor\u00e7ou a ideia. \u201cSe a gente perceber que est\u00e1 havendo aglomera\u00e7\u00f5es nesses setores, se as medidas n\u00e3o estiverem sendo respeitadas, na mesma hora a gente pode fazer um novo decreto determinando o fechamento do com\u00e9rcio\u201d, explica.<\/p>\n<p style=\"text-align: justify;\">O decreto estadual anunciado nesta segunda-feira, 28, al\u00e9m de permitir o retorno de alguns setores do com\u00e9rcio, tamb\u00e9m obriga toda popula\u00e7\u00e3o a utilizar m\u00e1scaras ao transitar em ambientes p\u00fablicos. O prefeito de Aracaju afirmou que tamb\u00e9m vai incluir a medida no decreto municipal, refor\u00e7ando que passageiros de \u00f4nibus, motoristas e cobradores, tamb\u00e9m ter\u00e3o que fazer uso das m\u00e1scaras.<\/p>\n<p style=\"text-align: justify;\">Por \u00cdcaro Novaes\/ <a href=\"https:\/\/infonet.com.br\/noticias\/economia\/retorno-do-comercio-vai-ocorrer-conforme-ocupacao-dos-leitos-diz-pma\/\">Portal Infonet\u00a0<\/a><\/p>\n<p><a href=\"https:\/\/senoticias.com.br\/se\/wp-content\/uploads\/2020\/04\/Logo-novo-fone-1.jpg\"><img loading=\"lazy\" decoding=\"async\" class=\"alignnone size-full wp-image-122816\" src=\"https:\/\/senoticias.com.br\/se\/wp-content\/uploads\/2020\/04\/Logo-novo-fone-1.jpg\" alt=\"\" width=\"599\" height=\"78\" srcset=\"https:\/\/senoticias.com.br\/se\/wp-content\/uploads\/2020\/04\/Logo-novo-fone-1.jpg 599w, https:\/\/senoticias.com.br\/se\/wp-content\/uploads\/2020\/04\/Logo-novo-fone-1-300x39.jpg 300w\" sizes=\"(max-width: 599px) 100vw, 599px\" \/><\/a><\/p>\n<p><em><strong>Acompanhe tamb\u00e9m o SE Not\u00edcias no\u00a0<a href=\"https:\/\/www.instagram.com\/senoticias\/\">Instagram<\/a>,\u00a0<a href=\"https:\/\/twitter.com\/home\">Twitter<\/a>\u00a0e no\u00a0<a href=\"https:\/\/web.facebook.com\/senoticias1\/\">Facebook<\/a>\u00a0<\/strong><\/em><\/p>\n<p>&nbsp;<\/p>\n<p>&nbsp;<\/p>\n","protected":false},"excerpt":{"rendered":"<p>Um dia ap\u00f3s o Governo do Estado autorizar o retorno de alguns setores do com\u00e9rcio, como escrit\u00f3rios de advocacia, lojas de joias, eletrodom\u00e9sticos e consult\u00f3rios m\u00e9dicos, o prefeito de Aracaju, Edvaldo Nogueira, afirmou em live atrav\u00e9s das redes sociais que a PMA vai refor\u00e7ar a fiscaliza\u00e7\u00e3o para que n\u00e3o haja aglomera\u00e7\u00f5es e que as medidas [&hellip;]<\/p>\n","protected":false},"author":6557,"featured_media":0,"comment_status":"closed","ping_status":"closed","sticky":false,"template":"","format":"standard","meta":{"footnotes":""},"categories":[15],"tags":[2863,14558,3478],"class_list":{"0":"post-123098","1":"post","2":"type-post","3":"status-publish","4":"format-standard","6":"category-destaques","7":"tag-comercio","8":"tag-leitos","9":"tag-retorno"},"_links":{"self":[{"href":"https:\/\/senoticias.com.br\/se\/wp-json\/wp\/v2\/posts\/123098"}],"collection":[{"href":"https:\/\/senoticias.com.br\/se\/wp-json\/wp\/v2\/posts"}],"about":[{"href":"https:\/\/senoticias.com.br\/se\/wp-json\/wp\/v2\/types\/post"}],"author":[{"embeddable":true,"href":"https:\/\/senoticias.com.br\/se\/wp-json\/wp\/v2\/users\/6557"}],"replies":[{"embeddable":true,"href":"https:\/\/senoticias.com.br\/se\/wp-json\/wp\/v2\/comments?post=123098"}],"version-history":[{"count":0,"href":"https:\/\/senoticias.com.br\/se\/wp-json\/wp\/v2\/posts\/123098\/revisions"}],"wp:attachment":[{"href":"https:\/\/senoticias.com.br\/se\/wp-json\/wp\/v2\/media?parent=123098"}],"wp:term":[{"taxonomy":"category","embeddable":true,"href":"https:\/\/senoticias.com.br\/se\/wp-json\/wp\/v2\/categories?post=123098"},{"taxonomy":"post_tag","embeddable":true,"href":"https:\/\/senoticias.com.br\/se\/wp-json\/wp\/v2\/tags?post=123098"}],"curies":[{"name":"wp","href":"https:\/\/api.w.org\/{rel}","templated":true}]}}