{"id":123065,"date":"2020-04-27T12:25:10","date_gmt":"2020-04-27T15:25:10","guid":{"rendered":"https:\/\/senoticias.com.br\/se\/?p=123065"},"modified":"2020-04-27T12:36:28","modified_gmt":"2020-04-27T15:36:28","slug":"com-medo-do-coronavirus-servidores-denunciam-que-samu-nao-oferece-testagem","status":"publish","type":"post","link":"https:\/\/senoticias.com.br\/se\/com-medo-do-coronavirus-servidores-denunciam-que-samu-nao-oferece-testagem\/","title":{"rendered":"Com medo do coronav\u00edrus, servidores denunciam que SAMU n\u00e3o oferece testagem"},"content":{"rendered":"<p>Os servidores do Servi\u00e7o de Atendimento M\u00f3vel de Urg\u00eancia \u2013 <strong>SAMU<\/strong>, buscaram a reda\u00e7\u00e3o do Portal <strong>SE Not\u00edcias<\/strong> para denunciar que a equipe n\u00e3o est\u00e1 tendo acesso a testagem que confirma ou nega a exist\u00eancia do novo coranav\u00edrus no corpo, e que seguem trabalhando apreensivos.<\/p>\n<div id=\"attachment_123066\" style=\"width: 560px\" class=\"wp-caption aligncenter\"><a href=\"https:\/\/senoticias.com.br\/se\/wp-content\/uploads\/2020\/04\/332016ba-9bc5-4925-b7e2-39d59b5216f5-e1588000792913.jpg\"><img loading=\"lazy\" decoding=\"async\" aria-describedby=\"caption-attachment-123066\" class=\"size-full wp-image-123066\" src=\"https:\/\/senoticias.com.br\/se\/wp-content\/uploads\/2020\/04\/332016ba-9bc5-4925-b7e2-39d59b5216f5-e1588000792913.jpg\" alt=\"\" width=\"550\" height=\"367\" \/><\/a><p id=\"caption-attachment-123066\" class=\"wp-caption-text\">\u201cTotal descaso e abandono por parte da gest\u00e3o. Somos &#8220;her\u00f3is&#8221; no momento de servirmos a sociedade, mas esquecidos quando mais precisamos\u201d, relatam angustiados. Foto: Imagem\/ reprodu\u00e7\u00e3o internet<\/p><\/div>\n<p>De acordo com as informa\u00e7\u00f5es repassadas, um dos profissionais apresentou sintomas, e ao realizar o teste, deu positivo. A solicita\u00e7\u00e3o dos servidores \u00e9 para que tenham acesso a testagem mesmo antes da apari\u00e7\u00e3o da doen\u00e7a, uma vez que o trabalho consiste em atender pessoas, e que ainda que sejam tomadas todas as medidas de preven\u00e7\u00e3o, podem correr o risco de serem contaminados pela Covid-19.<\/p>\n<p>Ainda segundo os servidores, o ambiente de trabalhado \u00e9 pequeno e n\u00e3o tem ventila\u00e7\u00e3o. \u201cA chance de sermos contaminados pelo v\u00edrus \u00e9 grande, pois n\u00e3o conseguimos, ao menos, manter a dist\u00e2ncia estabelecida\u201d, relata.<\/p>\n<p><strong>Resposta<\/strong><\/p>\n<p>Em nota, a superintendente do SAMU, Karina Mendon\u00e7a, informa que a orienta\u00e7\u00e3o repassada pela Vigil\u00e2ncia Sanit\u00e1ria e Minist\u00e9rio da Sa\u00fade, \u00e9 a de que, em caso de suspeita, o funcion\u00e1rio seja afastado, procure uma unidade de sa\u00fade, realize o teste e apresente o atestado.<\/p>\n<p>Por Yslla Vanessa\/ Reda\u00e7\u00e3o SE Not\u00edcias<\/p>\n<p><a href=\"https:\/\/senoticias.com.br\/se\/wp-content\/uploads\/2020\/04\/Logo-novo-fone-1.jpg\"><img loading=\"lazy\" decoding=\"async\" class=\"alignnone size-full wp-image-122816\" src=\"https:\/\/senoticias.com.br\/se\/wp-content\/uploads\/2020\/04\/Logo-novo-fone-1.jpg\" alt=\"\" width=\"599\" height=\"78\" srcset=\"https:\/\/senoticias.com.br\/se\/wp-content\/uploads\/2020\/04\/Logo-novo-fone-1.jpg 599w, https:\/\/senoticias.com.br\/se\/wp-content\/uploads\/2020\/04\/Logo-novo-fone-1-300x39.jpg 300w\" sizes=\"(max-width: 599px) 100vw, 599px\" \/><\/a><\/p>\n<p><em><strong>Acompanhe tamb\u00e9m o SE Not\u00edcias no\u00a0<a href=\"https:\/\/www.instagram.com\/senoticias\/\">Instagram<\/a>,\u00a0<a href=\"https:\/\/twitter.com\/home\">Twitter<\/a>\u00a0e no\u00a0<a href=\"https:\/\/web.facebook.com\/senoticias1\/\">Facebook<\/a>\u00a0\u00a0<\/strong><\/em><\/p>\n<p>&nbsp;<\/p>\n","protected":false},"excerpt":{"rendered":"<p>Os servidores do Servi\u00e7o de Atendimento M\u00f3vel de Urg\u00eancia \u2013 SAMU, buscaram a reda\u00e7\u00e3o do Portal SE Not\u00edcias para denunciar que a equipe n\u00e3o est\u00e1 tendo acesso a testagem que confirma ou nega a exist\u00eancia do novo coranav\u00edrus no corpo, e que seguem trabalhando apreensivos. De acordo com as informa\u00e7\u00f5es repassadas, um dos profissionais apresentou [&hellip;]<\/p>\n","protected":false},"author":6557,"featured_media":0,"comment_status":"closed","ping_status":"closed","sticky":false,"template":"","format":"standard","meta":{"footnotes":""},"categories":[15,20],"tags":[14123,4621,4479,2936,14531],"class_list":{"0":"post-123065","1":"post","2":"type-post","3":"status-publish","4":"format-standard","6":"category-destaques","7":"category-saude","8":"tag-coronavirus","9":"tag-denuncia","10":"tag-samu","11":"tag-servidores","12":"tag-testagem"},"_links":{"self":[{"href":"https:\/\/senoticias.com.br\/se\/wp-json\/wp\/v2\/posts\/123065"}],"collection":[{"href":"https:\/\/senoticias.com.br\/se\/wp-json\/wp\/v2\/posts"}],"about":[{"href":"https:\/\/senoticias.com.br\/se\/wp-json\/wp\/v2\/types\/post"}],"author":[{"embeddable":true,"href":"https:\/\/senoticias.com.br\/se\/wp-json\/wp\/v2\/users\/6557"}],"replies":[{"embeddable":true,"href":"https:\/\/senoticias.com.br\/se\/wp-json\/wp\/v2\/comments?post=123065"}],"version-history":[{"count":0,"href":"https:\/\/senoticias.com.br\/se\/wp-json\/wp\/v2\/posts\/123065\/revisions"}],"wp:attachment":[{"href":"https:\/\/senoticias.com.br\/se\/wp-json\/wp\/v2\/media?parent=123065"}],"wp:term":[{"taxonomy":"category","embeddable":true,"href":"https:\/\/senoticias.com.br\/se\/wp-json\/wp\/v2\/categories?post=123065"},{"taxonomy":"post_tag","embeddable":true,"href":"https:\/\/senoticias.com.br\/se\/wp-json\/wp\/v2\/tags?post=123065"}],"curies":[{"name":"wp","href":"https:\/\/api.w.org\/{rel}","templated":true}]}}