{"id":123061,"date":"2020-04-27T08:04:02","date_gmt":"2020-04-27T11:04:02","guid":{"rendered":"https:\/\/senoticias.com.br\/se\/?p=123061"},"modified":"2020-04-27T08:10:40","modified_gmt":"2020-04-27T11:10:40","slug":"pm-flagra-festa-na-barra-dos-coqueiros-com-cerca-de-60-pessoas-durante-pandemia-do-coronavirus","status":"publish","type":"post","link":"https:\/\/senoticias.com.br\/se\/pm-flagra-festa-na-barra-dos-coqueiros-com-cerca-de-60-pessoas-durante-pandemia-do-coronavirus\/","title":{"rendered":"PM flagra festa na Barra dos Coqueiros com cerca de 60 pessoas durante pandemia do coronav\u00edrus"},"content":{"rendered":"<p style=\"text-align: justify;\">A Pol\u00edcia Militar Sergipe informou, neste domingo (26), que flagrou a realiza\u00e7\u00e3o de uma festa, na noite deste s\u00e1bado (25), com cerca de 60 pessoas no munic\u00edpio da Barra dos Coqueiros (SE). A aglomera\u00e7\u00e3o contraria as medidas de isolamento social durante o per\u00edodo de pandemia que fazem parte do decreto do governo estadual.<\/p>\n<div id=\"attachment_123063\" style=\"width: 560px\" class=\"wp-caption aligncenter\"><a href=\"https:\/\/senoticias.com.br\/se\/wp-content\/uploads\/2020\/04\/silhueta-de-um-publico-de-festa_1048-9714-1-e1587985827985.jpg\"><img loading=\"lazy\" decoding=\"async\" aria-describedby=\"caption-attachment-123063\" class=\"size-full wp-image-123063\" src=\"https:\/\/senoticias.com.br\/se\/wp-content\/uploads\/2020\/04\/silhueta-de-um-publico-de-festa_1048-9714-1-e1587985827985.jpg\" alt=\"\" width=\"550\" height=\"367\" \/><\/a><p id=\"caption-attachment-123063\" class=\"wp-caption-text\">Foto ilustrativa. Imagem\/ reprodu\u00e7\u00e3o internet<\/p><\/div>\n<p style=\"text-align: justify;\">Segundo o major Matheus Soares Massotti, uma equipe da 2\u00aa Companhia Independente de Pol\u00edcia Militar foi acionada para atender a uma ocorr\u00eancia, inicialmente de furto de celular, mas ao chegar a resid\u00eancia onde estava a v\u00edtima a equipe se deparou com uma outra ocorr\u00eancia. \u201cNo local, estavam reunidas cerca de 60 pessoas. Um flagrante de desobedi\u00eancia do decreto estadual estabelecido para o combate ao coronav\u00edrus\u201d, explicou.<\/p>\n<p style=\"text-align: justify;\">Ainda de acordo com ele, a guarni\u00e7\u00e3o fez a revista pessoal em todos que estavam na casa, resgatou o celular que havia sido furtado, e contra os respons\u00e1veis pela festa foi lavrado um Termo Circunstanciado de Ocorr\u00eancia (TCO) por desobedi\u00eancia ao decreto.<\/p>\n<p>Por G1 Sergipe<\/p>\n<p><a href=\"https:\/\/senoticias.com.br\/se\/wp-content\/uploads\/2020\/04\/Logo-novo-fone-1.jpg\"><img loading=\"lazy\" decoding=\"async\" class=\"alignnone size-full wp-image-122816\" src=\"https:\/\/senoticias.com.br\/se\/wp-content\/uploads\/2020\/04\/Logo-novo-fone-1.jpg\" alt=\"\" width=\"599\" height=\"78\" srcset=\"https:\/\/senoticias.com.br\/se\/wp-content\/uploads\/2020\/04\/Logo-novo-fone-1.jpg 599w, https:\/\/senoticias.com.br\/se\/wp-content\/uploads\/2020\/04\/Logo-novo-fone-1-300x39.jpg 300w\" sizes=\"(max-width: 599px) 100vw, 599px\" \/><\/a><\/p>\n<p><em><strong>Acompanhe tamb\u00e9m o SE Not\u00edcias no\u00a0<a href=\"https:\/\/www.instagram.com\/senoticias\/\">Instagram<\/a>,\u00a0<a href=\"https:\/\/twitter.com\/home\">Twitter<\/a>\u00a0e no\u00a0<a href=\"https:\/\/web.facebook.com\/senoticias1\/\">Facebook<\/a>\u00a0<\/strong><\/em><\/p>\n","protected":false},"excerpt":{"rendered":"<p>A Pol\u00edcia Militar Sergipe informou, neste domingo (26), que flagrou a realiza\u00e7\u00e3o de uma festa, na noite deste s\u00e1bado (25), com cerca de 60 pessoas no munic\u00edpio da Barra dos Coqueiros (SE). A aglomera\u00e7\u00e3o contraria as medidas de isolamento social durante o per\u00edodo de pandemia que fazem parte do decreto do governo estadual. Segundo o [&hellip;]<\/p>\n","protected":false},"author":6557,"featured_media":0,"comment_status":"closed","ping_status":"closed","sticky":false,"template":"","format":"standard","meta":{"footnotes":""},"categories":[15],"tags":[3141,1745,10865,14369,2952],"class_list":{"0":"post-123061","1":"post","2":"type-post","3":"status-publish","4":"format-standard","6":"category-destaques","7":"tag-barra-dos-coqueiros","8":"tag-festa","9":"tag-flagra","10":"tag-pandemia","11":"tag-pm"},"_links":{"self":[{"href":"https:\/\/senoticias.com.br\/se\/wp-json\/wp\/v2\/posts\/123061"}],"collection":[{"href":"https:\/\/senoticias.com.br\/se\/wp-json\/wp\/v2\/posts"}],"about":[{"href":"https:\/\/senoticias.com.br\/se\/wp-json\/wp\/v2\/types\/post"}],"author":[{"embeddable":true,"href":"https:\/\/senoticias.com.br\/se\/wp-json\/wp\/v2\/users\/6557"}],"replies":[{"embeddable":true,"href":"https:\/\/senoticias.com.br\/se\/wp-json\/wp\/v2\/comments?post=123061"}],"version-history":[{"count":0,"href":"https:\/\/senoticias.com.br\/se\/wp-json\/wp\/v2\/posts\/123061\/revisions"}],"wp:attachment":[{"href":"https:\/\/senoticias.com.br\/se\/wp-json\/wp\/v2\/media?parent=123061"}],"wp:term":[{"taxonomy":"category","embeddable":true,"href":"https:\/\/senoticias.com.br\/se\/wp-json\/wp\/v2\/categories?post=123061"},{"taxonomy":"post_tag","embeddable":true,"href":"https:\/\/senoticias.com.br\/se\/wp-json\/wp\/v2\/tags?post=123061"}],"curies":[{"name":"wp","href":"https:\/\/api.w.org\/{rel}","templated":true}]}}