{"id":123025,"date":"2020-04-23T19:01:45","date_gmt":"2020-04-23T22:01:45","guid":{"rendered":"https:\/\/senoticias.com.br\/se\/?p=123025"},"modified":"2020-04-23T19:01:45","modified_gmt":"2020-04-23T22:01:45","slug":"marcio-doria-diz-que-administracao-de-propria-poderia-ter-adotado-outras-medidas-mas-preferiu-suspender-contratos-dos-professores","status":"publish","type":"post","link":"https:\/\/senoticias.com.br\/se\/marcio-doria-diz-que-administracao-de-propria-poderia-ter-adotado-outras-medidas-mas-preferiu-suspender-contratos-dos-professores\/","title":{"rendered":"M\u00e1rcio D\u00f3ria diz que administra\u00e7\u00e3o de Propri\u00e1 poderia ter adotado outras medidas, mas preferiu suspender contratos dos professores"},"content":{"rendered":"<p style=\"text-align: justify;\">O pr\u00e9-candidato a prefeito de Propri\u00e1, <strong>M\u00e1rcio D\u00f3ria (PT)<\/strong>, recebeu com muita indigna\u00e7\u00e3o a not\u00edcia de que os professores contratados atrav\u00e9s do Processo Seletivo Simplificado \u2013PSS, tiveram os seus contratos suspensos pelo Prefeito Iokanaan Santana, neste momento ca\u00f3tico e de incertezas em que vivem diversas fam\u00edlias.<\/p>\n<div id=\"attachment_123026\" style=\"width: 560px\" class=\"wp-caption aligncenter\"><a href=\"https:\/\/senoticias.com.br\/se\/wp-content\/uploads\/2020\/04\/pp-e1587679259452.jpg\"><img loading=\"lazy\" decoding=\"async\" aria-describedby=\"caption-attachment-123026\" class=\"size-full wp-image-123026\" src=\"https:\/\/senoticias.com.br\/se\/wp-content\/uploads\/2020\/04\/pp-e1587679259452.jpg\" alt=\"\" width=\"550\" height=\"550\" \/><\/a><p id=\"caption-attachment-123026\" class=\"wp-caption-text\">\u201c\u00c9 uma gest\u00e3o descompromissada e desumana, a ponto de suspender contratados no momento em que as pessoas mais precisam\u201d, avalia o pr\u00e9-candidato. Foto: Assessoria<\/p><\/div>\n<p style=\"text-align: justify;\">M\u00e1rcio D\u00f3ria (PT) questiona o fato de que a gest\u00e3o municipal poderia ter tido sensibilidade e adotado outras medidas para evitar as suspens\u00f5es dos contratos com os professores. \u201cO Prefeito poderia ter cortado gratifica\u00e7\u00f5es ou mesmo ter se reunido com a categoria para uma poss\u00edvel negocia\u00e7\u00e3o no sentido de reduzir os sal\u00e1rios, dentre outras medidas que mantivessem os contratos, mas nada disso foi feito. Fica claro que a intens\u00e3o era realmente realizar a suspens\u00e3o, fato absurdo, at\u00e9 porque estamos falando de profissionais extremamente essenciais para a educa\u00e7\u00e3o de um munic\u00edpio\u201d.<\/p>\n<p style=\"text-align: justify;\">O pr\u00e9-candidato M\u00e1rcio D\u00f3ria ainda chama aten\u00e7\u00e3o para contrata\u00e7\u00f5es feitas pelo prefeito de Propri\u00e1 nos \u00faltimos dias. \u201cO gestor fez contrata\u00e7\u00f5es recentemente visando o interesse pol\u00edtico, onde diversas pessoas foram cooptadas, mas na hora de defender os professores simplesmente suspende os contratos e deixa os profissionais a merc\u00ea da sorte, esse \u00e9 o quadro da atual administra\u00e7\u00e3o descompromissada com a sociedade Propriaense\u201d.<\/p>\n<p style=\"text-align: justify;\">M\u00e1rcio D\u00f3ria (PT) v\u00ea como maldade a atitude de Iokanaan, e disse que o decreto municipal retroagiu seus efeitos para o dia 02 de abril, impossibilitando que os professores recebam qualquer vencimento no atual m\u00eas.<\/p>\n<p>\u201cAl\u00e9m da falta de pagamento, a medida tardia do gestor impediu que os professores tivessem acesso ao auxilio emergencial do Governo Federal, o que demonstra a total incompet\u00eancia dessa gest\u00e3o\u201d, outro ponto defendido pelo pr\u00e9-candidato.<\/p>\n<p>Por Assessoria de Comunica\u00e7\u00e3o\/ M\u00e1rcio D\u00f3ria<\/p>\n<p style=\"text-align: justify;\"><a href=\"https:\/\/senoticias.com.br\/se\/wp-content\/uploads\/2020\/04\/Logo-novo-fone-1.jpg\"><img loading=\"lazy\" decoding=\"async\" class=\"alignnone size-full wp-image-122816\" src=\"https:\/\/senoticias.com.br\/se\/wp-content\/uploads\/2020\/04\/Logo-novo-fone-1.jpg\" alt=\"\" width=\"599\" height=\"78\" srcset=\"https:\/\/senoticias.com.br\/se\/wp-content\/uploads\/2020\/04\/Logo-novo-fone-1.jpg 599w, https:\/\/senoticias.com.br\/se\/wp-content\/uploads\/2020\/04\/Logo-novo-fone-1-300x39.jpg 300w\" sizes=\"(max-width: 599px) 100vw, 599px\" \/><\/a><\/p>\n","protected":false},"excerpt":{"rendered":"<p>O pr\u00e9-candidato a prefeito de Propri\u00e1, M\u00e1rcio D\u00f3ria (PT), recebeu com muita indigna\u00e7\u00e3o a not\u00edcia de que os professores contratados atrav\u00e9s do Processo Seletivo Simplificado \u2013PSS, tiveram os seus contratos suspensos pelo Prefeito Iokanaan Santana, neste momento ca\u00f3tico e de incertezas em que vivem diversas fam\u00edlias. M\u00e1rcio D\u00f3ria (PT) questiona o fato de que a [&hellip;]<\/p>\n","protected":false},"author":6557,"featured_media":0,"comment_status":"closed","ping_status":"closed","sticky":false,"template":"","format":"standard","meta":{"footnotes":""},"categories":[15,6],"tags":[3378,14516,14410,14234,709,9329],"class_list":{"0":"post-123025","1":"post","2":"type-post","3":"status-publish","4":"format-standard","6":"category-destaques","7":"category-politica","8":"tag-administracao","9":"tag-diz","10":"tag-marcio-doria","11":"tag-medidas","12":"tag-propria","13":"tag-pss"},"_links":{"self":[{"href":"https:\/\/senoticias.com.br\/se\/wp-json\/wp\/v2\/posts\/123025"}],"collection":[{"href":"https:\/\/senoticias.com.br\/se\/wp-json\/wp\/v2\/posts"}],"about":[{"href":"https:\/\/senoticias.com.br\/se\/wp-json\/wp\/v2\/types\/post"}],"author":[{"embeddable":true,"href":"https:\/\/senoticias.com.br\/se\/wp-json\/wp\/v2\/users\/6557"}],"replies":[{"embeddable":true,"href":"https:\/\/senoticias.com.br\/se\/wp-json\/wp\/v2\/comments?post=123025"}],"version-history":[{"count":0,"href":"https:\/\/senoticias.com.br\/se\/wp-json\/wp\/v2\/posts\/123025\/revisions"}],"wp:attachment":[{"href":"https:\/\/senoticias.com.br\/se\/wp-json\/wp\/v2\/media?parent=123025"}],"wp:term":[{"taxonomy":"category","embeddable":true,"href":"https:\/\/senoticias.com.br\/se\/wp-json\/wp\/v2\/categories?post=123025"},{"taxonomy":"post_tag","embeddable":true,"href":"https:\/\/senoticias.com.br\/se\/wp-json\/wp\/v2\/tags?post=123025"}],"curies":[{"name":"wp","href":"https:\/\/api.w.org\/{rel}","templated":true}]}}