{"id":123010,"date":"2020-04-23T09:14:13","date_gmt":"2020-04-23T12:14:13","guid":{"rendered":"https:\/\/senoticias.com.br\/se\/?p=123010"},"modified":"2020-04-23T09:14:13","modified_gmt":"2020-04-23T12:14:13","slug":"cma-derruba-veto-e-isenta-iptu-para-pessoas-com-doencas-graves","status":"publish","type":"post","link":"https:\/\/senoticias.com.br\/se\/cma-derruba-veto-e-isenta-iptu-para-pessoas-com-doencas-graves\/","title":{"rendered":"CMA derruba veto e isenta IPTU para pessoas com doen\u00e7as graves"},"content":{"rendered":"<p style=\"text-align: justify;\">Pessoas com doen\u00e7as graves ou que tenham dependentes nesta condi\u00e7\u00e3o ter\u00e3o direito \u00e0 isen\u00e7\u00e3o no Imposto Predial e Territorial Urbano (IPTU). \u00c9 que os vereadores derrubaram nesta quarta-feira, 22, durante sess\u00e3o on-line, o veto do prefeito Edvaldo Nogueira ao projeto de lei.<\/p>\n<div id=\"attachment_123011\" style=\"width: 560px\" class=\"wp-caption aligncenter\"><a href=\"https:\/\/senoticias.com.br\/se\/wp-content\/uploads\/2020\/04\/vereadores_sessaoonline_fotocesardeoliveira_220420-e1587643940638.jpg\"><img loading=\"lazy\" decoding=\"async\" aria-describedby=\"caption-attachment-123011\" class=\"size-full wp-image-123011\" src=\"https:\/\/senoticias.com.br\/se\/wp-content\/uploads\/2020\/04\/vereadores_sessaoonline_fotocesardeoliveira_220420-e1587643940638.jpg\" alt=\"\" width=\"550\" height=\"261\" \/><\/a><p id=\"caption-attachment-123011\" class=\"wp-caption-text\">Vereadores apreciam cinco vetos do Executivo na 1\u00aa Sess\u00e3o On-line na hist\u00f3ria da CMA (Foto: C\u00e9sar de Oliveira)<\/p><\/div>\n<p style=\"text-align: justify;\">Na defesa pela derrubada do veto, o vereador Cabo Amintas, autor do projeto, disse que a isen\u00e7\u00e3o seria uma maneira de o poder p\u00fablico aliviar a dor dos convalescentes. O veto foi derrubado por 22 votos e uma absten\u00e7\u00e3o.Tamb\u00e9m foi derrubado o veto ao projeto de autoria do vereador Z\u00e9 Valter (PSD), que cria em Aracaju o marco regulat\u00f3rio municipal da economia solid\u00e1ria, a pol\u00edtica e o sistema municipal de economia solid\u00e1ria. O projeto visa desenvolver a\u00e7\u00f5es para a gera\u00e7\u00e3o de trabalho e renda, na perspectiva de uma melhoria da qualidade de vida e inclus\u00e3o social das pessoas, tendo a economia popular, criativa e solid\u00e1ria como base.<\/p>\n<p style=\"text-align: justify;\">Tr\u00eas projetos foram vetados. S\u00e3o eles: o PL 303\/2018, de Elber Batalha, que estabelecia regime de caixa como regra de tributa\u00e7\u00e3o na identifica\u00e7\u00e3o na base de c\u00e1lculo do ISQN (ISS) para o segmento da educa\u00e7\u00e3o ou sistema privado de ensino; O PL 266\/2017, de autoria de Am\u00e9rico de Deus, que disp\u00f5e sobre o Fomento ao Teatro com objetivo de apoiar a manuten\u00e7\u00e3o e a cria\u00e7\u00e3o de projetos de trabalho continuado de produ\u00e7\u00e3o teatral, visando o desenvolvimento e o melhor acesso da popula\u00e7\u00e3o ao mesmo; o PL11\/2019, de Nitinho Vitale, que regula o com\u00e9rcio ambulante.<\/p>\n<p style=\"text-align: justify;\">Por Verlane Est\u00e1cio com informa\u00e7\u00f5es da CMA<\/p>\n<p><a href=\"https:\/\/senoticias.com.br\/se\/wp-content\/uploads\/2020\/04\/Logo-novo-fone-1.jpg\"><img loading=\"lazy\" decoding=\"async\" class=\"alignnone size-full wp-image-122816\" src=\"https:\/\/senoticias.com.br\/se\/wp-content\/uploads\/2020\/04\/Logo-novo-fone-1.jpg\" alt=\"\" width=\"599\" height=\"78\" srcset=\"https:\/\/senoticias.com.br\/se\/wp-content\/uploads\/2020\/04\/Logo-novo-fone-1.jpg 599w, https:\/\/senoticias.com.br\/se\/wp-content\/uploads\/2020\/04\/Logo-novo-fone-1-300x39.jpg 300w\" sizes=\"(max-width: 599px) 100vw, 599px\" \/><\/a><\/p>\n","protected":false},"excerpt":{"rendered":"<p>Pessoas com doen\u00e7as graves ou que tenham dependentes nesta condi\u00e7\u00e3o ter\u00e3o direito \u00e0 isen\u00e7\u00e3o no Imposto Predial e Territorial Urbano (IPTU). \u00c9 que os vereadores derrubaram nesta quarta-feira, 22, durante sess\u00e3o on-line, o veto do prefeito Edvaldo Nogueira ao projeto de lei. Na defesa pela derrubada do veto, o vereador Cabo Amintas, autor do projeto, [&hellip;]<\/p>\n","protected":false},"author":6557,"featured_media":0,"comment_status":"closed","ping_status":"closed","sticky":false,"template":"","format":"standard","meta":{"footnotes":""},"categories":[15,6],"tags":[5137,14511,4282,9275,10320,14510],"class_list":{"0":"post-123010","1":"post","2":"type-post","3":"status-publish","4":"format-standard","6":"category-destaques","7":"category-politica","8":"tag-cma","9":"tag-doenca-graves","10":"tag-iptu","11":"tag-isencao","12":"tag-pessoas","13":"tag-veto"},"_links":{"self":[{"href":"https:\/\/senoticias.com.br\/se\/wp-json\/wp\/v2\/posts\/123010"}],"collection":[{"href":"https:\/\/senoticias.com.br\/se\/wp-json\/wp\/v2\/posts"}],"about":[{"href":"https:\/\/senoticias.com.br\/se\/wp-json\/wp\/v2\/types\/post"}],"author":[{"embeddable":true,"href":"https:\/\/senoticias.com.br\/se\/wp-json\/wp\/v2\/users\/6557"}],"replies":[{"embeddable":true,"href":"https:\/\/senoticias.com.br\/se\/wp-json\/wp\/v2\/comments?post=123010"}],"version-history":[{"count":0,"href":"https:\/\/senoticias.com.br\/se\/wp-json\/wp\/v2\/posts\/123010\/revisions"}],"wp:attachment":[{"href":"https:\/\/senoticias.com.br\/se\/wp-json\/wp\/v2\/media?parent=123010"}],"wp:term":[{"taxonomy":"category","embeddable":true,"href":"https:\/\/senoticias.com.br\/se\/wp-json\/wp\/v2\/categories?post=123010"},{"taxonomy":"post_tag","embeddable":true,"href":"https:\/\/senoticias.com.br\/se\/wp-json\/wp\/v2\/tags?post=123010"}],"curies":[{"name":"wp","href":"https:\/\/api.w.org\/{rel}","templated":true}]}}