{"id":122987,"date":"2020-04-22T10:50:22","date_gmt":"2020-04-22T13:50:22","guid":{"rendered":"https:\/\/senoticias.com.br\/se\/?p=122987"},"modified":"2020-04-22T17:41:23","modified_gmt":"2020-04-22T20:41:23","slug":"prefeitura-de-nossa-senhora-do-socorro-diz-que-ira-liberar-abertura-de-templos-religiosos","status":"publish","type":"post","link":"https:\/\/senoticias.com.br\/se\/prefeitura-de-nossa-senhora-do-socorro-diz-que-ira-liberar-abertura-de-templos-religiosos\/","title":{"rendered":"Prefeitura de Nossa Senhora do Socorro autoriza reabertura de templos religiosos"},"content":{"rendered":"<p style=\"text-align: justify;\">O prefeito do munic\u00edpio de Nossa Senhora do Socorro, Inaldo Silva, baixou um decreto nesta quarta-feira, 22, autorizando a reabertura dos templos religiosos na cidade. Segundo o texto do decreto n\u00ba 20.095, a medida visa a retomada gradual das atividades religiosas em virtude da pandemia do novo coronav\u00edrus (Covid-19).<\/p>\n<div id=\"attachment_122656\" style=\"width: 460px\" class=\"wp-caption alignnone\"><a href=\"https:\/\/senoticias.com.br\/se\/wp-content\/uploads\/2020\/03\/26mar2020-coronavirus-muda-rotina-de-fieis-igreja-evangelica-vazia-na-zona-norte-do-rio-1585272885445_v2_450x600.jpg\"><img loading=\"lazy\" decoding=\"async\" aria-describedby=\"caption-attachment-122656\" class=\"size-full wp-image-122656\" src=\"https:\/\/senoticias.com.br\/se\/wp-content\/uploads\/2020\/03\/26mar2020-coronavirus-muda-rotina-de-fieis-igreja-evangelica-vazia-na-zona-norte-do-rio-1585272885445_v2_450x600.jpg\" alt=\"\" width=\"450\" height=\"600\" srcset=\"https:\/\/senoticias.com.br\/se\/wp-content\/uploads\/2020\/03\/26mar2020-coronavirus-muda-rotina-de-fieis-igreja-evangelica-vazia-na-zona-norte-do-rio-1585272885445_v2_450x600.jpg 450w, https:\/\/senoticias.com.br\/se\/wp-content\/uploads\/2020\/03\/26mar2020-coronavirus-muda-rotina-de-fieis-igreja-evangelica-vazia-na-zona-norte-do-rio-1585272885445_v2_450x600-225x300.jpg 225w\" sizes=\"(max-width: 450px) 100vw, 450px\" \/><\/a><p id=\"caption-attachment-122656\" class=\"wp-caption-text\">Prefeitura de Socorro permite abertura de templos religiosos. (foto: arquivo\/Barreto Filho\/UOL)<\/p><\/div>\n<p style=\"text-align: justify;\">Embora a medida comece a valer j\u00e1 nesta quarta, o decreto municipal ressaltou que \u00e9 necess\u00e1rio o cumprimento de algumas medidas preventivas. S\u00e3o elas:<\/p>\n<p style=\"text-align: justify;\">\u2013 O hor\u00e1rio de funcionamento das atividades religiosas deve ser entre \u00e0s 06h e \u00e0s 22h para todas as celebra\u00e7\u00f5es de cunho religioso que acontecem diariamente. Ainda segundo o decreto, deve ser respeitado o intervalo de 1h30 entre uma celebra\u00e7\u00e3o e outra;<\/p>\n<p>\u2013 Higieniza\u00e7\u00e3o do local antes e depois de cada celebra\u00e7\u00e3o religiosa;<\/p>\n<p style=\"text-align: justify;\">\u2013 Respeito \u00e0 lota\u00e7\u00e3o m\u00e1xima de 30% da capacidade total do local, bem como distanciamento m\u00ednimo de 2m entre uma pessoa e outra;<\/p>\n<p style=\"text-align: justify;\">\u2013 Oferta de produtos para higiene das m\u00e3os, como \u00e1gua e sab\u00e3o ou \u00e1lcool em gel 70%;<\/p>\n<p style=\"text-align: justify;\">_ Utiliza\u00e7\u00e3o obrigat\u00f3ria de m\u00e1scaras para todos os membros das institui\u00e7\u00f5es religiosas, bem como para os frequentadores das celebra\u00e7\u00f5es;<\/p>\n<p style=\"text-align: justify;\">O decreto deixa claro ainda que durante a realiza\u00e7\u00e3o das atividades religiosas \u00e9 aconselh\u00e1vel diminuir o uso do ar-condicionado, devendo, neste caso, manter no m\u00ednimo uma porta e uma janela aberta para uma maior circula\u00e7\u00e3o do ar. Al\u00e9m de evitar, quando poss\u00edvel, a presen\u00e7a de pessoas que fazem parte do grupo de risco, como idosos, nas celebra\u00e7\u00f5es religiosos.<\/p>\n<p style=\"text-align: justify;\">A Arquidiocese de Sergipe, por sua vez, afirmou que as igrejas cat\u00f3licas v\u00e3o continuar fechadas, seguindo o decreto do governo do estado.<\/p>\n<p>&nbsp;<\/p>\n<p style=\"text-align: justify;\"><a href=\"https:\/\/senoticias.com.br\/se\/wp-content\/uploads\/2020\/04\/Logo-novo-fone-1.jpg\"><img loading=\"lazy\" decoding=\"async\" class=\"alignnone size-full wp-image-122816\" src=\"https:\/\/senoticias.com.br\/se\/wp-content\/uploads\/2020\/04\/Logo-novo-fone-1.jpg\" alt=\"\" width=\"599\" height=\"78\" srcset=\"https:\/\/senoticias.com.br\/se\/wp-content\/uploads\/2020\/04\/Logo-novo-fone-1.jpg 599w, https:\/\/senoticias.com.br\/se\/wp-content\/uploads\/2020\/04\/Logo-novo-fone-1-300x39.jpg 300w\" sizes=\"(max-width: 599px) 100vw, 599px\" \/><\/a><\/p>\n<p style=\"text-align: justify;\"><em><strong>Acompanhe tamb\u00e9m o SE Not\u00edcias no\u00a0<a href=\"https:\/\/www.instagram.com\/senoticias\/\">Instagram<\/a>,\u00a0<a href=\"https:\/\/twitter.com\/home\">Twitter<\/a>\u00a0e no\u00a0<a href=\"https:\/\/web.facebook.com\/senoticias1\/\">Facebook<\/a><\/strong><\/em><\/p>\n<p><em>Mat\u00e9ria produzida pelo jornalista\u00a0Jo\u00e3o Paulo Schneider, <a href=\"https:\/\/infonet.com.br\/noticias\/cidade\/prefeitura-de-socorro-autoriza-reabertura-de-templos-religiosos\/\"><strong>portal Infonet<\/strong><\/a><\/em><\/p>\n<p>&nbsp;<\/p>\n<p>&nbsp;<\/p>\n","protected":false},"excerpt":{"rendered":"<p>O prefeito do munic\u00edpio de Nossa Senhora do Socorro, Inaldo Silva, baixou um decreto nesta quarta-feira, 22, autorizando a reabertura dos templos religiosos na cidade. Segundo o texto do decreto n\u00ba 20.095, a medida visa a retomada gradual das atividades religiosas em virtude da pandemia do novo coronav\u00edrus (Covid-19). Embora a medida comece a valer [&hellip;]<\/p>\n","protected":false},"author":6557,"featured_media":122656,"comment_status":"closed","ping_status":"closed","sticky":false,"template":"","format":"standard","meta":{"footnotes":""},"categories":[15,46],"tags":[5603,350,2650,14501],"class_list":{"0":"post-122987","1":"post","2":"type-post","3":"status-publish","4":"format-standard","5":"has-post-thumbnail","7":"category-destaques","8":"category-religiao","9":"tag-abertura","10":"tag-igrejas","11":"tag-nossa-senhora-do-socorro","12":"tag-templo-religioso"},"_links":{"self":[{"href":"https:\/\/senoticias.com.br\/se\/wp-json\/wp\/v2\/posts\/122987"}],"collection":[{"href":"https:\/\/senoticias.com.br\/se\/wp-json\/wp\/v2\/posts"}],"about":[{"href":"https:\/\/senoticias.com.br\/se\/wp-json\/wp\/v2\/types\/post"}],"author":[{"embeddable":true,"href":"https:\/\/senoticias.com.br\/se\/wp-json\/wp\/v2\/users\/6557"}],"replies":[{"embeddable":true,"href":"https:\/\/senoticias.com.br\/se\/wp-json\/wp\/v2\/comments?post=122987"}],"version-history":[{"count":0,"href":"https:\/\/senoticias.com.br\/se\/wp-json\/wp\/v2\/posts\/122987\/revisions"}],"wp:featuredmedia":[{"embeddable":true,"href":"https:\/\/senoticias.com.br\/se\/wp-json\/wp\/v2\/media\/122656"}],"wp:attachment":[{"href":"https:\/\/senoticias.com.br\/se\/wp-json\/wp\/v2\/media?parent=122987"}],"wp:term":[{"taxonomy":"category","embeddable":true,"href":"https:\/\/senoticias.com.br\/se\/wp-json\/wp\/v2\/categories?post=122987"},{"taxonomy":"post_tag","embeddable":true,"href":"https:\/\/senoticias.com.br\/se\/wp-json\/wp\/v2\/tags?post=122987"}],"curies":[{"name":"wp","href":"https:\/\/api.w.org\/{rel}","templated":true}]}}