{"id":122952,"date":"2020-04-18T12:54:00","date_gmt":"2020-04-18T15:54:00","guid":{"rendered":"https:\/\/senoticias.com.br\/se\/?p=122952"},"modified":"2020-04-18T12:54:00","modified_gmt":"2020-04-18T15:54:00","slug":"governo-de-sergipe-confirma-quinto-obito-por-coronavirus-e-mais-13-casos-confirmados","status":"publish","type":"post","link":"https:\/\/senoticias.com.br\/se\/governo-de-sergipe-confirma-quinto-obito-por-coronavirus-e-mais-13-casos-confirmados\/","title":{"rendered":"Governo de Sergipe confirma quinto \u00f3bito por Coronav\u00edrus e mais 13 casos confirmados"},"content":{"rendered":"<p style=\"text-align: justify;\">Faleceu neste s\u00e1bado, 18, o paciente de 36 anos que estava internado no Hospital de Urg\u00eancia de Sergipe (Huse) com Covid-19. Ele era do munic\u00edpio de Itabaianinha. Com este, sobe para cinco o n\u00famero de \u00f3bitos no Estado. A Secretaria de Estado da Sa\u00fade tamb\u00e9m confirmou mais 13 casos confirmados<\/p>\n<div id=\"attachment_122728\" style=\"width: 609px\" class=\"wp-caption alignnone\"><a href=\"https:\/\/senoticias.com.br\/se\/wp-content\/uploads\/2020\/04\/Coronav\u00edrus-Foto-Mauricio-Bazilio-SES-RJ-1-e1585820289529.jpg\"><img loading=\"lazy\" decoding=\"async\" aria-describedby=\"caption-attachment-122728\" class=\"size-full wp-image-122728\" src=\"https:\/\/senoticias.com.br\/se\/wp-content\/uploads\/2020\/04\/Coronav\u00edrus-Foto-Mauricio-Bazilio-SES-RJ-1-e1585820289529.jpg\" alt=\"\" width=\"599\" height=\"337\" \/><\/a><p id=\"caption-attachment-122728\" class=\"wp-caption-text\">SES confirma quinto \u00f3bito por Covid-19 (foto: ag\u00eancia Brasil)<\/p><\/div>\n<p style=\"text-align: justify;\">S\u00e3o oito pacientes de Aracaju: tr\u00eas mulheres, de 41, 39 e 54 anos (esta \u00faltima profissional de sa\u00fade); tr\u00eas homens de 34, 41 e 44 anos. Tanto os homens como as mulheres est\u00e3o em isolamento domiciliar, exceto o de 44 anos que j\u00e1 recebeu alta. Ele tamb\u00e9m \u00e9 profissional de sa\u00fade.<\/p>\n<p style=\"text-align: justify;\">Em Aracaju tamb\u00e9m tem duas crian\u00e7as menores de um ano que est\u00e3o hospitalizadas na rede p\u00fablica de sa\u00fade.<\/p>\n<p style=\"text-align: justify;\">No interior s\u00e3o cinco casos, sendo tr\u00eas homens: de 41 anos (Indiaroba); de 28 anos (Itabaianinha); e 64 anos (Itabaiana); e duas mulheres de 38 anos (S\u00e3o Crist\u00f3v\u00e3o, profissional de sa\u00fade) e 79 anos (Itaporanga D\u2019Ajuda). Todos cumprem isolamento domiciliar. Com estes, Sergipe para a ter 71 casos confirmados da doen\u00e7a.<\/p>\n<p>&nbsp;<\/p>\n<p><a href=\"https:\/\/senoticias.com.br\/se\/wp-content\/uploads\/2020\/04\/Logo-novo-fone-1.jpg\"><img loading=\"lazy\" decoding=\"async\" class=\"alignnone size-full wp-image-122816\" src=\"https:\/\/senoticias.com.br\/se\/wp-content\/uploads\/2020\/04\/Logo-novo-fone-1.jpg\" alt=\"\" width=\"599\" height=\"78\" srcset=\"https:\/\/senoticias.com.br\/se\/wp-content\/uploads\/2020\/04\/Logo-novo-fone-1.jpg 599w, https:\/\/senoticias.com.br\/se\/wp-content\/uploads\/2020\/04\/Logo-novo-fone-1-300x39.jpg 300w\" sizes=\"(max-width: 599px) 100vw, 599px\" \/><\/a><\/p>\n<p>&nbsp;<\/p>\n<p><em><strong>Acompanhe tamb\u00e9m o SE Not\u00edcias no\u00a0<a href=\"https:\/\/www.instagram.com\/senoticias\/\">Instagram<\/a>,\u00a0<a href=\"https:\/\/twitter.com\/home\">Twitter<\/a>\u00a0e no\u00a0<a href=\"https:\/\/web.facebook.com\/senoticias1\/\">Facebook<\/a><\/strong><\/em><\/p>\n<p>&nbsp;<\/p>\n<p><em>Informa\u00e7\u00f5es da Secretaria de Estado da Sa\u00fade<\/em><\/p>\n","protected":false},"excerpt":{"rendered":"<p>Faleceu neste s\u00e1bado, 18, o paciente de 36 anos que estava internado no Hospital de Urg\u00eancia de Sergipe (Huse) com Covid-19. Ele era do munic\u00edpio de Itabaianinha. Com este, sobe para cinco o n\u00famero de \u00f3bitos no Estado. A Secretaria de Estado da Sa\u00fade tamb\u00e9m confirmou mais 13 casos confirmados S\u00e3o oito pacientes de Aracaju: [&hellip;]<\/p>\n","protected":false},"author":6552,"featured_media":122453,"comment_status":"closed","ping_status":"closed","sticky":false,"template":"","format":"standard","meta":{"footnotes":""},"categories":[15,6],"tags":[14123,14482,14483],"class_list":{"0":"post-122952","1":"post","2":"type-post","3":"status-publish","4":"format-standard","5":"has-post-thumbnail","7":"category-destaques","8":"category-politica","9":"tag-coronavirus","10":"tag-quinta-morte-por-covid19","11":"tag-quinta-morte-por-covid19-em-sergipe"},"_links":{"self":[{"href":"https:\/\/senoticias.com.br\/se\/wp-json\/wp\/v2\/posts\/122952"}],"collection":[{"href":"https:\/\/senoticias.com.br\/se\/wp-json\/wp\/v2\/posts"}],"about":[{"href":"https:\/\/senoticias.com.br\/se\/wp-json\/wp\/v2\/types\/post"}],"author":[{"embeddable":true,"href":"https:\/\/senoticias.com.br\/se\/wp-json\/wp\/v2\/users\/6552"}],"replies":[{"embeddable":true,"href":"https:\/\/senoticias.com.br\/se\/wp-json\/wp\/v2\/comments?post=122952"}],"version-history":[{"count":0,"href":"https:\/\/senoticias.com.br\/se\/wp-json\/wp\/v2\/posts\/122952\/revisions"}],"wp:featuredmedia":[{"embeddable":true,"href":"https:\/\/senoticias.com.br\/se\/wp-json\/wp\/v2\/media\/122453"}],"wp:attachment":[{"href":"https:\/\/senoticias.com.br\/se\/wp-json\/wp\/v2\/media?parent=122952"}],"wp:term":[{"taxonomy":"category","embeddable":true,"href":"https:\/\/senoticias.com.br\/se\/wp-json\/wp\/v2\/categories?post=122952"},{"taxonomy":"post_tag","embeddable":true,"href":"https:\/\/senoticias.com.br\/se\/wp-json\/wp\/v2\/tags?post=122952"}],"curies":[{"name":"wp","href":"https:\/\/api.w.org\/{rel}","templated":true}]}}