{"id":122883,"date":"2020-04-13T21:14:20","date_gmt":"2020-04-14T00:14:20","guid":{"rendered":"https:\/\/senoticias.com.br\/se\/?p=122883"},"modified":"2020-04-13T21:15:15","modified_gmt":"2020-04-14T00:15:15","slug":"aracaju-registra-mais-um-caso-de-coronavirus-total-em-sergipe-sobe-para-45","status":"publish","type":"post","link":"https:\/\/senoticias.com.br\/se\/aracaju-registra-mais-um-caso-de-coronavirus-total-em-sergipe-sobe-para-45\/","title":{"rendered":"Aracaju registra mais um caso de Coronav\u00edrus; total em Sergipe sobe para 45"},"content":{"rendered":"<p style=\"text-align: justify;\">A Secretaria de Estado da Sa\u00fade (SES) confirmou nesta<strong> segunda-feira, 13<\/strong>, mais um caso de Coronav\u00edrus. Trata-se de uma <strong>mulher de 50 anos, moradora de Aracaju<\/strong>. Ela est\u00e1 clinicamente bem e cumpre isolamento domiciliar. <strong>Sergipe tem agora 45 casos confirmados<\/strong>.<\/p>\n<p style=\"text-align: justify;\">O n\u00famero de pessoas curadas, aquelas que foram diagnosticadas com Covid-19, cumpriram quarentena, e se recuperaram, chegou a 26. Do total de exames realizados, 613 foram negativados.<\/p>\n<p style=\"text-align: justify;\">A SES informa que seis pessoas continuam hospitalizadas, quatro em Unidade de Terapia Intensiva (UTI) e duas em enfermaria. O n\u00famero de \u00f3bitos permanece em quatro.<\/p>\n<div id=\"attachment_122884\" style=\"width: 609px\" class=\"wp-caption alignnone\"><a href=\"https:\/\/senoticias.com.br\/se\/wp-content\/uploads\/2020\/04\/50a28fd2-8a55-4820-8b34-06f949a119c3-e1586823091100.jpg\"><img loading=\"lazy\" decoding=\"async\" aria-describedby=\"caption-attachment-122884\" class=\"size-full wp-image-122884\" src=\"https:\/\/senoticias.com.br\/se\/wp-content\/uploads\/2020\/04\/50a28fd2-8a55-4820-8b34-06f949a119c3-e1586823091100.jpg\" alt=\"\" width=\"599\" height=\"599\" \/><\/a><p id=\"caption-attachment-122884\" class=\"wp-caption-text\">Aracaju registra mais um caso confirmado de Coronav\u00edrus<\/p><\/div>\n<p><strong>Panorama Covid-19 em SE<\/strong><\/p>\n<p>Confirmados: 45<br \/>\nAracaju: 36<br \/>\nPropri\u00e1: 02<br \/>\nPacatuba: 02<br \/>\nNossa Senhora da Gl\u00f3ria: 02<br \/>\nCapela: 01<br \/>\nItabaiana: 01<br \/>\nSim\u00e3o Dias: 01<\/p>\n<p>Negativados: 613<\/p>\n<p>Receberam alta: 26<\/p>\n<p><strong>\u00d3bitos: 04<\/strong><\/p>\n<div class=\"container marge-abaixo outros_destaques d-none d-sm-block\"><\/div>\n<div><\/div>\n<div><a href=\"https:\/\/senoticias.com.br\/se\/wp-content\/uploads\/2020\/04\/Logo-novo-fone-1.jpg\"><img loading=\"lazy\" decoding=\"async\" class=\"alignnone size-full wp-image-122816\" src=\"https:\/\/senoticias.com.br\/se\/wp-content\/uploads\/2020\/04\/Logo-novo-fone-1.jpg\" alt=\"\" width=\"599\" height=\"78\" srcset=\"https:\/\/senoticias.com.br\/se\/wp-content\/uploads\/2020\/04\/Logo-novo-fone-1.jpg 599w, https:\/\/senoticias.com.br\/se\/wp-content\/uploads\/2020\/04\/Logo-novo-fone-1-300x39.jpg 300w\" sizes=\"(max-width: 599px) 100vw, 599px\" \/><\/a><\/div>\n<div><\/div>\n<div><em><strong>Acompanhe tamb\u00e9m o SE Not\u00edcias no\u00a0<a href=\"https:\/\/www.instagram.com\/senoticias\/\">Instagram<\/a>,\u00a0<a href=\"https:\/\/twitter.com\/home\">Twitter<\/a>\u00a0e no\u00a0<a href=\"https:\/\/web.facebook.com\/senoticias1\/\">Facebook<\/a><\/strong><\/em><\/div>\n<div><\/div>\n<div>Ag\u00eancia Sergipe de Not\u00edcias<\/div>\n","protected":false},"excerpt":{"rendered":"<p>A Secretaria de Estado da Sa\u00fade (SES) confirmou nesta segunda-feira, 13, mais um caso de Coronav\u00edrus. Trata-se de uma mulher de 50 anos, moradora de Aracaju. Ela est\u00e1 clinicamente bem e cumpre isolamento domiciliar. Sergipe tem agora 45 casos confirmados. O n\u00famero de pessoas curadas, aquelas que foram diagnosticadas com Covid-19, cumpriram quarentena, e se [&hellip;]<\/p>\n","protected":false},"author":6552,"featured_media":122884,"comment_status":"closed","ping_status":"closed","sticky":false,"template":"","format":"standard","meta":{"footnotes":""},"categories":[15,6],"tags":[14451,339,14123,14279],"class_list":{"0":"post-122883","1":"post","2":"type-post","3":"status-publish","4":"format-standard","5":"has-post-thumbnail","7":"category-destaques","8":"category-politica","9":"tag-45-casos-de-coronavirus","10":"tag-aracaju","11":"tag-coronavirus","12":"tag-covid19"},"_links":{"self":[{"href":"https:\/\/senoticias.com.br\/se\/wp-json\/wp\/v2\/posts\/122883"}],"collection":[{"href":"https:\/\/senoticias.com.br\/se\/wp-json\/wp\/v2\/posts"}],"about":[{"href":"https:\/\/senoticias.com.br\/se\/wp-json\/wp\/v2\/types\/post"}],"author":[{"embeddable":true,"href":"https:\/\/senoticias.com.br\/se\/wp-json\/wp\/v2\/users\/6552"}],"replies":[{"embeddable":true,"href":"https:\/\/senoticias.com.br\/se\/wp-json\/wp\/v2\/comments?post=122883"}],"version-history":[{"count":0,"href":"https:\/\/senoticias.com.br\/se\/wp-json\/wp\/v2\/posts\/122883\/revisions"}],"wp:featuredmedia":[{"embeddable":true,"href":"https:\/\/senoticias.com.br\/se\/wp-json\/wp\/v2\/media\/122884"}],"wp:attachment":[{"href":"https:\/\/senoticias.com.br\/se\/wp-json\/wp\/v2\/media?parent=122883"}],"wp:term":[{"taxonomy":"category","embeddable":true,"href":"https:\/\/senoticias.com.br\/se\/wp-json\/wp\/v2\/categories?post=122883"},{"taxonomy":"post_tag","embeddable":true,"href":"https:\/\/senoticias.com.br\/se\/wp-json\/wp\/v2\/tags?post=122883"}],"curies":[{"name":"wp","href":"https:\/\/api.w.org\/{rel}","templated":true}]}}