{"id":122871,"date":"2020-04-13T11:30:06","date_gmt":"2020-04-13T14:30:06","guid":{"rendered":"https:\/\/senoticias.com.br\/se\/?p=122871"},"modified":"2020-04-13T11:30:06","modified_gmt":"2020-04-13T14:30:06","slug":"luciano-pimentel-solicita-ao-banese-suspensao-da-cobranca-de-emprestimos-aos-aposentados","status":"publish","type":"post","link":"https:\/\/senoticias.com.br\/se\/luciano-pimentel-solicita-ao-banese-suspensao-da-cobranca-de-emprestimos-aos-aposentados\/","title":{"rendered":"Luciano Pimentel solicita ao Banese suspens\u00e3o da cobran\u00e7a de empr\u00e9stimos aos aposentados"},"content":{"rendered":"<p style=\"text-align: justify;\">Com o objetivo de amenizar os efeitos da crise gerada pela propaga\u00e7\u00e3o do novo coronav\u00edrus, o deputado estadual Luciano Pimentel protocolou uma indica\u00e7\u00e3o solicitando que o Banco do Estado (Banese) suspenda, por tr\u00eas meses, a cobran\u00e7a de empr\u00e9stimos consignados realizados por aposentados.<\/p>\n<div id=\"attachment_122872\" style=\"width: 560px\" class=\"wp-caption aligncenter\"><a href=\"https:\/\/senoticias.com.br\/se\/wp-content\/uploads\/2020\/04\/Luciano-Pimentel-e1586788040232.jpg\"><img loading=\"lazy\" decoding=\"async\" aria-describedby=\"caption-attachment-122872\" class=\"size-full wp-image-122872\" src=\"https:\/\/senoticias.com.br\/se\/wp-content\/uploads\/2020\/04\/Luciano-Pimentel-e1586788040232.jpg\" alt=\"\" width=\"550\" height=\"367\" \/><\/a><p id=\"caption-attachment-122872\" class=\"wp-caption-text\">Foto: Assessoria parlamentar<\/p><\/div>\n<p style=\"text-align: justify;\">&#8220;Essa \u00e9 uma a\u00e7\u00e3o emergencial. Uma medida que j\u00e1 foi adotada por institui\u00e7\u00f5es financeiras de abrang\u00eancia nacional, a exemplo do Banco do Brasil, Bradesco, Caixa, Ita\u00fa e Santander, para ajudar a popula\u00e7\u00e3o durante a pandemia de Covid-19&#8221;, destaca Luciano Pimentel.<\/p>\n<p style=\"text-align: justify;\">De acordo com o parlamentar, o avan\u00e7o do novo coronav\u00edrus imp\u00f4s uma situa\u00e7\u00e3o de isolamento social que traz preocupa\u00e7\u00f5es tamb\u00e9m no ponto de vista econ\u00f4mico. Para ele, o cen\u00e1rio exigem de todos uma busca por alternativas que possam desonerar a popula\u00e7\u00e3o e garantir o f\u00f4lego financeiro que as pessoas precisam para enfrentar essa realidade.<\/p>\n<p style=\"text-align: justify;\">&#8220;\u00c9 importante frisar que esses valores ser\u00e3o pagos posteriormente, da forma que o Banese entender como melhor para institui\u00e7\u00e3o. Mas nesse momento, diante de uma crise global, n\u00e3o podemos onerar os aposentados, uma classe sabidamente vulner\u00e1vel&#8221;, considera.<\/p>\n<p style=\"text-align: justify;\">A indica\u00e7\u00e3o ser\u00e1 encaminhada para o Governador do Estado, Belivaldo Chagas, e para o presidente do Banese, Fernando Mota.<\/p>\n<p style=\"text-align: justify;\">\nAssessoria Parlamentar<\/p>\n<p><a href=\"https:\/\/senoticias.com.br\/se\/wp-content\/uploads\/2020\/04\/Logo-novo-fone-1.jpg\"><img loading=\"lazy\" decoding=\"async\" class=\"alignnone size-full wp-image-122816\" src=\"https:\/\/senoticias.com.br\/se\/wp-content\/uploads\/2020\/04\/Logo-novo-fone-1.jpg\" alt=\"\" width=\"599\" height=\"78\" srcset=\"https:\/\/senoticias.com.br\/se\/wp-content\/uploads\/2020\/04\/Logo-novo-fone-1.jpg 599w, https:\/\/senoticias.com.br\/se\/wp-content\/uploads\/2020\/04\/Logo-novo-fone-1-300x39.jpg 300w\" sizes=\"(max-width: 599px) 100vw, 599px\" \/><\/a><\/p>\n<p><em><strong>Acompanhe tamb\u00e9m o SE Not\u00edcias no\u00a0<a href=\"https:\/\/www.instagram.com\/senoticias\/\">Instagram<\/a>,\u00a0<a href=\"https:\/\/twitter.com\/home\">Twitter<\/a>\u00a0e no\u00a0<a href=\"https:\/\/web.facebook.com\/senoticias1\/\">Facebook<\/a><\/strong><\/em><\/p>\n","protected":false},"excerpt":{"rendered":"<p>Com o objetivo de amenizar os efeitos da crise gerada pela propaga\u00e7\u00e3o do novo coronav\u00edrus, o deputado estadual Luciano Pimentel protocolou uma indica\u00e7\u00e3o solicitando que o Banco do Estado (Banese) suspenda, por tr\u00eas meses, a cobran\u00e7a de empr\u00e9stimos consignados realizados por aposentados. &#8220;Essa \u00e9 uma a\u00e7\u00e3o emergencial. Uma medida que j\u00e1 foi adotada por institui\u00e7\u00f5es [&hellip;]<\/p>\n","protected":false},"author":6557,"featured_media":0,"comment_status":"closed","ping_status":"closed","sticky":false,"template":"","format":"standard","meta":{"footnotes":""},"categories":[15,6],"tags":[761,14444,9296,14420,3545],"class_list":{"0":"post-122871","1":"post","2":"type-post","3":"status-publish","4":"format-standard","6":"category-destaques","7":"category-politica","8":"tag-banese","9":"tag-cobranca-de-emprestimo","10":"tag-luciano-pimentel","11":"tag-solicitacao","12":"tag-suspensao"},"_links":{"self":[{"href":"https:\/\/senoticias.com.br\/se\/wp-json\/wp\/v2\/posts\/122871"}],"collection":[{"href":"https:\/\/senoticias.com.br\/se\/wp-json\/wp\/v2\/posts"}],"about":[{"href":"https:\/\/senoticias.com.br\/se\/wp-json\/wp\/v2\/types\/post"}],"author":[{"embeddable":true,"href":"https:\/\/senoticias.com.br\/se\/wp-json\/wp\/v2\/users\/6557"}],"replies":[{"embeddable":true,"href":"https:\/\/senoticias.com.br\/se\/wp-json\/wp\/v2\/comments?post=122871"}],"version-history":[{"count":0,"href":"https:\/\/senoticias.com.br\/se\/wp-json\/wp\/v2\/posts\/122871\/revisions"}],"wp:attachment":[{"href":"https:\/\/senoticias.com.br\/se\/wp-json\/wp\/v2\/media?parent=122871"}],"wp:term":[{"taxonomy":"category","embeddable":true,"href":"https:\/\/senoticias.com.br\/se\/wp-json\/wp\/v2\/categories?post=122871"},{"taxonomy":"post_tag","embeddable":true,"href":"https:\/\/senoticias.com.br\/se\/wp-json\/wp\/v2\/tags?post=122871"}],"curies":[{"name":"wp","href":"https:\/\/api.w.org\/{rel}","templated":true}]}}