{"id":122814,"date":"2020-04-08T17:25:10","date_gmt":"2020-04-08T20:25:10","guid":{"rendered":"https:\/\/senoticias.com.br\/se\/?p=122814"},"modified":"2020-04-08T17:25:10","modified_gmt":"2020-04-08T20:25:10","slug":"mdb-se-reune-nomes-fortes-para-prefeituras-e-camaras-municipais","status":"publish","type":"post","link":"https:\/\/senoticias.com.br\/se\/mdb-se-reune-nomes-fortes-para-prefeituras-e-camaras-municipais\/","title":{"rendered":"MDB\/SE re\u00fane nomes fortes para Prefeituras e C\u00e2maras Municipais"},"content":{"rendered":"<p style=\"text-align: justify;\">Partido triplicou n\u00famero de vereadores durante a janela eleitoral<\/p>\n<p style=\"text-align: justify;\">A for\u00e7a pol\u00edtica do MDB \u00e9 inquestion\u00e1vel. Sempre \u00e0 frente dos grandes momentos da hist\u00f3ria pol\u00edtica do Brasil, o MDB possui penetra\u00e7\u00e3o em todas as camadas sociais e apresenta, hoje, o maior n\u00famero de filiados em um \u00fanico partido.<\/p>\n<div id=\"attachment_122815\" style=\"width: 560px\" class=\"wp-caption aligncenter\"><a href=\"https:\/\/senoticias.com.br\/se\/wp-content\/uploads\/2020\/04\/c12fb21c-9c96-4c87-8933-00be89a25b8e-e1586377232991.jpg\"><img loading=\"lazy\" decoding=\"async\" aria-describedby=\"caption-attachment-122815\" class=\"size-full wp-image-122815\" src=\"https:\/\/senoticias.com.br\/se\/wp-content\/uploads\/2020\/04\/c12fb21c-9c96-4c87-8933-00be89a25b8e-e1586377232991.jpg\" alt=\"\" width=\"550\" height=\"367\" \/><\/a><p id=\"caption-attachment-122815\" class=\"wp-caption-text\">S\u00e9rgio Reis, pr\u00e9-candidato a prefeito de Lagarto e presidente em exerc\u00edcio do MDB Sergipe<\/p><\/div>\n<p style=\"text-align: justify;\">Em Sergipe, o Diret\u00f3rio Estadual do MDB tem apresentado n\u00fameros satisfat\u00f3rios de filia\u00e7\u00f5es nos \u00faltimos meses. Mesmo com os recentes acontecimentos relacionados ao Diret\u00f3rio Municipal de Aracaju, que j\u00e1 est\u00e1 sendo posto em ordem pela gest\u00e3o estadual, o partido segue fortalecido na maior parte dos munic\u00edpios sergipanos.<\/p>\n<p style=\"text-align: justify;\">Em S\u00e3o Crist\u00f3v\u00e3o, o prefeito Marcos Santana articulou a chegada de 10 vereadores ao MDB, mostrando que a sigla segue forte e atuante na grande Aracaju. Em Tobias Barreto, que tamb\u00e9m possui um prefeito do agrupamento, Di\u00f3genes Almeida, o grupo contar\u00e1 com 7 vereadores. Em Lagarto, quatro vereadores fazem parte do grupo e Itabaiana j\u00e1 conta com tr\u00eas vereadores filiados.<\/p>\n<p style=\"text-align: justify;\">Em Est\u00e2ncia n\u00e3o \u00e9 diferente. Sob a tutela do presidente municipal, Filadelfo Alexandre, e a coordena\u00e7\u00e3o do vereador, Doutor Crist\u00f3v\u00e3o, conhecidos nomes do cen\u00e1rio social e pol\u00edtico estanciano fortalecem a estrutura municipal e est\u00e3o prontos, democraticamente, para participarem do pr\u00f3ximo pleito eleitoral. Nas cidades de Laranjeiras e Riachuelo, o agrupamento possui dois vereadores em cada.<\/p>\n<p style=\"text-align: justify;\">Al\u00e9m dessas cidades com representa\u00e7\u00e3o na disputa para as C\u00e2maras Municipais, outros munic\u00edpios contar\u00e3o com pr\u00e9-candidatos do partido.<\/p>\n<p style=\"text-align: justify;\">De acordo com o presidente em exerc\u00edcio do MDB Sergipe, S\u00e9rgio Reis, a expectativa para os pr\u00e9-candidatos \u00e9 muito grande, pois o grupo conseguiu reunir nomes fortes e que tem chances reais de assumir postos nas C\u00e2maras Municipais e nas Prefeituras.<\/p>\n<p style=\"text-align: justify;\">\u201cHoje, com um grupo fortalecido e com chances reais de assumir Prefeituras e cadeiras nas C\u00e2maras Municipais, \u00e9 poss\u00edvel dizer que temos um MDB Sergipe forte. Temos a expectativa de eleger 20 prefeitos em 2020. Se conseguirmos a meta, ser\u00e3o 25% das Prefeituras de Sergipe com gest\u00f5es do nosso partido\u201d, informou.<\/p>\n<p style=\"text-align: justify;\">Para a disputa majorit\u00e1ria, o MDB contar\u00e1 com representantes em diversas cidades, a exemplo de: Lagarto, Tobias Barreto, S\u00e3o Crist\u00f3v\u00e3o, Laranjeiras, Pinh\u00e3o, Umba\u00faba, Indiaroba, Nossa Senhora Aparecida, Pirambu, Propri\u00e1, Maruim, Itabaiana, Macambira, S\u00e3o Francisco, Riachuelo e Pedrinhas. Assim, se a expectativa se concretizar diante dos fortes nomes nos munic\u00edpios, o MDB poder\u00e1 contar com o maior n\u00famero de Prefeituras em Sergipe e consolidar a sua for\u00e7a no interior do estado.<\/p>\n<p>Por Assessoria Pol\u00edtica<\/p>\n<p><a href=\"https:\/\/senoticias.com.br\/se\/wp-content\/uploads\/2020\/04\/Logo-novo-fone-1.jpg\"><img loading=\"lazy\" decoding=\"async\" class=\"alignnone size-full wp-image-122816\" src=\"https:\/\/senoticias.com.br\/se\/wp-content\/uploads\/2020\/04\/Logo-novo-fone-1.jpg\" alt=\"\" width=\"599\" height=\"78\" srcset=\"https:\/\/senoticias.com.br\/se\/wp-content\/uploads\/2020\/04\/Logo-novo-fone-1.jpg 599w, https:\/\/senoticias.com.br\/se\/wp-content\/uploads\/2020\/04\/Logo-novo-fone-1-300x39.jpg 300w\" sizes=\"(max-width: 599px) 100vw, 599px\" \/><\/a><br \/>\n<em><strong>Acompanhe tamb\u00e9m o SE Not\u00edcias no\u00a0<a href=\"https:\/\/www.instagram.com\/senoticias\/\">Instagram<\/a>,\u00a0<a href=\"https:\/\/twitter.com\/home\">Twitter<\/a>\u00a0e no\u00a0<a href=\"https:\/\/web.facebook.com\/senoticias1\/\">Facebook<\/a><\/strong><\/em><\/p>\n","protected":false},"excerpt":{"rendered":"<p>Partido triplicou n\u00famero de vereadores durante a janela eleitoral A for\u00e7a pol\u00edtica do MDB \u00e9 inquestion\u00e1vel. Sempre \u00e0 frente dos grandes momentos da hist\u00f3ria pol\u00edtica do Brasil, o MDB possui penetra\u00e7\u00e3o em todas as camadas sociais e apresenta, hoje, o maior n\u00famero de filiados em um \u00fanico partido. Em Sergipe, o Diret\u00f3rio Estadual do MDB [&hellip;]<\/p>\n","protected":false},"author":6557,"featured_media":0,"comment_status":"closed","ping_status":"closed","sticky":false,"template":"","format":"standard","meta":{"footnotes":""},"categories":[15,6],"tags":[14415,14416,14417],"class_list":{"0":"post-122814","1":"post","2":"type-post","3":"status-publish","4":"format-standard","6":"category-destaques","7":"category-politica","8":"tag-mdb-se","9":"tag-nomes-fortes","10":"tag-prefeituras-e-camaras-municipais"},"_links":{"self":[{"href":"https:\/\/senoticias.com.br\/se\/wp-json\/wp\/v2\/posts\/122814"}],"collection":[{"href":"https:\/\/senoticias.com.br\/se\/wp-json\/wp\/v2\/posts"}],"about":[{"href":"https:\/\/senoticias.com.br\/se\/wp-json\/wp\/v2\/types\/post"}],"author":[{"embeddable":true,"href":"https:\/\/senoticias.com.br\/se\/wp-json\/wp\/v2\/users\/6557"}],"replies":[{"embeddable":true,"href":"https:\/\/senoticias.com.br\/se\/wp-json\/wp\/v2\/comments?post=122814"}],"version-history":[{"count":0,"href":"https:\/\/senoticias.com.br\/se\/wp-json\/wp\/v2\/posts\/122814\/revisions"}],"wp:attachment":[{"href":"https:\/\/senoticias.com.br\/se\/wp-json\/wp\/v2\/media?parent=122814"}],"wp:term":[{"taxonomy":"category","embeddable":true,"href":"https:\/\/senoticias.com.br\/se\/wp-json\/wp\/v2\/categories?post=122814"},{"taxonomy":"post_tag","embeddable":true,"href":"https:\/\/senoticias.com.br\/se\/wp-json\/wp\/v2\/tags?post=122814"}],"curies":[{"name":"wp","href":"https:\/\/api.w.org\/{rel}","templated":true}]}}