{"id":122762,"date":"2020-04-04T19:42:01","date_gmt":"2020-04-04T22:42:01","guid":{"rendered":"https:\/\/senoticias.com.br\/se\/?p=122762"},"modified":"2020-04-04T19:42:01","modified_gmt":"2020-04-04T22:42:01","slug":"sergipe-registra-terceiro-obito-e-cinco-novos-casos-de-coronavirus","status":"publish","type":"post","link":"https:\/\/senoticias.com.br\/se\/sergipe-registra-terceiro-obito-e-cinco-novos-casos-de-coronavirus\/","title":{"rendered":"Sergipe registra terceiro \u00f3bito e cinco novos casos de Coronav\u00edrus"},"content":{"rendered":"<p style=\"text-align: justify;\">O resultado do exame que detecta coronav\u00edrus deu positivo para a idosa de 90 anos que faleceu na \u00faltima sexta-feira, 4, ao dar entrada no Servi\u00e7o de Pronto Atendimento do Ipesa\u00fade com dificuldades para respirar. Com este, sobe para tr\u00eas o n\u00famero de \u00f3bitos em Sergipe. Ela \u00e9 a m\u00e3e da mulher de 61 anos que faleceu na quinta-feira por Covid-19.<\/p>\n<div id=\"attachment_122763\" style=\"width: 609px\" class=\"wp-caption aligncenter\"><a href=\"https:\/\/senoticias.com.br\/se\/wp-content\/uploads\/2020\/04\/covid19-senoticias-e1586039915508.jpg\"><img loading=\"lazy\" decoding=\"async\" aria-describedby=\"caption-attachment-122763\" class=\"size-full wp-image-122763\" src=\"https:\/\/senoticias.com.br\/se\/wp-content\/uploads\/2020\/04\/covid19-senoticias-e1586039915508.jpg\" alt=\"\" width=\"599\" height=\"599\" \/><\/a><p id=\"caption-attachment-122763\" class=\"wp-caption-text\">Sergipe registra terceiro \u00f3bito (foto arte: SES)<\/p><\/div>\n<p style=\"text-align: justify;\">Com o teste positivo dela, s\u00e3o cinco novos casos confirmados: duas mulheres, de 34 e 39 anos, e uma crian\u00e7a de 3 anos (todas pessoas pr\u00f3ximas ou parentes de casos que vieram a \u00f3bito), e uma mulher de 31 anos com quadro de S\u00edndrome Respirat\u00f3ria Aguda Grave (SRAG). Todas est\u00e3o em isolamento domiciliar.<\/p>\n<p style=\"text-align: justify;\"><strong>Panorama atual<\/strong><\/p>\n<p><strong>Receberam Alta: 14<\/strong><\/p>\n<p><strong>\u00d3bitos: 03<\/strong><\/p>\n<p>Confirmados: 32<br \/>\nAracaju: 28<br \/>\nPropri\u00e1: 02<br \/>\nNossa Senhora da Gl\u00f3ria: 01<br \/>\nCapela: 01<\/p>\n<p>&nbsp;<\/p>\n<p><a href=\"https:\/\/senoticias.com.br\/se\/wp-content\/uploads\/2020\/03\/Logo-novo-fone-1.jpg\"><img loading=\"lazy\" decoding=\"async\" class=\"aligncenter size-full wp-image-122637\" src=\"https:\/\/senoticias.com.br\/se\/wp-content\/uploads\/2020\/03\/Logo-novo-fone-1.jpg\" alt=\"\" width=\"599\" height=\"78\" srcset=\"https:\/\/senoticias.com.br\/se\/wp-content\/uploads\/2020\/03\/Logo-novo-fone-1.jpg 599w, https:\/\/senoticias.com.br\/se\/wp-content\/uploads\/2020\/03\/Logo-novo-fone-1-300x39.jpg 300w\" sizes=\"(max-width: 599px) 100vw, 599px\" \/><\/a><\/p>\n<p>&nbsp;<\/p>\n<p><em><strong>Acompanhe tamb\u00e9m o SE Not\u00edcias no\u00a0<a href=\"https:\/\/www.instagram.com\/senoticias\/\">Instagram<\/a>,\u00a0<a href=\"https:\/\/twitter.com\/home\">Twitter<\/a>\u00a0e no\u00a0<a href=\"https:\/\/web.facebook.com\/senoticias1\/\">Facebook<\/a><\/strong><\/em><\/p>\n<p>&nbsp;<\/p>\n<p><em>Informa\u00e7\u00f5es da Secretaria de Estado da Sa\u00fade<\/em><\/p>\n","protected":false},"excerpt":{"rendered":"<p>O resultado do exame que detecta coronav\u00edrus deu positivo para a idosa de 90 anos que faleceu na \u00faltima sexta-feira, 4, ao dar entrada no Servi\u00e7o de Pronto Atendimento do Ipesa\u00fade com dificuldades para respirar. Com este, sobe para tr\u00eas o n\u00famero de \u00f3bitos em Sergipe. Ela \u00e9 a m\u00e3e da mulher de 61 anos [&hellip;]<\/p>\n","protected":false},"author":6552,"featured_media":122763,"comment_status":"closed","ping_status":"closed","sticky":false,"template":"","format":"standard","meta":{"footnotes":""},"categories":[15,6],"tags":[14279,14389,448,14390],"class_list":{"0":"post-122762","1":"post","2":"type-post","3":"status-publish","4":"format-standard","5":"has-post-thumbnail","7":"category-destaques","8":"category-politica","9":"tag-covid19","10":"tag-cronavirus","11":"tag-governo-de-sergipe","12":"tag-tres-obitos-em-sergipe"},"_links":{"self":[{"href":"https:\/\/senoticias.com.br\/se\/wp-json\/wp\/v2\/posts\/122762"}],"collection":[{"href":"https:\/\/senoticias.com.br\/se\/wp-json\/wp\/v2\/posts"}],"about":[{"href":"https:\/\/senoticias.com.br\/se\/wp-json\/wp\/v2\/types\/post"}],"author":[{"embeddable":true,"href":"https:\/\/senoticias.com.br\/se\/wp-json\/wp\/v2\/users\/6552"}],"replies":[{"embeddable":true,"href":"https:\/\/senoticias.com.br\/se\/wp-json\/wp\/v2\/comments?post=122762"}],"version-history":[{"count":0,"href":"https:\/\/senoticias.com.br\/se\/wp-json\/wp\/v2\/posts\/122762\/revisions"}],"wp:featuredmedia":[{"embeddable":true,"href":"https:\/\/senoticias.com.br\/se\/wp-json\/wp\/v2\/media\/122763"}],"wp:attachment":[{"href":"https:\/\/senoticias.com.br\/se\/wp-json\/wp\/v2\/media?parent=122762"}],"wp:term":[{"taxonomy":"category","embeddable":true,"href":"https:\/\/senoticias.com.br\/se\/wp-json\/wp\/v2\/categories?post=122762"},{"taxonomy":"post_tag","embeddable":true,"href":"https:\/\/senoticias.com.br\/se\/wp-json\/wp\/v2\/tags?post=122762"}],"curies":[{"name":"wp","href":"https:\/\/api.w.org\/{rel}","templated":true}]}}