{"id":122759,"date":"2020-04-04T15:40:47","date_gmt":"2020-04-04T18:40:47","guid":{"rendered":"https:\/\/senoticias.com.br\/se\/?p=122759"},"modified":"2020-04-04T15:47:56","modified_gmt":"2020-04-04T18:47:56","slug":"sargento-da-policia-militar-de-sergipe-testa-positivo-para-o-coronavirus","status":"publish","type":"post","link":"https:\/\/senoticias.com.br\/se\/sargento-da-policia-militar-de-sergipe-testa-positivo-para-o-coronavirus\/","title":{"rendered":"Sargento da Pol\u00edcia Militar de Sergipe testa positivo para o Coronav\u00edrus"},"content":{"rendered":"<p style=\"text-align: justify;\">Neste s\u00e1bado, 04, a Pol\u00edcia Militar de Sergipe confirmou a informa\u00e7\u00e3o de que um policial militar testou positivo para o Covid-19 e est\u00e1 internado. Segundo a nota o policial apresentou dores nos rins e febre. O m\u00e9dico que atendeu verificou que ele est\u00e1 no grupo de risco, por ter problemas renais e foi submetido ao exame.<\/p>\n<div id=\"attachment_102822\" style=\"width: 609px\" class=\"wp-caption aligncenter\"><a href=\"https:\/\/senoticias.com.br\/se\/wp-content\/uploads\/2017\/05\/Policia-Militar-SENOTICIAS-e1493761769584.jpeg\"><img loading=\"lazy\" decoding=\"async\" aria-describedby=\"caption-attachment-102822\" class=\"size-full wp-image-102822\" src=\"https:\/\/senoticias.com.br\/se\/wp-content\/uploads\/2017\/05\/Policia-Militar-SENOTICIAS-e1493761769584.jpeg\" alt=\"\" width=\"599\" height=\"397\" \/><\/a><p id=\"caption-attachment-102822\" class=\"wp-caption-text\">Diagnosticado com a COVID-19, o militar foi isolado e recebe tratamento m\u00e9dico (Foto: PM\/SE)<\/p><\/div>\n<p style=\"text-align: justify;\">O comando da Pol\u00edcia Militar do Estado de Sergipe vem a p\u00fablico confirmar que um policial militar encontra-se hospitalizado, pois apresentou dores nos rins e febre. O m\u00e9dico que atendeu verificou que ele est\u00e1 no grupo de risco, haja vista ter problemas renais. O mesmo foi submetido ao exame, o qual deu resultado positivo para o<strong> COVID-19<\/strong>.<\/p>\n<p style=\"text-align: justify;\">O policial militar, <strong>que n\u00e3o trabalha no servi\u00e7o de rua<\/strong>, est\u00e1 isolado com estado cl\u00ednico est\u00e1vel, n\u00e3o apresentando nenhuma altera\u00e7\u00e3o. O oficial m\u00e9dico da Pol\u00edcia Militar, capit\u00e3o Lenyck, esteve no hospital Primavera para fazer o acompanhamento e dar todo suporte ao nosso companheiro.<\/p>\n<p style=\"text-align: justify;\">O comando da Pol\u00edcia Militar ap\u00f3s consulta ao comit\u00ea m\u00e9dico, neste primeiro momento determinou medidas \u00e0 serem adotadas para que todas as equipes que tiveram contato com o militar infectado fossem afastados das suas fun\u00e7\u00f5es, a fim de cumprir a quarentena, os quais ser\u00e3o devidamente assistidos pelo comit\u00ea m\u00e9dico da Pol\u00edcia Militar. Refor\u00e7amos a todos a import\u00e2ncia da higieniza\u00e7\u00e3o principalmente das m\u00e3os e prote\u00e7\u00e3o do rosto, al\u00e9m do uso dos EPI\u2019 s que s\u00e3o distribu\u00eddos pela Corpora\u00e7\u00e3o!<\/p>\n<p>&nbsp;<\/p>\n<p><a href=\"https:\/\/senoticias.com.br\/se\/wp-content\/uploads\/2020\/03\/Logo-novo-fone-1.jpg\"><img loading=\"lazy\" decoding=\"async\" class=\"aligncenter size-full wp-image-122637\" src=\"https:\/\/senoticias.com.br\/se\/wp-content\/uploads\/2020\/03\/Logo-novo-fone-1.jpg\" alt=\"\" width=\"599\" height=\"78\" srcset=\"https:\/\/senoticias.com.br\/se\/wp-content\/uploads\/2020\/03\/Logo-novo-fone-1.jpg 599w, https:\/\/senoticias.com.br\/se\/wp-content\/uploads\/2020\/03\/Logo-novo-fone-1-300x39.jpg 300w\" sizes=\"(max-width: 599px) 100vw, 599px\" \/><\/a><\/p>\n<p>&nbsp;<\/p>\n<p><em><strong>Acompanhe tamb\u00e9m o SE Not\u00edcias no\u00a0<a href=\"https:\/\/www.instagram.com\/senoticias\/\">Instagram<\/a>,\u00a0<a href=\"https:\/\/twitter.com\/home\">Twitter<\/a>\u00a0e no\u00a0<a href=\"https:\/\/web.facebook.com\/senoticias1\/\">Facebook<\/a><\/strong><\/em><\/p>\n<p>Mat\u00e9ria extra\u00edda do site da Pol\u00edcia Militar de Sergipe<\/p>\n","protected":false},"excerpt":{"rendered":"<p>Neste s\u00e1bado, 04, a Pol\u00edcia Militar de Sergipe confirmou a informa\u00e7\u00e3o de que um policial militar testou positivo para o Covid-19 e est\u00e1 internado. Segundo a nota o policial apresentou dores nos rins e febre. O m\u00e9dico que atendeu verificou que ele est\u00e1 no grupo de risco, por ter problemas renais e foi submetido ao [&hellip;]<\/p>\n","protected":false},"author":6552,"featured_media":102822,"comment_status":"closed","ping_status":"closed","sticky":false,"template":"","format":"standard","meta":{"footnotes":""},"categories":[15,7,1],"tags":[14279,86,14388,14387],"class_list":{"0":"post-122759","1":"post","2":"type-post","3":"status-publish","4":"format-standard","5":"has-post-thumbnail","7":"category-destaques","8":"category-policia","9":"category-sem-categoria","10":"tag-covid19","11":"tag-policia-militar","12":"tag-sargento-da-pmse","13":"tag-sargento-da-policia-militar-com-coronavirus"},"_links":{"self":[{"href":"https:\/\/senoticias.com.br\/se\/wp-json\/wp\/v2\/posts\/122759"}],"collection":[{"href":"https:\/\/senoticias.com.br\/se\/wp-json\/wp\/v2\/posts"}],"about":[{"href":"https:\/\/senoticias.com.br\/se\/wp-json\/wp\/v2\/types\/post"}],"author":[{"embeddable":true,"href":"https:\/\/senoticias.com.br\/se\/wp-json\/wp\/v2\/users\/6552"}],"replies":[{"embeddable":true,"href":"https:\/\/senoticias.com.br\/se\/wp-json\/wp\/v2\/comments?post=122759"}],"version-history":[{"count":0,"href":"https:\/\/senoticias.com.br\/se\/wp-json\/wp\/v2\/posts\/122759\/revisions"}],"wp:featuredmedia":[{"embeddable":true,"href":"https:\/\/senoticias.com.br\/se\/wp-json\/wp\/v2\/media\/102822"}],"wp:attachment":[{"href":"https:\/\/senoticias.com.br\/se\/wp-json\/wp\/v2\/media?parent=122759"}],"wp:term":[{"taxonomy":"category","embeddable":true,"href":"https:\/\/senoticias.com.br\/se\/wp-json\/wp\/v2\/categories?post=122759"},{"taxonomy":"post_tag","embeddable":true,"href":"https:\/\/senoticias.com.br\/se\/wp-json\/wp\/v2\/tags?post=122759"}],"curies":[{"name":"wp","href":"https:\/\/api.w.org\/{rel}","templated":true}]}}